{"id":16819,"date":"2020-05-03T10:24:55","date_gmt":"2020-05-03T10:24:55","guid":{"rendered":"https:\/\/vr-room.ch\/?p=16819"},"modified":"2020-04-23T19:43:46","modified_gmt":"2020-04-23T19:43:46","slug":"traeume-jetzt-virtuell-reise-spaeter","status":"publish","type":"post","link":"https:\/\/vr-room.ch\/fr\/2020\/05\/03\/traeume-jetzt-virtuell-reise-spaeter\/","title":{"rendered":"R\u00eavez maintenant (virtuellement) - voyagez plus tard !"},"content":{"rendered":"<h3 id=\"leider-ist-es-zurzeit-nicht-moeglich-vom-ausland-ohne-einen-richtig-trifftigen-grund-in-die-schweiz-zu-reisen-es-ist-aber-erlaubt-zu-traeumen-unter-dem-motto-dream-now-travel-la\" class=\"untertitel\">Malheureusement, il n'est actuellement pas possible de voyager de l'\u00e9tranger vers la Suisse sans une raison vraiment valable. Mais il est permis de r\u00eaver ! Sous le slogan \"Dream now - travel later\", Suisse Tourisme pr\u00e9sente dans une vid\u00e9o des voyages virtuels en Suisse.<\/h3>\n<p><!--more--><\/p>\n<p class=\"text\">Des lacs bord\u00e9s de palmiers aux paysages glaciaires grandioses, des villages m\u00e9di\u00e9vaux aux villes tr\u00e9pidantes - le Grand Tour de Suisse est synonyme d'une incroyable diversit\u00e9 de curiosit\u00e9s. Et pour des moments forts qui n'existent pas ailleurs avec une telle densit\u00e9.<\/p>\n<p class=\"text\">Sur <a href=\"http:\/\/www.myswitzerland.com\/grandtour\" target=\"_blank\" rel=\"noopener noreferrer\">myswitzerland.com\/grandtour<\/a> les conducteurs et copilotes peuvent \"d\u00e9couvrir\" la Suisse lors d'un road trip virtuel. La bande-son correspondante est disponible sur Spotify sous <a href=\"https:\/\/www.ots.at\/redirect\/spotify\" target=\"_blank\" rel=\"noopener noreferrer\">spotify.com<\/a>. Et si vous pr\u00e9f\u00e9rez vous asseoir confortablement et laisser les panoramas et les curiosit\u00e9s d\u00e9filer devant vous, le Grand Train Tour of Switzerland est fait pour vous : <a href=\"https:\/\/grandtraintour.myswitzerland.com\/\" target=\"_blank\" rel=\"noopener noreferrer\">grandtraintour.myswitzerland.com<\/a>.<\/p>\n<p class=\"text\">Les amateurs de vid\u00e9os \u00e0 360\u00b0 pourront d\u00e9couvrir les plus belles lignes de trains panoramiques sur : <a href=\"https:\/\/www.ots.at\/redirect\/youtubeplaylist\" target=\"_blank\" rel=\"noopener noreferrer\">youtube.com<\/a> de la r\u00e9gion. Le canal Youtube de World Travel VR propose \u00e9galement un grand choix de prises de vue en r\u00e9alit\u00e9 virtuelle de la Suisse : <a href=\"https:\/\/www.ots.at\/redirect\/youtubeplay\" target=\"_blank\" rel=\"noopener noreferrer\">youtube.com.<\/a> Cela permet de s'immerger vraiment dans la Suisse.<\/p>\n<p>Peut-\u00eatre que Monsieur et Madame Suisse y prendront go\u00fbt et resteront cette ann\u00e9e (m\u00eame si c'est par obligation) en Suisse.<\/p>\n<p>Source : Myswitzerland<\/p>\n<p>&nbsp;<\/p>","protected":false},"excerpt":{"rendered":"Malheureusement, il n'est actuellement pas possible de voyager de l'\u00e9tranger vers la Suisse sans raison valable....","protected":false},"author":12,"featured_media":16825,"comment_status":"open","ping_status":"open","sticky":false,"template":"","format":"standard","meta":{"footnotes":""},"categories":[68],"tags":[],"class_list":{"0":"post-16819","1":"post","2":"type-post","3":"status-publish","4":"format-standard","5":"has-post-thumbnail","7":"category-virtual-reality-schweiz","8":"cs-entry","9":"cs-video-wrap"},"yoast_head":"<!-- This site is optimized with the Yoast SEO plugin v27.4 - https:\/\/yoast.com\/product\/yoast-seo-wordpress\/ -->\n<title>Tr\u00e4ume jetzt (virtuell) \u2013 reise sp\u00e4ter! - Schweizer Virtual Reality News<\/title>\n<meta name=\"robots\" content=\"index, follow, max-snippet:-1, max-image-preview:large, max-video-preview:-1\" \/>\n<link rel=\"canonical\" href=\"http:\/\/vr-room.ch\/fr\/2020\/05\/03\/traeume-jetzt-virtuell-reise-spaeter\/\" \/>\n<meta property=\"og:locale\" content=\"fr_FR\" \/>\n<meta property=\"og:type\" content=\"article\" \/>\n<meta property=\"og:title\" content=\"Tr\u00e4ume jetzt (virtuell) \u2013 reise sp\u00e4ter! - Schweizer Virtual Reality News\" \/>\n<meta property=\"og:description\" content=\"Leider ist es zurzeit nicht m\u00f6glich vom Ausland ohne einen richtig trifftigen Grund, in die Schweiz zu reisen.&hellip;\" \/>\n<meta property=\"og:url\" content=\"http:\/\/vr-room.ch\/fr\/2020\/05\/03\/traeume-jetzt-virtuell-reise-spaeter\/\" \/>\n<meta property=\"og:site_name\" content=\"Schweizer Virtual Reality News\" \/>\n<meta property=\"article:published_time\" content=\"2020-05-03T10:24:55+00:00\" \/>\n<meta property=\"og:image\" content=\"https:\/\/vr-room.ch\/wp-content\/uploads\/2020\/05\/TPB_20200423_TPB0007-002.jpg\" \/>\n\t<meta property=\"og:image:width\" content=\"1024\" \/>\n\t<meta property=\"og:image:height\" content=\"683\" \/>\n\t<meta property=\"og:image:type\" content=\"image\/jpeg\" \/>\n<meta name=\"author\" content=\"Nathalie\" \/>\n<meta name=\"twitter:card\" content=\"summary_large_image\" \/>\n<meta name=\"twitter:label1\" content=\"\u00c9crit par\" \/>\n\t<meta name=\"twitter:data1\" content=\"Nathalie\" \/>\n\t<meta name=\"twitter:label2\" content=\"Dur\u00e9e de lecture estim\u00e9e\" \/>\n\t<meta name=\"twitter:data2\" content=\"1 minute\" \/>\n<script type=\"application\/ld+json\" class=\"yoast-schema-graph\">{\"@context\":\"https:\\\/\\\/schema.org\",\"@graph\":[{\"@type\":\"Article\",\"@id\":\"http:\\\/\\\/vr-room.ch\\\/fr\\\/2020\\\/05\\\/03\\\/traeume-jetzt-virtuell-reise-spaeter\\\/#article\",\"isPartOf\":{\"@id\":\"http:\\\/\\\/vr-room.ch\\\/fr\\\/2020\\\/05\\\/03\\\/traeume-jetzt-virtuell-reise-spaeter\\\/\"},\"author\":{\"name\":\"Nathalie\",\"@id\":\"http:\\\/\\\/vr-room.ch\\\/en\\\/#\\\/schema\\\/person\\\/1a03b3a6ced429fb4831f60fa2b37599\"},\"headline\":\"Tr\u00e4ume jetzt (virtuell) \u2013 reise sp\u00e4ter!\",\"datePublished\":\"2020-05-03T10:24:55+00:00\",\"mainEntityOfPage\":{\"@id\":\"http:\\\/\\\/vr-room.ch\\\/fr\\\/2020\\\/05\\\/03\\\/traeume-jetzt-virtuell-reise-spaeter\\\/\"},\"wordCount\":218,\"commentCount\":0,\"image\":{\"@id\":\"http:\\\/\\\/vr-room.ch\\\/fr\\\/2020\\\/05\\\/03\\\/traeume-jetzt-virtuell-reise-spaeter\\\/#primaryimage\"},\"thumbnailUrl\":\"https:\\\/\\\/vr-room.ch\\\/wp-content\\\/uploads\\\/2020\\\/05\\\/TPB_20200423_TPB0007-002.jpg\",\"articleSection\":[\"Schweiz\"],\"inLanguage\":\"fr-FR\",\"potentialAction\":[{\"@type\":\"CommentAction\",\"name\":\"Comment\",\"target\":[\"http:\\\/\\\/vr-room.ch\\\/fr\\\/2020\\\/05\\\/03\\\/traeume-jetzt-virtuell-reise-spaeter\\\/#respond\"]}]},{\"@type\":\"WebPage\",\"@id\":\"http:\\\/\\\/vr-room.ch\\\/fr\\\/2020\\\/05\\\/03\\\/traeume-jetzt-virtuell-reise-spaeter\\\/\",\"url\":\"http:\\\/\\\/vr-room.ch\\\/fr\\\/2020\\\/05\\\/03\\\/traeume-jetzt-virtuell-reise-spaeter\\\/\",\"name\":\"Tr\u00e4ume jetzt (virtuell) \u2013 reise sp\u00e4ter! - Schweizer Virtual Reality News\",\"isPartOf\":{\"@id\":\"http:\\\/\\\/vr-room.ch\\\/en\\\/#website\"},\"primaryImageOfPage\":{\"@id\":\"http:\\\/\\\/vr-room.ch\\\/fr\\\/2020\\\/05\\\/03\\\/traeume-jetzt-virtuell-reise-spaeter\\\/#primaryimage\"},\"image\":{\"@id\":\"http:\\\/\\\/vr-room.ch\\\/fr\\\/2020\\\/05\\\/03\\\/traeume-jetzt-virtuell-reise-spaeter\\\/#primaryimage\"},\"thumbnailUrl\":\"https:\\\/\\\/vr-room.ch\\\/wp-content\\\/uploads\\\/2020\\\/05\\\/TPB_20200423_TPB0007-002.jpg\",\"datePublished\":\"2020-05-03T10:24:55+00:00\",\"author\":{\"@id\":\"http:\\\/\\\/vr-room.ch\\\/en\\\/#\\\/schema\\\/person\\\/1a03b3a6ced429fb4831f60fa2b37599\"},\"breadcrumb\":{\"@id\":\"http:\\\/\\\/vr-room.ch\\\/fr\\\/2020\\\/05\\\/03\\\/traeume-jetzt-virtuell-reise-spaeter\\\/#breadcrumb\"},\"inLanguage\":\"fr-FR\",\"potentialAction\":[{\"@type\":\"ReadAction\",\"target\":[\"http:\\\/\\\/vr-room.ch\\\/fr\\\/2020\\\/05\\\/03\\\/traeume-jetzt-virtuell-reise-spaeter\\\/\"]}]},{\"@type\":\"ImageObject\",\"inLanguage\":\"fr-FR\",\"@id\":\"http:\\\/\\\/vr-room.ch\\\/fr\\\/2020\\\/05\\\/03\\\/traeume-jetzt-virtuell-reise-spaeter\\\/#primaryimage\",\"url\":\"https:\\\/\\\/vr-room.ch\\\/wp-content\\\/uploads\\\/2020\\\/05\\\/TPB_20200423_TPB0007-002.jpg\",\"contentUrl\":\"https:\\\/\\\/vr-room.ch\\\/wp-content\\\/uploads\\\/2020\\\/05\\\/TPB_20200423_TPB0007-002.jpg\",\"width\":1024,\"height\":683,\"caption\":\"BILD zu OTS - Grand Train Tour of Switzerland Keyvisual \\\/ Luzern-Interlaken Express beim Brienzersee, Berner Oberland\"},{\"@type\":\"BreadcrumbList\",\"@id\":\"http:\\\/\\\/vr-room.ch\\\/fr\\\/2020\\\/05\\\/03\\\/traeume-jetzt-virtuell-reise-spaeter\\\/#breadcrumb\",\"itemListElement\":[{\"@type\":\"ListItem\",\"position\":1,\"name\":\"Startseite\",\"item\":\"http:\\\/\\\/vr-room.ch\\\/en\\\/\"},{\"@type\":\"ListItem\",\"position\":2,\"name\":\"Tr\u00e4ume jetzt (virtuell) \u2013 reise sp\u00e4ter!\"}]},{\"@type\":\"WebSite\",\"@id\":\"http:\\\/\\\/vr-room.ch\\\/en\\\/#website\",\"url\":\"http:\\\/\\\/vr-room.ch\\\/en\\\/\",\"name\":\"Schweizer Virtual Reality News\",\"description\":\"\",\"potentialAction\":[{\"@type\":\"SearchAction\",\"target\":{\"@type\":\"EntryPoint\",\"urlTemplate\":\"http:\\\/\\\/vr-room.ch\\\/en\\\/?s={search_term_string}\"},\"query-input\":{\"@type\":\"PropertyValueSpecification\",\"valueRequired\":true,\"valueName\":\"search_term_string\"}}],\"inLanguage\":\"fr-FR\"},{\"@type\":\"Person\",\"@id\":\"http:\\\/\\\/vr-room.ch\\\/en\\\/#\\\/schema\\\/person\\\/1a03b3a6ced429fb4831f60fa2b37599\",\"name\":\"Nathalie\",\"image\":{\"@type\":\"ImageObject\",\"inLanguage\":\"fr-FR\",\"@id\":\"https:\\\/\\\/vr-room.ch\\\/wp-content\\\/uploads\\\/2017\\\/01\\\/avatar_user_12_1484159890-96x96.jpg\",\"url\":\"https:\\\/\\\/vr-room.ch\\\/wp-content\\\/uploads\\\/2017\\\/01\\\/avatar_user_12_1484159890-96x96.jpg\",\"contentUrl\":\"https:\\\/\\\/vr-room.ch\\\/wp-content\\\/uploads\\\/2017\\\/01\\\/avatar_user_12_1484159890-96x96.jpg\",\"caption\":\"Nathalie\"},\"url\":\"https:\\\/\\\/vr-room.ch\\\/fr\\\/author\\\/nathalie\\\/\"}]}<\/script>\n<!-- \/ Yoast SEO plugin. -->","yoast_head_json":{"title":"Tr\u00e4ume jetzt (virtuell) \u2013 reise sp\u00e4ter! - Schweizer Virtual Reality News","robots":{"index":"index","follow":"follow","max-snippet":"max-snippet:-1","max-image-preview":"max-image-preview:large","max-video-preview":"max-video-preview:-1"},"canonical":"http:\/\/vr-room.ch\/fr\/2020\/05\/03\/traeume-jetzt-virtuell-reise-spaeter\/","og_locale":"fr_FR","og_type":"article","og_title":"Tr\u00e4ume jetzt (virtuell) \u2013 reise sp\u00e4ter! - Schweizer Virtual Reality News","og_description":"Leider ist es zurzeit nicht m\u00f6glich vom Ausland ohne einen richtig trifftigen Grund, in die Schweiz zu reisen.&hellip;","og_url":"http:\/\/vr-room.ch\/fr\/2020\/05\/03\/traeume-jetzt-virtuell-reise-spaeter\/","og_site_name":"Schweizer Virtual Reality News","article_published_time":"2020-05-03T10:24:55+00:00","og_image":[{"width":1024,"height":683,"url":"https:\/\/vr-room.ch\/wp-content\/uploads\/2020\/05\/TPB_20200423_TPB0007-002.jpg","type":"image\/jpeg"}],"author":"Nathalie","twitter_card":"summary_large_image","twitter_misc":{"\u00c9crit par":"Nathalie","Dur\u00e9e de lecture estim\u00e9e":"1 minute"},"schema":{"@context":"https:\/\/schema.org","@graph":[{"@type":"Article","@id":"http:\/\/vr-room.ch\/fr\/2020\/05\/03\/traeume-jetzt-virtuell-reise-spaeter\/#article","isPartOf":{"@id":"http:\/\/vr-room.ch\/fr\/2020\/05\/03\/traeume-jetzt-virtuell-reise-spaeter\/"},"author":{"name":"Nathalie","@id":"http:\/\/vr-room.ch\/en\/#\/schema\/person\/1a03b3a6ced429fb4831f60fa2b37599"},"headline":"Tr\u00e4ume jetzt (virtuell) \u2013 reise sp\u00e4ter!","datePublished":"2020-05-03T10:24:55+00:00","mainEntityOfPage":{"@id":"http:\/\/vr-room.ch\/fr\/2020\/05\/03\/traeume-jetzt-virtuell-reise-spaeter\/"},"wordCount":218,"commentCount":0,"image":{"@id":"http:\/\/vr-room.ch\/fr\/2020\/05\/03\/traeume-jetzt-virtuell-reise-spaeter\/#primaryimage"},"thumbnailUrl":"https:\/\/vr-room.ch\/wp-content\/uploads\/2020\/05\/TPB_20200423_TPB0007-002.jpg","articleSection":["Schweiz"],"inLanguage":"fr-FR","potentialAction":[{"@type":"CommentAction","name":"Comment","target":["http:\/\/vr-room.ch\/fr\/2020\/05\/03\/traeume-jetzt-virtuell-reise-spaeter\/#respond"]}]},{"@type":"WebPage","@id":"http:\/\/vr-room.ch\/fr\/2020\/05\/03\/traeume-jetzt-virtuell-reise-spaeter\/","url":"http:\/\/vr-room.ch\/fr\/2020\/05\/03\/traeume-jetzt-virtuell-reise-spaeter\/","name":"Tr\u00e4ume jetzt (virtuell) \u2013 reise sp\u00e4ter! - Schweizer Virtual Reality News","isPartOf":{"@id":"http:\/\/vr-room.ch\/en\/#website"},"primaryImageOfPage":{"@id":"http:\/\/vr-room.ch\/fr\/2020\/05\/03\/traeume-jetzt-virtuell-reise-spaeter\/#primaryimage"},"image":{"@id":"http:\/\/vr-room.ch\/fr\/2020\/05\/03\/traeume-jetzt-virtuell-reise-spaeter\/#primaryimage"},"thumbnailUrl":"https:\/\/vr-room.ch\/wp-content\/uploads\/2020\/05\/TPB_20200423_TPB0007-002.jpg","datePublished":"2020-05-03T10:24:55+00:00","author":{"@id":"http:\/\/vr-room.ch\/en\/#\/schema\/person\/1a03b3a6ced429fb4831f60fa2b37599"},"breadcrumb":{"@id":"http:\/\/vr-room.ch\/fr\/2020\/05\/03\/traeume-jetzt-virtuell-reise-spaeter\/#breadcrumb"},"inLanguage":"fr-FR","potentialAction":[{"@type":"ReadAction","target":["http:\/\/vr-room.ch\/fr\/2020\/05\/03\/traeume-jetzt-virtuell-reise-spaeter\/"]}]},{"@type":"ImageObject","inLanguage":"fr-FR","@id":"http:\/\/vr-room.ch\/fr\/2020\/05\/03\/traeume-jetzt-virtuell-reise-spaeter\/#primaryimage","url":"https:\/\/vr-room.ch\/wp-content\/uploads\/2020\/05\/TPB_20200423_TPB0007-002.jpg","contentUrl":"https:\/\/vr-room.ch\/wp-content\/uploads\/2020\/05\/TPB_20200423_TPB0007-002.jpg","width":1024,"height":683,"caption":"BILD zu OTS - Grand Train Tour of Switzerland Keyvisual \/ Luzern-Interlaken Express beim Brienzersee, Berner Oberland"},{"@type":"BreadcrumbList","@id":"http:\/\/vr-room.ch\/fr\/2020\/05\/03\/traeume-jetzt-virtuell-reise-spaeter\/#breadcrumb","itemListElement":[{"@type":"ListItem","position":1,"name":"Startseite","item":"http:\/\/vr-room.ch\/en\/"},{"@type":"ListItem","position":2,"name":"Tr\u00e4ume jetzt (virtuell) \u2013 reise sp\u00e4ter!"}]},{"@type":"WebSite","@id":"http:\/\/vr-room.ch\/en\/#website","url":"http:\/\/vr-room.ch\/en\/","name":"Nouvelles de la r\u00e9alit\u00e9 virtuelle suisse","description":"","potentialAction":[{"@type":"SearchAction","target":{"@type":"EntryPoint","urlTemplate":"http:\/\/vr-room.ch\/en\/?s={search_term_string}"},"query-input":{"@type":"PropertyValueSpecification","valueRequired":true,"valueName":"search_term_string"}}],"inLanguage":"fr-FR"},{"@type":"Person","@id":"http:\/\/vr-room.ch\/en\/#\/schema\/person\/1a03b3a6ced429fb4831f60fa2b37599","name":"Nathalie","image":{"@type":"ImageObject","inLanguage":"fr-FR","@id":"https:\/\/vr-room.ch\/wp-content\/uploads\/2017\/01\/avatar_user_12_1484159890-96x96.jpg","url":"https:\/\/vr-room.ch\/wp-content\/uploads\/2017\/01\/avatar_user_12_1484159890-96x96.jpg","contentUrl":"https:\/\/vr-room.ch\/wp-content\/uploads\/2017\/01\/avatar_user_12_1484159890-96x96.jpg","caption":"Nathalie"},"url":"https:\/\/vr-room.ch\/fr\/author\/nathalie\/"}]}},"_links":{"self":[{"href":"https:\/\/vr-room.ch\/fr\/wp-json\/wp\/v2\/posts\/16819","targetHints":{"allow":["GET"]}}],"collection":[{"href":"https:\/\/vr-room.ch\/fr\/wp-json\/wp\/v2\/posts"}],"about":[{"href":"https:\/\/vr-room.ch\/fr\/wp-json\/wp\/v2\/types\/post"}],"author":[{"embeddable":true,"href":"https:\/\/vr-room.ch\/fr\/wp-json\/wp\/v2\/users\/12"}],"replies":[{"embeddable":true,"href":"https:\/\/vr-room.ch\/fr\/wp-json\/wp\/v2\/comments?post=16819"}],"version-history":[{"count":0,"href":"https:\/\/vr-room.ch\/fr\/wp-json\/wp\/v2\/posts\/16819\/revisions"}],"wp:featuredmedia":[{"embeddable":true,"href":"https:\/\/vr-room.ch\/fr\/wp-json\/wp\/v2\/media\/16825"}],"wp:attachment":[{"href":"https:\/\/vr-room.ch\/fr\/wp-json\/wp\/v2\/media?parent=16819"}],"wp:term":[{"taxonomy":"category","embeddable":true,"href":"https:\/\/vr-room.ch\/fr\/wp-json\/wp\/v2\/categories?post=16819"},{"taxonomy":"post_tag","embeddable":true,"href":"https:\/\/vr-room.ch\/fr\/wp-json\/wp\/v2\/tags?post=16819"}],"curies":[{"name":"wp","href":"https:\/\/api.w.org\/{rel}","templated":true}]}}