{"id":16362,"date":"2020-02-16T07:59:22","date_gmt":"2020-02-16T07:59:22","guid":{"rendered":"https:\/\/vr-room.ch\/?p=16362"},"modified":"2020-02-14T08:07:30","modified_gmt":"2020-02-14T08:07:30","slug":"vr-im-schulunterricht","status":"publish","type":"post","link":"https:\/\/vr-room.ch\/fr\/2020\/02\/16\/vr-im-schulunterricht\/","title":{"rendered":"La RV dans l'enseignement scolaire"},"content":{"rendered":"<h3 id=\"die-web-und-werbeagentur-interpunkt-hat-ein-virtual-reality-experiment-einer-studentin-unterstuetzt-fuer-ihre-masterarbeit-an-der-paedagogischen-hochschule-bern-untersuchte-sie-die-moeglichkeit-fre\">L'agence web et de publicit\u00e9 Interpunkt a soutenu une exp\u00e9rience de r\u00e9alit\u00e9 virtuelle men\u00e9e par une \u00e9tudiante. Pour son travail de master \u00e0 la Haute \u00e9cole p\u00e9dagogique de Berne, elle a \u00e9tudi\u00e9 la possibilit\u00e9 d'enseigner des langues \u00e9trang\u00e8res au niveau secondaire I \u00e0 l'aide de la r\u00e9alit\u00e9 virtuelle.<\/h3>\n<p><!--more--><\/p>\n<p>La r\u00e9alit\u00e9 virtuelle ouvre de nouvelles voies dans le processus d'apprentissage de sujets abstraits et difficiles \u00e0 appr\u00e9hender. Des repr\u00e9sentations virtuelles r\u00e9alistes fournissent les explications visuelles n\u00e9cessaires et favorisent ainsi la r\u00e9ussite de l'apprentissage.<\/p>\n<p>L'\u00e9tudiante Rachel Koller a v\u00e9rifi\u00e9 dans le cadre de son travail de master si cela \u00e9tait \u00e9galement valable dans l'enseignement scolaire pour l'apprentissage des langues \u00e9trang\u00e8res. \"La r\u00e9alit\u00e9 virtuelle permet des interactions presque authentiques avec l'environnement. J'ai cherch\u00e9 \u00e0 savoir si ce type d'apprentissage ainsi que la manipulation des lunettes pouvaient \u00eatre int\u00e9gr\u00e9s dans l'enseignement scolaire classique\", explique Rachel Koller.<\/p>\n<p>L'agence web et de publicit\u00e9 Interpunkt a soutenu l'\u00e9tudiante en lui fournissant huit lunettes Oculus Go VR. L'int\u00e9r\u00eat pour les r\u00e9sultats des tests n'est pas injustifi\u00e9, d'autant plus qu'Interpunkt a d\u00e9j\u00e0 programm\u00e9 des applications VR \u00e0 des fins de formation pour des apprentis et des sapeurs-pompiers. \"Le suivi de ce projet nous fournit, en tant qu'agence, des connaissances passionnantes dont nous tiendrons compte pour le d\u00e9veloppement et la programmation de futures applications VR\", estime Fabian Koch, directeur d'Interpunkt.<\/p>\n<div class=\"hvrbox\"><a class=\"lightbox\" href=\"https:\/\/www.persoenlich.com\/sites\/default\/files\/filemanager\/VR-schule%20(5).jpg\"><img loading=\"lazy\" decoding=\"async\" class=\"\" src=\"https:\/\/www.persoenlich.com\/sites\/default\/files\/filemanager\/VR-schule%20(5).jpg\" alt=\"VR-schule (5)\" width=\"640\" height=\"480\" \/><\/a><\/div>\n<h3 id=\"eindeutig-vr-unterstuetz-das-sprachenlernen\">Clairement : la RV soutient l'apprentissage des langues<\/h3>\n<p>Des \u00e9l\u00e8ves de la classe secondaire mixte de 7e et 8e ann\u00e9e d'Unterseen ont particip\u00e9 \u00e0 l'exp\u00e9rience. En interagissant avec l'application vocale sur les lunettes VR, la classe a entra\u00een\u00e9 sa prononciation et \u00e9largi son vocabulaire. Le bilan de Koller apr\u00e8s six le\u00e7ons est clair : \"Les lunettes Oculus Go ont une taille agr\u00e9able et s'int\u00e8grent parfaitement dans l'enseignement pour des s\u00e9quences concr\u00e8tes. Les \u00e9l\u00e8ves se sont bien amus\u00e9s\".<\/p>\n<p>Outre le facteur de plaisir, les tests montrent \u00e9galement des progr\u00e8s d'apprentissage chez les jeunes, selon le communiqu\u00e9. Koller attribue ces succ\u00e8s \u00e0 la combinaison d'interactions visuelles et orales dans des situations authentiques. L'\u00e9tudiante est convaincue que la r\u00e9alit\u00e9 virtuelle fournit des arguments convaincants pour une int\u00e9gration cibl\u00e9e dans l'enseignement scolaire.<\/p>\n<p>Migros nous montre d'ailleurs l'exemple depuis longtemps : Comme notre <a href=\"https:\/\/vr-room.ch\/fr\/2019\/10\/28\/englischlernen-mit-vr-brille\/\">Rapport<\/a> l'\u00c9cole-club propose d\u00e9j\u00e0 depuis l'ann\u00e9e derni\u00e8re des cours de langue avec RV.<\/p>\n<p>Source : Personnel<\/p>\n<p>&nbsp;<\/p>","protected":false},"excerpt":{"rendered":"L'agence web et de publicit\u00e9 Interpunkt a soutenu une exp\u00e9rience de r\u00e9alit\u00e9 virtuelle d'une \u00e9tudiante. Pour son travail de master \u00e0 la...","protected":false},"author":12,"featured_media":16363,"comment_status":"open","ping_status":"open","sticky":false,"template":"","format":"standard","meta":{"footnotes":""},"categories":[68],"tags":[],"class_list":{"0":"post-16362","1":"post","2":"type-post","3":"status-publish","4":"format-standard","5":"has-post-thumbnail","7":"category-virtual-reality-schweiz","8":"cs-entry","9":"cs-video-wrap"},"yoast_head":"<!-- This site is optimized with the Yoast SEO plugin v27.4 - https:\/\/yoast.com\/product\/yoast-seo-wordpress\/ -->\n<title>VR im Schulunterricht - Schweizer Virtual Reality News<\/title>\n<meta name=\"robots\" content=\"index, follow, max-snippet:-1, max-image-preview:large, max-video-preview:-1\" \/>\n<link rel=\"canonical\" href=\"https:\/\/vr-room.ch\/fr\/2020\/02\/16\/vr-im-schulunterricht\/\" \/>\n<meta property=\"og:locale\" content=\"fr_FR\" \/>\n<meta property=\"og:type\" content=\"article\" \/>\n<meta property=\"og:title\" content=\"VR im Schulunterricht - Schweizer Virtual Reality News\" \/>\n<meta property=\"og:description\" content=\"Die Web- und Werbeagentur Interpunkt hat ein Virtual Reality Experiment einer Studentin unterst\u00fctzt. F\u00fcr ihre Masterarbeit an der&hellip;\" \/>\n<meta property=\"og:url\" content=\"https:\/\/vr-room.ch\/fr\/2020\/02\/16\/vr-im-schulunterricht\/\" \/>\n<meta property=\"og:site_name\" content=\"Schweizer Virtual Reality News\" \/>\n<meta property=\"article:published_time\" content=\"2020-02-16T07:59:22+00:00\" \/>\n<meta property=\"og:image\" content=\"https:\/\/vr-room.ch\/wp-content\/uploads\/2020\/02\/virtual-reality-im-schulunterricht-6499.jpg\" \/>\n\t<meta property=\"og:image:width\" content=\"940\" \/>\n\t<meta property=\"og:image:height\" content=\"528\" \/>\n\t<meta property=\"og:image:type\" content=\"image\/jpeg\" \/>\n<meta name=\"author\" content=\"Nathalie\" \/>\n<meta name=\"twitter:card\" content=\"summary_large_image\" \/>\n<meta name=\"twitter:label1\" content=\"\u00c9crit par\" \/>\n\t<meta name=\"twitter:data1\" content=\"Nathalie\" \/>\n\t<meta name=\"twitter:label2\" content=\"Dur\u00e9e de lecture estim\u00e9e\" \/>\n\t<meta name=\"twitter:data2\" content=\"2 minutes\" \/>\n<script type=\"application\/ld+json\" class=\"yoast-schema-graph\">{\"@context\":\"https:\\\/\\\/schema.org\",\"@graph\":[{\"@type\":\"Article\",\"@id\":\"https:\\\/\\\/vr-room.ch\\\/2020\\\/02\\\/16\\\/vr-im-schulunterricht\\\/#article\",\"isPartOf\":{\"@id\":\"https:\\\/\\\/vr-room.ch\\\/2020\\\/02\\\/16\\\/vr-im-schulunterricht\\\/\"},\"author\":{\"name\":\"Nathalie\",\"@id\":\"http:\\\/\\\/vr-room.ch\\\/en\\\/#\\\/schema\\\/person\\\/1a03b3a6ced429fb4831f60fa2b37599\"},\"headline\":\"VR im Schulunterricht\",\"datePublished\":\"2020-02-16T07:59:22+00:00\",\"mainEntityOfPage\":{\"@id\":\"https:\\\/\\\/vr-room.ch\\\/2020\\\/02\\\/16\\\/vr-im-schulunterricht\\\/\"},\"wordCount\":350,\"commentCount\":0,\"image\":{\"@id\":\"https:\\\/\\\/vr-room.ch\\\/2020\\\/02\\\/16\\\/vr-im-schulunterricht\\\/#primaryimage\"},\"thumbnailUrl\":\"https:\\\/\\\/vr-room.ch\\\/wp-content\\\/uploads\\\/2020\\\/02\\\/virtual-reality-im-schulunterricht-6499.jpg\",\"articleSection\":[\"Schweiz\"],\"inLanguage\":\"fr-FR\",\"potentialAction\":[{\"@type\":\"CommentAction\",\"name\":\"Comment\",\"target\":[\"https:\\\/\\\/vr-room.ch\\\/2020\\\/02\\\/16\\\/vr-im-schulunterricht\\\/#respond\"]}]},{\"@type\":\"WebPage\",\"@id\":\"https:\\\/\\\/vr-room.ch\\\/2020\\\/02\\\/16\\\/vr-im-schulunterricht\\\/\",\"url\":\"https:\\\/\\\/vr-room.ch\\\/2020\\\/02\\\/16\\\/vr-im-schulunterricht\\\/\",\"name\":\"VR im Schulunterricht - Schweizer Virtual Reality News\",\"isPartOf\":{\"@id\":\"http:\\\/\\\/vr-room.ch\\\/en\\\/#website\"},\"primaryImageOfPage\":{\"@id\":\"https:\\\/\\\/vr-room.ch\\\/2020\\\/02\\\/16\\\/vr-im-schulunterricht\\\/#primaryimage\"},\"image\":{\"@id\":\"https:\\\/\\\/vr-room.ch\\\/2020\\\/02\\\/16\\\/vr-im-schulunterricht\\\/#primaryimage\"},\"thumbnailUrl\":\"https:\\\/\\\/vr-room.ch\\\/wp-content\\\/uploads\\\/2020\\\/02\\\/virtual-reality-im-schulunterricht-6499.jpg\",\"datePublished\":\"2020-02-16T07:59:22+00:00\",\"author\":{\"@id\":\"http:\\\/\\\/vr-room.ch\\\/en\\\/#\\\/schema\\\/person\\\/1a03b3a6ced429fb4831f60fa2b37599\"},\"breadcrumb\":{\"@id\":\"https:\\\/\\\/vr-room.ch\\\/2020\\\/02\\\/16\\\/vr-im-schulunterricht\\\/#breadcrumb\"},\"inLanguage\":\"fr-FR\",\"potentialAction\":[{\"@type\":\"ReadAction\",\"target\":[\"https:\\\/\\\/vr-room.ch\\\/2020\\\/02\\\/16\\\/vr-im-schulunterricht\\\/\"]}]},{\"@type\":\"ImageObject\",\"inLanguage\":\"fr-FR\",\"@id\":\"https:\\\/\\\/vr-room.ch\\\/2020\\\/02\\\/16\\\/vr-im-schulunterricht\\\/#primaryimage\",\"url\":\"https:\\\/\\\/vr-room.ch\\\/wp-content\\\/uploads\\\/2020\\\/02\\\/virtual-reality-im-schulunterricht-6499.jpg\",\"contentUrl\":\"https:\\\/\\\/vr-room.ch\\\/wp-content\\\/uploads\\\/2020\\\/02\\\/virtual-reality-im-schulunterricht-6499.jpg\",\"width\":940,\"height\":528},{\"@type\":\"BreadcrumbList\",\"@id\":\"https:\\\/\\\/vr-room.ch\\\/2020\\\/02\\\/16\\\/vr-im-schulunterricht\\\/#breadcrumb\",\"itemListElement\":[{\"@type\":\"ListItem\",\"position\":1,\"name\":\"Startseite\",\"item\":\"http:\\\/\\\/vr-room.ch\\\/en\\\/\"},{\"@type\":\"ListItem\",\"position\":2,\"name\":\"VR im Schulunterricht\"}]},{\"@type\":\"WebSite\",\"@id\":\"http:\\\/\\\/vr-room.ch\\\/en\\\/#website\",\"url\":\"http:\\\/\\\/vr-room.ch\\\/en\\\/\",\"name\":\"Schweizer Virtual Reality News\",\"description\":\"\",\"potentialAction\":[{\"@type\":\"SearchAction\",\"target\":{\"@type\":\"EntryPoint\",\"urlTemplate\":\"http:\\\/\\\/vr-room.ch\\\/en\\\/?s={search_term_string}\"},\"query-input\":{\"@type\":\"PropertyValueSpecification\",\"valueRequired\":true,\"valueName\":\"search_term_string\"}}],\"inLanguage\":\"fr-FR\"},{\"@type\":\"Person\",\"@id\":\"http:\\\/\\\/vr-room.ch\\\/en\\\/#\\\/schema\\\/person\\\/1a03b3a6ced429fb4831f60fa2b37599\",\"name\":\"Nathalie\",\"image\":{\"@type\":\"ImageObject\",\"inLanguage\":\"fr-FR\",\"@id\":\"https:\\\/\\\/vr-room.ch\\\/wp-content\\\/uploads\\\/2017\\\/01\\\/avatar_user_12_1484159890-96x96.jpg\",\"url\":\"https:\\\/\\\/vr-room.ch\\\/wp-content\\\/uploads\\\/2017\\\/01\\\/avatar_user_12_1484159890-96x96.jpg\",\"contentUrl\":\"https:\\\/\\\/vr-room.ch\\\/wp-content\\\/uploads\\\/2017\\\/01\\\/avatar_user_12_1484159890-96x96.jpg\",\"caption\":\"Nathalie\"},\"url\":\"https:\\\/\\\/vr-room.ch\\\/fr\\\/author\\\/nathalie\\\/\"}]}<\/script>\n<!-- \/ Yoast SEO plugin. -->","yoast_head_json":{"title":"VR im Schulunterricht - Schweizer Virtual Reality News","robots":{"index":"index","follow":"follow","max-snippet":"max-snippet:-1","max-image-preview":"max-image-preview:large","max-video-preview":"max-video-preview:-1"},"canonical":"https:\/\/vr-room.ch\/fr\/2020\/02\/16\/vr-im-schulunterricht\/","og_locale":"fr_FR","og_type":"article","og_title":"VR im Schulunterricht - Schweizer Virtual Reality News","og_description":"Die Web- und Werbeagentur Interpunkt hat ein Virtual Reality Experiment einer Studentin unterst\u00fctzt. F\u00fcr ihre Masterarbeit an der&hellip;","og_url":"https:\/\/vr-room.ch\/fr\/2020\/02\/16\/vr-im-schulunterricht\/","og_site_name":"Schweizer Virtual Reality News","article_published_time":"2020-02-16T07:59:22+00:00","og_image":[{"width":940,"height":528,"url":"https:\/\/vr-room.ch\/wp-content\/uploads\/2020\/02\/virtual-reality-im-schulunterricht-6499.jpg","type":"image\/jpeg"}],"author":"Nathalie","twitter_card":"summary_large_image","twitter_misc":{"\u00c9crit par":"Nathalie","Dur\u00e9e de lecture estim\u00e9e":"2 minutes"},"schema":{"@context":"https:\/\/schema.org","@graph":[{"@type":"Article","@id":"https:\/\/vr-room.ch\/2020\/02\/16\/vr-im-schulunterricht\/#article","isPartOf":{"@id":"https:\/\/vr-room.ch\/2020\/02\/16\/vr-im-schulunterricht\/"},"author":{"name":"Nathalie","@id":"http:\/\/vr-room.ch\/en\/#\/schema\/person\/1a03b3a6ced429fb4831f60fa2b37599"},"headline":"VR im Schulunterricht","datePublished":"2020-02-16T07:59:22+00:00","mainEntityOfPage":{"@id":"https:\/\/vr-room.ch\/2020\/02\/16\/vr-im-schulunterricht\/"},"wordCount":350,"commentCount":0,"image":{"@id":"https:\/\/vr-room.ch\/2020\/02\/16\/vr-im-schulunterricht\/#primaryimage"},"thumbnailUrl":"https:\/\/vr-room.ch\/wp-content\/uploads\/2020\/02\/virtual-reality-im-schulunterricht-6499.jpg","articleSection":["Schweiz"],"inLanguage":"fr-FR","potentialAction":[{"@type":"CommentAction","name":"Comment","target":["https:\/\/vr-room.ch\/2020\/02\/16\/vr-im-schulunterricht\/#respond"]}]},{"@type":"WebPage","@id":"https:\/\/vr-room.ch\/2020\/02\/16\/vr-im-schulunterricht\/","url":"https:\/\/vr-room.ch\/2020\/02\/16\/vr-im-schulunterricht\/","name":"VR im Schulunterricht - Schweizer Virtual Reality News","isPartOf":{"@id":"http:\/\/vr-room.ch\/en\/#website"},"primaryImageOfPage":{"@id":"https:\/\/vr-room.ch\/2020\/02\/16\/vr-im-schulunterricht\/#primaryimage"},"image":{"@id":"https:\/\/vr-room.ch\/2020\/02\/16\/vr-im-schulunterricht\/#primaryimage"},"thumbnailUrl":"https:\/\/vr-room.ch\/wp-content\/uploads\/2020\/02\/virtual-reality-im-schulunterricht-6499.jpg","datePublished":"2020-02-16T07:59:22+00:00","author":{"@id":"http:\/\/vr-room.ch\/en\/#\/schema\/person\/1a03b3a6ced429fb4831f60fa2b37599"},"breadcrumb":{"@id":"https:\/\/vr-room.ch\/2020\/02\/16\/vr-im-schulunterricht\/#breadcrumb"},"inLanguage":"fr-FR","potentialAction":[{"@type":"ReadAction","target":["https:\/\/vr-room.ch\/2020\/02\/16\/vr-im-schulunterricht\/"]}]},{"@type":"ImageObject","inLanguage":"fr-FR","@id":"https:\/\/vr-room.ch\/2020\/02\/16\/vr-im-schulunterricht\/#primaryimage","url":"https:\/\/vr-room.ch\/wp-content\/uploads\/2020\/02\/virtual-reality-im-schulunterricht-6499.jpg","contentUrl":"https:\/\/vr-room.ch\/wp-content\/uploads\/2020\/02\/virtual-reality-im-schulunterricht-6499.jpg","width":940,"height":528},{"@type":"BreadcrumbList","@id":"https:\/\/vr-room.ch\/2020\/02\/16\/vr-im-schulunterricht\/#breadcrumb","itemListElement":[{"@type":"ListItem","position":1,"name":"Startseite","item":"http:\/\/vr-room.ch\/en\/"},{"@type":"ListItem","position":2,"name":"VR im Schulunterricht"}]},{"@type":"WebSite","@id":"http:\/\/vr-room.ch\/en\/#website","url":"http:\/\/vr-room.ch\/en\/","name":"Nouvelles de la r\u00e9alit\u00e9 virtuelle suisse","description":"","potentialAction":[{"@type":"SearchAction","target":{"@type":"EntryPoint","urlTemplate":"http:\/\/vr-room.ch\/en\/?s={search_term_string}"},"query-input":{"@type":"PropertyValueSpecification","valueRequired":true,"valueName":"search_term_string"}}],"inLanguage":"fr-FR"},{"@type":"Person","@id":"http:\/\/vr-room.ch\/en\/#\/schema\/person\/1a03b3a6ced429fb4831f60fa2b37599","name":"Nathalie","image":{"@type":"ImageObject","inLanguage":"fr-FR","@id":"https:\/\/vr-room.ch\/wp-content\/uploads\/2017\/01\/avatar_user_12_1484159890-96x96.jpg","url":"https:\/\/vr-room.ch\/wp-content\/uploads\/2017\/01\/avatar_user_12_1484159890-96x96.jpg","contentUrl":"https:\/\/vr-room.ch\/wp-content\/uploads\/2017\/01\/avatar_user_12_1484159890-96x96.jpg","caption":"Nathalie"},"url":"https:\/\/vr-room.ch\/fr\/author\/nathalie\/"}]}},"_links":{"self":[{"href":"https:\/\/vr-room.ch\/fr\/wp-json\/wp\/v2\/posts\/16362","targetHints":{"allow":["GET"]}}],"collection":[{"href":"https:\/\/vr-room.ch\/fr\/wp-json\/wp\/v2\/posts"}],"about":[{"href":"https:\/\/vr-room.ch\/fr\/wp-json\/wp\/v2\/types\/post"}],"author":[{"embeddable":true,"href":"https:\/\/vr-room.ch\/fr\/wp-json\/wp\/v2\/users\/12"}],"replies":[{"embeddable":true,"href":"https:\/\/vr-room.ch\/fr\/wp-json\/wp\/v2\/comments?post=16362"}],"version-history":[{"count":0,"href":"https:\/\/vr-room.ch\/fr\/wp-json\/wp\/v2\/posts\/16362\/revisions"}],"wp:featuredmedia":[{"embeddable":true,"href":"https:\/\/vr-room.ch\/fr\/wp-json\/wp\/v2\/media\/16363"}],"wp:attachment":[{"href":"https:\/\/vr-room.ch\/fr\/wp-json\/wp\/v2\/media?parent=16362"}],"wp:term":[{"taxonomy":"category","embeddable":true,"href":"https:\/\/vr-room.ch\/fr\/wp-json\/wp\/v2\/categories?post=16362"},{"taxonomy":"post_tag","embeddable":true,"href":"https:\/\/vr-room.ch\/fr\/wp-json\/wp\/v2\/tags?post=16362"}],"curies":[{"name":"wp","href":"https:\/\/api.w.org\/{rel}","templated":true}]}}