{"id":16251,"date":"2020-01-25T11:28:43","date_gmt":"2020-01-25T11:28:43","guid":{"rendered":"https:\/\/vr-room.ch\/?p=16251"},"modified":"2020-01-25T11:28:43","modified_gmt":"2020-01-25T11:28:43","slug":"half-life-alyx-umfang-2","status":"publish","type":"post","link":"https:\/\/vr-room.ch\/fr\/2020\/01\/25\/half-life-alyx-umfang-2\/","title":{"rendered":"Half-Life : Alyx a la port\u00e9e de Half-Life 2"},"content":{"rendered":"<p>Valve a pr\u00e9cis\u00e9 que le prochain \"<a href=\"https:\/\/vr-room.ch\/fr\/2019\/11\/22\/trailer-infos-half-life-alyx\/\">Half-Life : Alyx<\/a>\"Nous avons donc affaire \u00e0 un jeu \u00e0 part enti\u00e8re. Selon Valve, le nouveau titre VR a \u00e0 peu pr\u00e8s la m\u00eame port\u00e9e que le classique \"Half-Life 2\", ce qui est tout \u00e0 fait honorable.<\/p>\n<p>Selon Valve, les playtesteurs ont mis \u00e0 peu pr\u00e8s autant de temps \u00e0 terminer le jeu que pour \"Half-Life 2\", et il y a une autre bonne nouvelle \u00e0 annoncer, car un report de la sortie de \"Half-Life : Alyx\" n'est pas tr\u00e8s probable. \"A l'exception de quelques modifications apport\u00e9es \u00e0 la sc\u00e8ne finale, le jeu est termin\u00e9. Beaucoup d'entre nous chez Valve, ainsi que les playtests, ont jou\u00e9 plusieurs fois \u00e0 l'ensemble du jeu. Pour l'instant, nous sommes surtout occup\u00e9s \u00e0 peaufiner et \u00e0 corriger les bugs. Nous sommes exactement l\u00e0 o\u00f9 nous voulons \u00eatre \u00e0 ce stade du cycle de d\u00e9veloppement. Nous sommes confiants dans le fait que nous atteindrons la date de sortie pr\u00e9vue\", a d\u00e9clar\u00e9 Valve.<\/p>\n<p>Le d\u00e9veloppeur a \u00e9galement r\u00e9v\u00e9l\u00e9 que 80 personnes travaillent actuellement sur \"Half-Life : Alyx\". C'est la plus grande \u00e9quipe que Valve ait jamais eue. \"Half-Life : Alyx\" sera disponible en mars 2020 pour Valve Index, HTC Vive, Oculus Rift et Windows Mixed Reality. Aucune date de sortie pr\u00e9cise n'a \u00e9t\u00e9 mentionn\u00e9e jusqu'\u00e0 pr\u00e9sent.<\/p>\n<p>Source : <a href=\"https:\/\/www.vg247.com\/2020\/01\/22\/half-life-alyx-same-size-half-life-2-delay-not-expected\/\">VG247<\/a><\/p>","protected":false},"excerpt":{"rendered":"Valve a pr\u00e9cis\u00e9 que le prochain \"Half-Life : Alyx\" ne sera pas une petite exp\u00e9rience VR, nous l'aurons avec un...","protected":false},"author":11,"featured_media":16252,"comment_status":"open","ping_status":"open","sticky":false,"template":"","format":"standard","meta":{"footnotes":""},"categories":[2],"tags":[],"class_list":{"0":"post-16251","1":"post","2":"type-post","3":"status-publish","4":"format-standard","5":"has-post-thumbnail","7":"category-virtual-reality-games","8":"cs-entry","9":"cs-video-wrap"},"yoast_head":"<!-- This site is optimized with the Yoast SEO plugin v27.4 - https:\/\/yoast.com\/product\/yoast-seo-wordpress\/ -->\n<title>Half-Life: Alyx hat Umfang von Half-Life 2 - Schweizer Virtual Reality News<\/title>\n<meta name=\"robots\" content=\"index, follow, max-snippet:-1, max-image-preview:large, max-video-preview:-1\" \/>\n<link rel=\"canonical\" href=\"http:\/\/vr-room.ch\/fr\/2020\/01\/25\/half-life-alyx-umfang-2\/\" \/>\n<meta property=\"og:locale\" content=\"fr_FR\" \/>\n<meta property=\"og:type\" content=\"article\" \/>\n<meta property=\"og:title\" content=\"Half-Life: Alyx hat Umfang von Half-Life 2 - Schweizer Virtual Reality News\" \/>\n<meta property=\"og:description\" content=\"Valve hat klargemacht, dass das kommende \u00abHalf-Life: Alyx\u00bb keine kleine VR-Erfahrung sein wird, wir bekommen es mit einem&hellip;\" \/>\n<meta property=\"og:url\" content=\"http:\/\/vr-room.ch\/fr\/2020\/01\/25\/half-life-alyx-umfang-2\/\" \/>\n<meta property=\"og:site_name\" content=\"Schweizer Virtual Reality News\" \/>\n<meta property=\"article:published_time\" content=\"2020-01-25T11:28:43+00:00\" \/>\n<meta property=\"og:image\" content=\"https:\/\/vr-room.ch\/wp-content\/uploads\/2020\/01\/Half-Life-Alyx-1.jpg\" \/>\n\t<meta property=\"og:image:width\" content=\"1920\" \/>\n\t<meta property=\"og:image:height\" content=\"1080\" \/>\n\t<meta property=\"og:image:type\" content=\"image\/jpeg\" \/>\n<meta name=\"author\" content=\"Michael\" \/>\n<meta name=\"twitter:card\" content=\"summary_large_image\" \/>\n<meta name=\"twitter:label1\" content=\"\u00c9crit par\" \/>\n\t<meta name=\"twitter:data1\" content=\"Michael\" \/>\n\t<meta name=\"twitter:label2\" content=\"Dur\u00e9e de lecture estim\u00e9e\" \/>\n\t<meta name=\"twitter:data2\" content=\"1 minute\" \/>\n<script type=\"application\/ld+json\" class=\"yoast-schema-graph\">{\"@context\":\"https:\\\/\\\/schema.org\",\"@graph\":[{\"@type\":\"Article\",\"@id\":\"http:\\\/\\\/vr-room.ch\\\/fr\\\/2020\\\/01\\\/25\\\/half-life-alyx-umfang-2\\\/#article\",\"isPartOf\":{\"@id\":\"http:\\\/\\\/vr-room.ch\\\/fr\\\/2020\\\/01\\\/25\\\/half-life-alyx-umfang-2\\\/\"},\"author\":{\"name\":\"Michael\",\"@id\":\"http:\\\/\\\/vr-room.ch\\\/en\\\/#\\\/schema\\\/person\\\/4022b4e1fba06681ac263b25c0f1e3d2\"},\"headline\":\"Half-Life: Alyx hat Umfang von Half-Life 2\",\"datePublished\":\"2020-01-25T11:28:43+00:00\",\"mainEntityOfPage\":{\"@id\":\"http:\\\/\\\/vr-room.ch\\\/fr\\\/2020\\\/01\\\/25\\\/half-life-alyx-umfang-2\\\/\"},\"wordCount\":203,\"commentCount\":0,\"image\":{\"@id\":\"http:\\\/\\\/vr-room.ch\\\/fr\\\/2020\\\/01\\\/25\\\/half-life-alyx-umfang-2\\\/#primaryimage\"},\"thumbnailUrl\":\"https:\\\/\\\/vr-room.ch\\\/wp-content\\\/uploads\\\/2020\\\/01\\\/Half-Life-Alyx-1.jpg\",\"articleSection\":[\"Games\"],\"inLanguage\":\"fr-FR\",\"potentialAction\":[{\"@type\":\"CommentAction\",\"name\":\"Comment\",\"target\":[\"http:\\\/\\\/vr-room.ch\\\/fr\\\/2020\\\/01\\\/25\\\/half-life-alyx-umfang-2\\\/#respond\"]}]},{\"@type\":\"WebPage\",\"@id\":\"http:\\\/\\\/vr-room.ch\\\/fr\\\/2020\\\/01\\\/25\\\/half-life-alyx-umfang-2\\\/\",\"url\":\"http:\\\/\\\/vr-room.ch\\\/fr\\\/2020\\\/01\\\/25\\\/half-life-alyx-umfang-2\\\/\",\"name\":\"Half-Life: Alyx hat Umfang von Half-Life 2 - Schweizer Virtual Reality News\",\"isPartOf\":{\"@id\":\"http:\\\/\\\/vr-room.ch\\\/en\\\/#website\"},\"primaryImageOfPage\":{\"@id\":\"http:\\\/\\\/vr-room.ch\\\/fr\\\/2020\\\/01\\\/25\\\/half-life-alyx-umfang-2\\\/#primaryimage\"},\"image\":{\"@id\":\"http:\\\/\\\/vr-room.ch\\\/fr\\\/2020\\\/01\\\/25\\\/half-life-alyx-umfang-2\\\/#primaryimage\"},\"thumbnailUrl\":\"https:\\\/\\\/vr-room.ch\\\/wp-content\\\/uploads\\\/2020\\\/01\\\/Half-Life-Alyx-1.jpg\",\"datePublished\":\"2020-01-25T11:28:43+00:00\",\"author\":{\"@id\":\"http:\\\/\\\/vr-room.ch\\\/en\\\/#\\\/schema\\\/person\\\/4022b4e1fba06681ac263b25c0f1e3d2\"},\"breadcrumb\":{\"@id\":\"http:\\\/\\\/vr-room.ch\\\/fr\\\/2020\\\/01\\\/25\\\/half-life-alyx-umfang-2\\\/#breadcrumb\"},\"inLanguage\":\"fr-FR\",\"potentialAction\":[{\"@type\":\"ReadAction\",\"target\":[\"http:\\\/\\\/vr-room.ch\\\/fr\\\/2020\\\/01\\\/25\\\/half-life-alyx-umfang-2\\\/\"]}]},{\"@type\":\"ImageObject\",\"inLanguage\":\"fr-FR\",\"@id\":\"http:\\\/\\\/vr-room.ch\\\/fr\\\/2020\\\/01\\\/25\\\/half-life-alyx-umfang-2\\\/#primaryimage\",\"url\":\"https:\\\/\\\/vr-room.ch\\\/wp-content\\\/uploads\\\/2020\\\/01\\\/Half-Life-Alyx-1.jpg\",\"contentUrl\":\"https:\\\/\\\/vr-room.ch\\\/wp-content\\\/uploads\\\/2020\\\/01\\\/Half-Life-Alyx-1.jpg\",\"width\":1920,\"height\":1080},{\"@type\":\"BreadcrumbList\",\"@id\":\"http:\\\/\\\/vr-room.ch\\\/fr\\\/2020\\\/01\\\/25\\\/half-life-alyx-umfang-2\\\/#breadcrumb\",\"itemListElement\":[{\"@type\":\"ListItem\",\"position\":1,\"name\":\"Startseite\",\"item\":\"http:\\\/\\\/vr-room.ch\\\/en\\\/\"},{\"@type\":\"ListItem\",\"position\":2,\"name\":\"Half-Life: Alyx hat Umfang von Half-Life 2\"}]},{\"@type\":\"WebSite\",\"@id\":\"http:\\\/\\\/vr-room.ch\\\/en\\\/#website\",\"url\":\"http:\\\/\\\/vr-room.ch\\\/en\\\/\",\"name\":\"Schweizer Virtual Reality News\",\"description\":\"\",\"potentialAction\":[{\"@type\":\"SearchAction\",\"target\":{\"@type\":\"EntryPoint\",\"urlTemplate\":\"http:\\\/\\\/vr-room.ch\\\/en\\\/?s={search_term_string}\"},\"query-input\":{\"@type\":\"PropertyValueSpecification\",\"valueRequired\":true,\"valueName\":\"search_term_string\"}}],\"inLanguage\":\"fr-FR\"},{\"@type\":\"Person\",\"@id\":\"http:\\\/\\\/vr-room.ch\\\/en\\\/#\\\/schema\\\/person\\\/4022b4e1fba06681ac263b25c0f1e3d2\",\"name\":\"Michael\",\"image\":{\"@type\":\"ImageObject\",\"inLanguage\":\"fr-FR\",\"@id\":\"https:\\\/\\\/vr-room.ch\\\/wp-content\\\/uploads\\\/2019\\\/05\\\/avatar_user_11_1558711168-96x96.jpg\",\"url\":\"https:\\\/\\\/vr-room.ch\\\/wp-content\\\/uploads\\\/2019\\\/05\\\/avatar_user_11_1558711168-96x96.jpg\",\"contentUrl\":\"https:\\\/\\\/vr-room.ch\\\/wp-content\\\/uploads\\\/2019\\\/05\\\/avatar_user_11_1558711168-96x96.jpg\",\"caption\":\"Michael\"},\"url\":\"https:\\\/\\\/vr-room.ch\\\/fr\\\/author\\\/michael\\\/\"}]}<\/script>\n<!-- \/ Yoast SEO plugin. -->","yoast_head_json":{"title":"Half-Life: Alyx hat Umfang von Half-Life 2 - Schweizer Virtual Reality News","robots":{"index":"index","follow":"follow","max-snippet":"max-snippet:-1","max-image-preview":"max-image-preview:large","max-video-preview":"max-video-preview:-1"},"canonical":"http:\/\/vr-room.ch\/fr\/2020\/01\/25\/half-life-alyx-umfang-2\/","og_locale":"fr_FR","og_type":"article","og_title":"Half-Life: Alyx hat Umfang von Half-Life 2 - Schweizer Virtual Reality News","og_description":"Valve hat klargemacht, dass das kommende \u00abHalf-Life: Alyx\u00bb keine kleine VR-Erfahrung sein wird, wir bekommen es mit einem&hellip;","og_url":"http:\/\/vr-room.ch\/fr\/2020\/01\/25\/half-life-alyx-umfang-2\/","og_site_name":"Schweizer Virtual Reality News","article_published_time":"2020-01-25T11:28:43+00:00","og_image":[{"width":1920,"height":1080,"url":"https:\/\/vr-room.ch\/wp-content\/uploads\/2020\/01\/Half-Life-Alyx-1.jpg","type":"image\/jpeg"}],"author":"Michael","twitter_card":"summary_large_image","twitter_misc":{"\u00c9crit par":"Michael","Dur\u00e9e de lecture estim\u00e9e":"1 minute"},"schema":{"@context":"https:\/\/schema.org","@graph":[{"@type":"Article","@id":"http:\/\/vr-room.ch\/fr\/2020\/01\/25\/half-life-alyx-umfang-2\/#article","isPartOf":{"@id":"http:\/\/vr-room.ch\/fr\/2020\/01\/25\/half-life-alyx-umfang-2\/"},"author":{"name":"Michael","@id":"http:\/\/vr-room.ch\/en\/#\/schema\/person\/4022b4e1fba06681ac263b25c0f1e3d2"},"headline":"Half-Life: Alyx hat Umfang von Half-Life 2","datePublished":"2020-01-25T11:28:43+00:00","mainEntityOfPage":{"@id":"http:\/\/vr-room.ch\/fr\/2020\/01\/25\/half-life-alyx-umfang-2\/"},"wordCount":203,"commentCount":0,"image":{"@id":"http:\/\/vr-room.ch\/fr\/2020\/01\/25\/half-life-alyx-umfang-2\/#primaryimage"},"thumbnailUrl":"https:\/\/vr-room.ch\/wp-content\/uploads\/2020\/01\/Half-Life-Alyx-1.jpg","articleSection":["Games"],"inLanguage":"fr-FR","potentialAction":[{"@type":"CommentAction","name":"Comment","target":["http:\/\/vr-room.ch\/fr\/2020\/01\/25\/half-life-alyx-umfang-2\/#respond"]}]},{"@type":"WebPage","@id":"http:\/\/vr-room.ch\/fr\/2020\/01\/25\/half-life-alyx-umfang-2\/","url":"http:\/\/vr-room.ch\/fr\/2020\/01\/25\/half-life-alyx-umfang-2\/","name":"Half-Life: Alyx hat Umfang von Half-Life 2 - Schweizer Virtual Reality News","isPartOf":{"@id":"http:\/\/vr-room.ch\/en\/#website"},"primaryImageOfPage":{"@id":"http:\/\/vr-room.ch\/fr\/2020\/01\/25\/half-life-alyx-umfang-2\/#primaryimage"},"image":{"@id":"http:\/\/vr-room.ch\/fr\/2020\/01\/25\/half-life-alyx-umfang-2\/#primaryimage"},"thumbnailUrl":"https:\/\/vr-room.ch\/wp-content\/uploads\/2020\/01\/Half-Life-Alyx-1.jpg","datePublished":"2020-01-25T11:28:43+00:00","author":{"@id":"http:\/\/vr-room.ch\/en\/#\/schema\/person\/4022b4e1fba06681ac263b25c0f1e3d2"},"breadcrumb":{"@id":"http:\/\/vr-room.ch\/fr\/2020\/01\/25\/half-life-alyx-umfang-2\/#breadcrumb"},"inLanguage":"fr-FR","potentialAction":[{"@type":"ReadAction","target":["http:\/\/vr-room.ch\/fr\/2020\/01\/25\/half-life-alyx-umfang-2\/"]}]},{"@type":"ImageObject","inLanguage":"fr-FR","@id":"http:\/\/vr-room.ch\/fr\/2020\/01\/25\/half-life-alyx-umfang-2\/#primaryimage","url":"https:\/\/vr-room.ch\/wp-content\/uploads\/2020\/01\/Half-Life-Alyx-1.jpg","contentUrl":"https:\/\/vr-room.ch\/wp-content\/uploads\/2020\/01\/Half-Life-Alyx-1.jpg","width":1920,"height":1080},{"@type":"BreadcrumbList","@id":"http:\/\/vr-room.ch\/fr\/2020\/01\/25\/half-life-alyx-umfang-2\/#breadcrumb","itemListElement":[{"@type":"ListItem","position":1,"name":"Startseite","item":"http:\/\/vr-room.ch\/en\/"},{"@type":"ListItem","position":2,"name":"Half-Life: Alyx hat Umfang von Half-Life 2"}]},{"@type":"WebSite","@id":"http:\/\/vr-room.ch\/en\/#website","url":"http:\/\/vr-room.ch\/en\/","name":"Nouvelles de la r\u00e9alit\u00e9 virtuelle suisse","description":"","potentialAction":[{"@type":"SearchAction","target":{"@type":"EntryPoint","urlTemplate":"http:\/\/vr-room.ch\/en\/?s={search_term_string}"},"query-input":{"@type":"PropertyValueSpecification","valueRequired":true,"valueName":"search_term_string"}}],"inLanguage":"fr-FR"},{"@type":"Person","@id":"http:\/\/vr-room.ch\/en\/#\/schema\/person\/4022b4e1fba06681ac263b25c0f1e3d2","name":"Michael","image":{"@type":"ImageObject","inLanguage":"fr-FR","@id":"https:\/\/vr-room.ch\/wp-content\/uploads\/2019\/05\/avatar_user_11_1558711168-96x96.jpg","url":"https:\/\/vr-room.ch\/wp-content\/uploads\/2019\/05\/avatar_user_11_1558711168-96x96.jpg","contentUrl":"https:\/\/vr-room.ch\/wp-content\/uploads\/2019\/05\/avatar_user_11_1558711168-96x96.jpg","caption":"Michael"},"url":"https:\/\/vr-room.ch\/fr\/author\/michael\/"}]}},"_links":{"self":[{"href":"https:\/\/vr-room.ch\/fr\/wp-json\/wp\/v2\/posts\/16251","targetHints":{"allow":["GET"]}}],"collection":[{"href":"https:\/\/vr-room.ch\/fr\/wp-json\/wp\/v2\/posts"}],"about":[{"href":"https:\/\/vr-room.ch\/fr\/wp-json\/wp\/v2\/types\/post"}],"author":[{"embeddable":true,"href":"https:\/\/vr-room.ch\/fr\/wp-json\/wp\/v2\/users\/11"}],"replies":[{"embeddable":true,"href":"https:\/\/vr-room.ch\/fr\/wp-json\/wp\/v2\/comments?post=16251"}],"version-history":[{"count":0,"href":"https:\/\/vr-room.ch\/fr\/wp-json\/wp\/v2\/posts\/16251\/revisions"}],"wp:featuredmedia":[{"embeddable":true,"href":"https:\/\/vr-room.ch\/fr\/wp-json\/wp\/v2\/media\/16252"}],"wp:attachment":[{"href":"https:\/\/vr-room.ch\/fr\/wp-json\/wp\/v2\/media?parent=16251"}],"wp:term":[{"taxonomy":"category","embeddable":true,"href":"https:\/\/vr-room.ch\/fr\/wp-json\/wp\/v2\/categories?post=16251"},{"taxonomy":"post_tag","embeddable":true,"href":"https:\/\/vr-room.ch\/fr\/wp-json\/wp\/v2\/tags?post=16251"}],"curies":[{"name":"wp","href":"https:\/\/api.w.org\/{rel}","templated":true}]}}