{"id":16143,"date":"2020-01-09T10:53:29","date_gmt":"2020-01-09T10:53:29","guid":{"rendered":"https:\/\/vr-room.ch\/?p=16143"},"modified":"2020-01-08T14:06:21","modified_gmt":"2020-01-08T14:06:21","slug":"e-bike-innovatoren-sind-ueberzeugt-ar-soll-retouren-reduzieren","status":"publish","type":"post","link":"https:\/\/vr-room.ch\/fr\/2020\/01\/09\/e-bike-innovatoren-sind-ueberzeugt-ar-soll-retouren-reduzieren\/","title":{"rendered":"Les innovateurs du v\u00e9lo \u00e9lectrique en sont convaincus : la RA doit r\u00e9duire les retours"},"content":{"rendered":"<h3 id=\"da-das-niederlaendische-unternehmen-vanmoof-80-seiner-fahrraeder-online-verkauft-fuehrt-es-ar-ein-die-e-bike-innovatoren-wollen-damit-ihre-hightech-e-bikes-ganz-nah-an-die-kunden-heranbringen-und-re\" class=\"post-subtitle\">Comme l'entreprise n\u00e9erlandaise VanMoof vend 80% de ses v\u00e9los en ligne, elle introduit l'AR. Les innovateurs en mati\u00e8re de v\u00e9los \u00e9lectriques veulent ainsi rapprocher leurs v\u00e9los \u00e9lectriques high-tech des clients et r\u00e9duire les retours.<\/h3>\n<p><!--more--><\/p>\n<p>VanMoof fait entrer l'avenir de la technologie de vente au d\u00e9tail dans le monde du v\u00e9lo : les innovateurs n\u00e9erlandais en mati\u00e8re de v\u00e9los \u00e9lectriques ont lanc\u00e9 la premi\u00e8re exp\u00e9rience d'achat en r\u00e9alit\u00e9 augment\u00e9e dans le secteur du v\u00e9lo. Le nouvel outil AR est int\u00e9gr\u00e9 au site web et aux annonces en ligne de VanMoof. L'outil permet aux utilisateurs de placer un v\u00e9lo \u00e9lectrique virtuel de type \"Electrified\" directement devant eux et d'explorer des caract\u00e9ristiques high-tech sans devoir se rendre dans une boutique de marque VanMoof ou attendre la livraison \u00e0 domicile.<\/p>\n<h3 id=\"verbessertes-kauferlebnis\">Am\u00e9lioration de l'exp\u00e9rience d'achat<\/h3>\n<p>Le champ d'application du test en ligne avant l'achat est \u00e9norme : 76% des consommateurs ont d\u00e9clar\u00e9 qu'ils ach\u00e8teraient plus de produits si cela leur \u00e9tait propos\u00e9.<\/p>\n<p>&#8222;Da sich die Menschen mehr daran gew\u00f6hnen, Waren online zu kaufen, ist es sinnvoll, die Interaktivit\u00e4t des Erlebnisses zu perfektionieren. Wenn man nicht in der N\u00e4he einer der acht St\u00e4dte mit unseren Markenshops wohnt, kann man mit dem Augmented-Reality-Tool unseren Fahrr\u00e4dern so nahe kommen wie im echten Leben. Die Technologie entwickelt sich so schnell weiter, dass wir noch mehr Funktionen planen \u2013 wie w\u00e4re es zum Beispiel mit virtuellen Testfahrten?&#8220; meint Taco Carlier, CEO und Mitbegr\u00fcnder von VanMoof.<cite> <\/cite><\/p>\n<h2 id=\"online-barrieren-abbauen\">Abolir les barri\u00e8res en ligne<\/h2>\n<p>La marque de mobilit\u00e9 direct-to-consumer s'est donn\u00e9 pour priorit\u00e9 de r\u00e9duire la barri\u00e8re \u00e0 l'achat en ligne pour les cyclistes. En outre, VanMoof esp\u00e8re que l'outil de RA contribuera \u00e0 r\u00e9duire les retours et les frais d'exp\u00e9dition dans le monde entier de mani\u00e8re ludique et simple.<\/p>\n<p>&#8222;Eines der gr\u00f6ssten Probleme beim Online-Kauf sind die Retouren. Diese sind ein enormes Hindernis f\u00fcr die Nachhaltigkeit und ein extremer Belastungsfaktor f\u00fcr die Lieferkette. AR erm\u00f6glicht es uns, noch mehr Menschen die M\u00f6glichkeit zu geben, unser Produkt zu erleben, bevor sie es kaufen&#8220; sagt Taco Carlier weiter.<cite><\/cite><\/p>\n<p>Cette exp\u00e9rience de r\u00e9alit\u00e9 augment\u00e9e sur mesure a \u00e9t\u00e9 d\u00e9velopp\u00e9e en collaboration avec le partenaire num\u00e9rique Boldly. Elle peut \u00eatre d\u00e9couverte sur le site web de VAnMoof. <a href=\"https:\/\/www.vanmoof.com\/bikes\/de-DE\/electrified-s2\" target=\"_blank\" rel=\"noopener noreferrer\">ici<\/a>.<\/p>\n<p>Source : pedelec-elektro-fahrfahr<\/p>","protected":false},"excerpt":{"rendered":"Comme l'entreprise n\u00e9erlandaise VanMoof vend 80% de ses v\u00e9los en ligne, elle introduit la RA. Les innovateurs du v\u00e9lo \u00e9lectrique veulent ainsi...","protected":false},"author":12,"featured_media":16144,"comment_status":"open","ping_status":"open","sticky":false,"template":"","format":"standard","meta":{"footnotes":""},"categories":[67],"tags":[],"class_list":{"0":"post-16143","1":"post","2":"type-post","3":"status-publish","4":"format-standard","5":"has-post-thumbnail","7":"category-virtual-reality-gesellschaft","8":"cs-entry","9":"cs-video-wrap"},"yoast_head":"<!-- This site is optimized with the Yoast SEO plugin v27.4 - https:\/\/yoast.com\/product\/yoast-seo-wordpress\/ -->\n<title>E-Bike-Innovatoren sind \u00fcberzeugt: AR soll Retouren reduzieren - Schweizer Virtual Reality News<\/title>\n<meta name=\"robots\" content=\"index, follow, max-snippet:-1, max-image-preview:large, max-video-preview:-1\" \/>\n<link rel=\"canonical\" href=\"https:\/\/vr-room.ch\/fr\/2020\/01\/09\/e-bike-innovatoren-sind-ueberzeugt-ar-soll-retouren-reduzieren\/\" \/>\n<meta property=\"og:locale\" content=\"fr_FR\" \/>\n<meta property=\"og:type\" content=\"article\" \/>\n<meta property=\"og:title\" content=\"E-Bike-Innovatoren sind \u00fcberzeugt: AR soll Retouren reduzieren - Schweizer Virtual Reality News\" \/>\n<meta property=\"og:description\" content=\"Da das niederl\u00e4ndische Unternehmen VanMoof 80% seiner Fahrr\u00e4der online verkauft, f\u00fchrt es AR ein. Die E-Bike-Innovatoren wollen damit&hellip;\" \/>\n<meta property=\"og:url\" content=\"https:\/\/vr-room.ch\/fr\/2020\/01\/09\/e-bike-innovatoren-sind-ueberzeugt-ar-soll-retouren-reduzieren\/\" \/>\n<meta property=\"og:site_name\" content=\"Schweizer Virtual Reality News\" \/>\n<meta property=\"article:published_time\" content=\"2020-01-09T10:53:29+00:00\" \/>\n<meta property=\"og:image\" content=\"https:\/\/vr-room.ch\/wp-content\/uploads\/2020\/01\/velo-ar.jpg\" \/>\n\t<meta property=\"og:image:width\" content=\"1500\" \/>\n\t<meta property=\"og:image:height\" content=\"844\" \/>\n\t<meta property=\"og:image:type\" content=\"image\/jpeg\" \/>\n<meta name=\"author\" content=\"Nathalie\" \/>\n<meta name=\"twitter:card\" content=\"summary_large_image\" \/>\n<meta name=\"twitter:label1\" content=\"\u00c9crit par\" \/>\n\t<meta name=\"twitter:data1\" content=\"Nathalie\" \/>\n\t<meta name=\"twitter:label2\" content=\"Dur\u00e9e de lecture estim\u00e9e\" \/>\n\t<meta name=\"twitter:data2\" content=\"2 minutes\" \/>\n<script type=\"application\/ld+json\" class=\"yoast-schema-graph\">{\"@context\":\"https:\\\/\\\/schema.org\",\"@graph\":[{\"@type\":\"Article\",\"@id\":\"https:\\\/\\\/vr-room.ch\\\/2020\\\/01\\\/09\\\/e-bike-innovatoren-sind-ueberzeugt-ar-soll-retouren-reduzieren\\\/#article\",\"isPartOf\":{\"@id\":\"https:\\\/\\\/vr-room.ch\\\/2020\\\/01\\\/09\\\/e-bike-innovatoren-sind-ueberzeugt-ar-soll-retouren-reduzieren\\\/\"},\"author\":{\"name\":\"Nathalie\",\"@id\":\"http:\\\/\\\/vr-room.ch\\\/en\\\/#\\\/schema\\\/person\\\/1a03b3a6ced429fb4831f60fa2b37599\"},\"headline\":\"E-Bike-Innovatoren sind \u00fcberzeugt: AR soll Retouren reduzieren\",\"datePublished\":\"2020-01-09T10:53:29+00:00\",\"mainEntityOfPage\":{\"@id\":\"https:\\\/\\\/vr-room.ch\\\/2020\\\/01\\\/09\\\/e-bike-innovatoren-sind-ueberzeugt-ar-soll-retouren-reduzieren\\\/\"},\"wordCount\":340,\"commentCount\":0,\"image\":{\"@id\":\"https:\\\/\\\/vr-room.ch\\\/2020\\\/01\\\/09\\\/e-bike-innovatoren-sind-ueberzeugt-ar-soll-retouren-reduzieren\\\/#primaryimage\"},\"thumbnailUrl\":\"https:\\\/\\\/vr-room.ch\\\/wp-content\\\/uploads\\\/2020\\\/01\\\/velo-ar.jpg\",\"articleSection\":[\"Gesellschaft\"],\"inLanguage\":\"fr-FR\",\"potentialAction\":[{\"@type\":\"CommentAction\",\"name\":\"Comment\",\"target\":[\"https:\\\/\\\/vr-room.ch\\\/2020\\\/01\\\/09\\\/e-bike-innovatoren-sind-ueberzeugt-ar-soll-retouren-reduzieren\\\/#respond\"]}]},{\"@type\":\"WebPage\",\"@id\":\"https:\\\/\\\/vr-room.ch\\\/2020\\\/01\\\/09\\\/e-bike-innovatoren-sind-ueberzeugt-ar-soll-retouren-reduzieren\\\/\",\"url\":\"https:\\\/\\\/vr-room.ch\\\/2020\\\/01\\\/09\\\/e-bike-innovatoren-sind-ueberzeugt-ar-soll-retouren-reduzieren\\\/\",\"name\":\"E-Bike-Innovatoren sind \u00fcberzeugt: AR soll Retouren reduzieren - Schweizer Virtual Reality News\",\"isPartOf\":{\"@id\":\"http:\\\/\\\/vr-room.ch\\\/en\\\/#website\"},\"primaryImageOfPage\":{\"@id\":\"https:\\\/\\\/vr-room.ch\\\/2020\\\/01\\\/09\\\/e-bike-innovatoren-sind-ueberzeugt-ar-soll-retouren-reduzieren\\\/#primaryimage\"},\"image\":{\"@id\":\"https:\\\/\\\/vr-room.ch\\\/2020\\\/01\\\/09\\\/e-bike-innovatoren-sind-ueberzeugt-ar-soll-retouren-reduzieren\\\/#primaryimage\"},\"thumbnailUrl\":\"https:\\\/\\\/vr-room.ch\\\/wp-content\\\/uploads\\\/2020\\\/01\\\/velo-ar.jpg\",\"datePublished\":\"2020-01-09T10:53:29+00:00\",\"author\":{\"@id\":\"http:\\\/\\\/vr-room.ch\\\/en\\\/#\\\/schema\\\/person\\\/1a03b3a6ced429fb4831f60fa2b37599\"},\"breadcrumb\":{\"@id\":\"https:\\\/\\\/vr-room.ch\\\/2020\\\/01\\\/09\\\/e-bike-innovatoren-sind-ueberzeugt-ar-soll-retouren-reduzieren\\\/#breadcrumb\"},\"inLanguage\":\"fr-FR\",\"potentialAction\":[{\"@type\":\"ReadAction\",\"target\":[\"https:\\\/\\\/vr-room.ch\\\/2020\\\/01\\\/09\\\/e-bike-innovatoren-sind-ueberzeugt-ar-soll-retouren-reduzieren\\\/\"]}]},{\"@type\":\"ImageObject\",\"inLanguage\":\"fr-FR\",\"@id\":\"https:\\\/\\\/vr-room.ch\\\/2020\\\/01\\\/09\\\/e-bike-innovatoren-sind-ueberzeugt-ar-soll-retouren-reduzieren\\\/#primaryimage\",\"url\":\"https:\\\/\\\/vr-room.ch\\\/wp-content\\\/uploads\\\/2020\\\/01\\\/velo-ar.jpg\",\"contentUrl\":\"https:\\\/\\\/vr-room.ch\\\/wp-content\\\/uploads\\\/2020\\\/01\\\/velo-ar.jpg\",\"width\":1500,\"height\":844},{\"@type\":\"BreadcrumbList\",\"@id\":\"https:\\\/\\\/vr-room.ch\\\/2020\\\/01\\\/09\\\/e-bike-innovatoren-sind-ueberzeugt-ar-soll-retouren-reduzieren\\\/#breadcrumb\",\"itemListElement\":[{\"@type\":\"ListItem\",\"position\":1,\"name\":\"Startseite\",\"item\":\"http:\\\/\\\/vr-room.ch\\\/en\\\/\"},{\"@type\":\"ListItem\",\"position\":2,\"name\":\"E-Bike-Innovatoren sind \u00fcberzeugt: AR soll Retouren reduzieren\"}]},{\"@type\":\"WebSite\",\"@id\":\"http:\\\/\\\/vr-room.ch\\\/en\\\/#website\",\"url\":\"http:\\\/\\\/vr-room.ch\\\/en\\\/\",\"name\":\"Schweizer Virtual Reality News\",\"description\":\"\",\"potentialAction\":[{\"@type\":\"SearchAction\",\"target\":{\"@type\":\"EntryPoint\",\"urlTemplate\":\"http:\\\/\\\/vr-room.ch\\\/en\\\/?s={search_term_string}\"},\"query-input\":{\"@type\":\"PropertyValueSpecification\",\"valueRequired\":true,\"valueName\":\"search_term_string\"}}],\"inLanguage\":\"fr-FR\"},{\"@type\":\"Person\",\"@id\":\"http:\\\/\\\/vr-room.ch\\\/en\\\/#\\\/schema\\\/person\\\/1a03b3a6ced429fb4831f60fa2b37599\",\"name\":\"Nathalie\",\"image\":{\"@type\":\"ImageObject\",\"inLanguage\":\"fr-FR\",\"@id\":\"https:\\\/\\\/vr-room.ch\\\/wp-content\\\/uploads\\\/2017\\\/01\\\/avatar_user_12_1484159890-96x96.jpg\",\"url\":\"https:\\\/\\\/vr-room.ch\\\/wp-content\\\/uploads\\\/2017\\\/01\\\/avatar_user_12_1484159890-96x96.jpg\",\"contentUrl\":\"https:\\\/\\\/vr-room.ch\\\/wp-content\\\/uploads\\\/2017\\\/01\\\/avatar_user_12_1484159890-96x96.jpg\",\"caption\":\"Nathalie\"},\"url\":\"https:\\\/\\\/vr-room.ch\\\/fr\\\/author\\\/nathalie\\\/\"}]}<\/script>\n<!-- \/ Yoast SEO plugin. -->","yoast_head_json":{"title":"E-Bike-Innovatoren sind \u00fcberzeugt: AR soll Retouren reduzieren - Schweizer Virtual Reality News","robots":{"index":"index","follow":"follow","max-snippet":"max-snippet:-1","max-image-preview":"max-image-preview:large","max-video-preview":"max-video-preview:-1"},"canonical":"https:\/\/vr-room.ch\/fr\/2020\/01\/09\/e-bike-innovatoren-sind-ueberzeugt-ar-soll-retouren-reduzieren\/","og_locale":"fr_FR","og_type":"article","og_title":"E-Bike-Innovatoren sind \u00fcberzeugt: AR soll Retouren reduzieren - Schweizer Virtual Reality News","og_description":"Da das niederl\u00e4ndische Unternehmen VanMoof 80% seiner Fahrr\u00e4der online verkauft, f\u00fchrt es AR ein. Die E-Bike-Innovatoren wollen damit&hellip;","og_url":"https:\/\/vr-room.ch\/fr\/2020\/01\/09\/e-bike-innovatoren-sind-ueberzeugt-ar-soll-retouren-reduzieren\/","og_site_name":"Schweizer Virtual Reality News","article_published_time":"2020-01-09T10:53:29+00:00","og_image":[{"width":1500,"height":844,"url":"https:\/\/vr-room.ch\/wp-content\/uploads\/2020\/01\/velo-ar.jpg","type":"image\/jpeg"}],"author":"Nathalie","twitter_card":"summary_large_image","twitter_misc":{"\u00c9crit par":"Nathalie","Dur\u00e9e de lecture estim\u00e9e":"2 minutes"},"schema":{"@context":"https:\/\/schema.org","@graph":[{"@type":"Article","@id":"https:\/\/vr-room.ch\/2020\/01\/09\/e-bike-innovatoren-sind-ueberzeugt-ar-soll-retouren-reduzieren\/#article","isPartOf":{"@id":"https:\/\/vr-room.ch\/2020\/01\/09\/e-bike-innovatoren-sind-ueberzeugt-ar-soll-retouren-reduzieren\/"},"author":{"name":"Nathalie","@id":"http:\/\/vr-room.ch\/en\/#\/schema\/person\/1a03b3a6ced429fb4831f60fa2b37599"},"headline":"E-Bike-Innovatoren sind \u00fcberzeugt: AR soll Retouren reduzieren","datePublished":"2020-01-09T10:53:29+00:00","mainEntityOfPage":{"@id":"https:\/\/vr-room.ch\/2020\/01\/09\/e-bike-innovatoren-sind-ueberzeugt-ar-soll-retouren-reduzieren\/"},"wordCount":340,"commentCount":0,"image":{"@id":"https:\/\/vr-room.ch\/2020\/01\/09\/e-bike-innovatoren-sind-ueberzeugt-ar-soll-retouren-reduzieren\/#primaryimage"},"thumbnailUrl":"https:\/\/vr-room.ch\/wp-content\/uploads\/2020\/01\/velo-ar.jpg","articleSection":["Gesellschaft"],"inLanguage":"fr-FR","potentialAction":[{"@type":"CommentAction","name":"Comment","target":["https:\/\/vr-room.ch\/2020\/01\/09\/e-bike-innovatoren-sind-ueberzeugt-ar-soll-retouren-reduzieren\/#respond"]}]},{"@type":"WebPage","@id":"https:\/\/vr-room.ch\/2020\/01\/09\/e-bike-innovatoren-sind-ueberzeugt-ar-soll-retouren-reduzieren\/","url":"https:\/\/vr-room.ch\/2020\/01\/09\/e-bike-innovatoren-sind-ueberzeugt-ar-soll-retouren-reduzieren\/","name":"E-Bike-Innovatoren sind \u00fcberzeugt: AR soll Retouren reduzieren - Schweizer Virtual Reality News","isPartOf":{"@id":"http:\/\/vr-room.ch\/en\/#website"},"primaryImageOfPage":{"@id":"https:\/\/vr-room.ch\/2020\/01\/09\/e-bike-innovatoren-sind-ueberzeugt-ar-soll-retouren-reduzieren\/#primaryimage"},"image":{"@id":"https:\/\/vr-room.ch\/2020\/01\/09\/e-bike-innovatoren-sind-ueberzeugt-ar-soll-retouren-reduzieren\/#primaryimage"},"thumbnailUrl":"https:\/\/vr-room.ch\/wp-content\/uploads\/2020\/01\/velo-ar.jpg","datePublished":"2020-01-09T10:53:29+00:00","author":{"@id":"http:\/\/vr-room.ch\/en\/#\/schema\/person\/1a03b3a6ced429fb4831f60fa2b37599"},"breadcrumb":{"@id":"https:\/\/vr-room.ch\/2020\/01\/09\/e-bike-innovatoren-sind-ueberzeugt-ar-soll-retouren-reduzieren\/#breadcrumb"},"inLanguage":"fr-FR","potentialAction":[{"@type":"ReadAction","target":["https:\/\/vr-room.ch\/2020\/01\/09\/e-bike-innovatoren-sind-ueberzeugt-ar-soll-retouren-reduzieren\/"]}]},{"@type":"ImageObject","inLanguage":"fr-FR","@id":"https:\/\/vr-room.ch\/2020\/01\/09\/e-bike-innovatoren-sind-ueberzeugt-ar-soll-retouren-reduzieren\/#primaryimage","url":"https:\/\/vr-room.ch\/wp-content\/uploads\/2020\/01\/velo-ar.jpg","contentUrl":"https:\/\/vr-room.ch\/wp-content\/uploads\/2020\/01\/velo-ar.jpg","width":1500,"height":844},{"@type":"BreadcrumbList","@id":"https:\/\/vr-room.ch\/2020\/01\/09\/e-bike-innovatoren-sind-ueberzeugt-ar-soll-retouren-reduzieren\/#breadcrumb","itemListElement":[{"@type":"ListItem","position":1,"name":"Startseite","item":"http:\/\/vr-room.ch\/en\/"},{"@type":"ListItem","position":2,"name":"E-Bike-Innovatoren sind \u00fcberzeugt: AR soll Retouren reduzieren"}]},{"@type":"WebSite","@id":"http:\/\/vr-room.ch\/en\/#website","url":"http:\/\/vr-room.ch\/en\/","name":"Nouvelles de la r\u00e9alit\u00e9 virtuelle suisse","description":"","potentialAction":[{"@type":"SearchAction","target":{"@type":"EntryPoint","urlTemplate":"http:\/\/vr-room.ch\/en\/?s={search_term_string}"},"query-input":{"@type":"PropertyValueSpecification","valueRequired":true,"valueName":"search_term_string"}}],"inLanguage":"fr-FR"},{"@type":"Person","@id":"http:\/\/vr-room.ch\/en\/#\/schema\/person\/1a03b3a6ced429fb4831f60fa2b37599","name":"Nathalie","image":{"@type":"ImageObject","inLanguage":"fr-FR","@id":"https:\/\/vr-room.ch\/wp-content\/uploads\/2017\/01\/avatar_user_12_1484159890-96x96.jpg","url":"https:\/\/vr-room.ch\/wp-content\/uploads\/2017\/01\/avatar_user_12_1484159890-96x96.jpg","contentUrl":"https:\/\/vr-room.ch\/wp-content\/uploads\/2017\/01\/avatar_user_12_1484159890-96x96.jpg","caption":"Nathalie"},"url":"https:\/\/vr-room.ch\/fr\/author\/nathalie\/"}]}},"_links":{"self":[{"href":"https:\/\/vr-room.ch\/fr\/wp-json\/wp\/v2\/posts\/16143","targetHints":{"allow":["GET"]}}],"collection":[{"href":"https:\/\/vr-room.ch\/fr\/wp-json\/wp\/v2\/posts"}],"about":[{"href":"https:\/\/vr-room.ch\/fr\/wp-json\/wp\/v2\/types\/post"}],"author":[{"embeddable":true,"href":"https:\/\/vr-room.ch\/fr\/wp-json\/wp\/v2\/users\/12"}],"replies":[{"embeddable":true,"href":"https:\/\/vr-room.ch\/fr\/wp-json\/wp\/v2\/comments?post=16143"}],"version-history":[{"count":0,"href":"https:\/\/vr-room.ch\/fr\/wp-json\/wp\/v2\/posts\/16143\/revisions"}],"wp:featuredmedia":[{"embeddable":true,"href":"https:\/\/vr-room.ch\/fr\/wp-json\/wp\/v2\/media\/16144"}],"wp:attachment":[{"href":"https:\/\/vr-room.ch\/fr\/wp-json\/wp\/v2\/media?parent=16143"}],"wp:term":[{"taxonomy":"category","embeddable":true,"href":"https:\/\/vr-room.ch\/fr\/wp-json\/wp\/v2\/categories?post=16143"},{"taxonomy":"post_tag","embeddable":true,"href":"https:\/\/vr-room.ch\/fr\/wp-json\/wp\/v2\/tags?post=16143"}],"curies":[{"name":"wp","href":"https:\/\/api.w.org\/{rel}","templated":true}]}}