{"id":15936,"date":"2019-12-15T09:11:07","date_gmt":"2019-12-15T09:11:07","guid":{"rendered":"https:\/\/vr-room.ch\/?p=15936"},"modified":"2019-12-06T09:19:45","modified_gmt":"2019-12-06T09:19:45","slug":"nationalbibliothek-in-wien-setzt-auf-augmented-reality","status":"publish","type":"post","link":"https:\/\/vr-room.ch\/fr\/2019\/12\/15\/nationalbibliothek-in-wien-setzt-auf-augmented-reality\/","title":{"rendered":"La Biblioth\u00e8que nationale de Vienne mise sur la r\u00e9alit\u00e9 augment\u00e9e"},"content":{"rendered":"<h3 id=\"die-oesterreichische-nationalbibliothek-bietet-seit-kurzem-ein-besonderes-fuehrungserlebnis-im-prunksaal-eine-augmented-reality-tour-dabei-wird-das-barocke-gesamtkunstwerk-mit-seinen-200-000-wertvol\" class=\"vodl-region-article__excerpt\"><strong>La Biblioth\u00e8que nationale d'Autriche propose depuis peu une exp\u00e9rience de visite particuli\u00e8re dans la salle d'apparat : une visite en r\u00e9alit\u00e9 augment\u00e9e. Cette \u0153uvre d'art baroque avec ses 200 000 livres pr\u00e9cieux est pr\u00e9sent\u00e9e \u00e0 l'aide de la technologie la plus r\u00e9cente. Le groupe cible est constitu\u00e9 d'enfants accompagn\u00e9s d'adultes.<\/strong><\/h3>\n<p><!--more--><\/p>\n<div class=\"vodl-region-article__content-text\">\n<p class=\"has-normal-font-size\">La tablette comme fen\u00eatre sur le monde : la <a href=\"https:\/\/www.onb.ac.at\/ueber-uns\/presse\/pressemeldungen\/augmented-reality-tour-durch-den-prunksaal\">Biblioth\u00e8que nationale d'Autriche<\/a> setzt bei ihrer neuen Familienf\u00fchrung durch den Prunksaal auf Augmented Reality: Dabei soll das &#8222;barocke Gesamtkunstwerk mit seinen 200.000 wertvollen B\u00fcchern&#8220; mithilfe neuester Technologie jungen Besuchern und deren Begleitpersonen n\u00e4her gebracht werden.<\/p>\n<\/div>\n<div class=\"vodl-region-article__content-text\">\n<h3 id=\"augmented-reality-guide-durch-den-prunksaal\">Guide en r\u00e9alit\u00e9 augment\u00e9e de la salle d'apparat<\/h3>\n<\/div>\n<div class=\"vodl-region-article__content-text\">\n<p class=\"has-normal-font-size\">Dabei bekommen die Teilnehmer von ihrem Guide ein Tablet \u00fcberreicht, durch das sie den Prunksaal &#8222;wie durch ein Fenster betrachten&#8220; k\u00f6nnen. An insgesamt sechs Punkten des Raums werden auf das Tablet Szenen einer Geschichte eingespielt, die &#8222;drei kleine, wissbegierige B\u00fccherw\u00fcrmer zwischen den Regalen der Bibliothek erleben&#8220;. Die B\u00fccherwurm-Geschichte ist f\u00fcr Kinder im Alter zwischen 7 und 11 Jahren konzipziert und dauert rund 10 Minuten. Aufbauend auf den Augmented Reality-Szenen vermittelt der Guide den Kindern und ihren erwachsene BegleiterInnen zus\u00e4tzliche Informationen rund um den Prunksaal und seine reichhaltigen Best\u00e4nde. Erg\u00e4nzt wird die F\u00fchrung um altersgerecht aufbereitete Erkl\u00e4rungen zu dieser zukunftsweisenden Technologie.<\/p>\n<\/div>\n<div class=\"vodl-region-article__content-text\">\n<p class=\"has-normal-font-size\">Con\u00e7ue et r\u00e9alis\u00e9e en collaboration avec l'artiste multim\u00e9dia Kristina Hofmann, la visite en r\u00e9alit\u00e9 augment\u00e9e dure 45 minutes au total.<\/p>\n<p>Une courte vid\u00e9o sur le site de la Biblioth\u00e8que nationale d'Autriche donne un premier aper\u00e7u de ce nouveau format.<\/p>\n<p><iframe loading=\"lazy\" title=\"Visite guid\u00e9e en r\u00e9alit\u00e9 augment\u00e9e dans la salle d&#039;apparat\" width=\"1200\" height=\"675\" src=\"https:\/\/www.youtube.com\/embed\/b1OBxVyf-zA?feature=oembed\" frameborder=\"0\" allow=\"accelerometer; autoplay; clipboard-write; encrypted-media; gyroscope; picture-in-picture\" allowfullscreen><\/iframe><\/p>\n<p>Source : Biblioth\u00e8que nationale \/ vienna \/ Youtube<\/p>\n<\/div>","protected":false},"excerpt":{"rendered":"La Biblioth\u00e8que nationale d'Autriche propose depuis peu une exp\u00e9rience de visite particuli\u00e8re dans la salle d'apparat : une visite en r\u00e9alit\u00e9 augment\u00e9e. La biblioth\u00e8que baroque est...","protected":false},"author":12,"featured_media":15937,"comment_status":"open","ping_status":"open","sticky":false,"template":"","format":"standard","meta":{"footnotes":""},"categories":[67],"tags":[],"class_list":{"0":"post-15936","1":"post","2":"type-post","3":"status-publish","4":"format-standard","5":"has-post-thumbnail","7":"category-virtual-reality-gesellschaft","8":"cs-entry","9":"cs-video-wrap"},"yoast_head":"<!-- This site is optimized with the Yoast SEO plugin v27.4 - https:\/\/yoast.com\/product\/yoast-seo-wordpress\/ -->\n<title>Nationalbibliothek in Wien setzt auf Augmented Reality - Schweizer Virtual Reality News<\/title>\n<meta name=\"robots\" content=\"index, follow, max-snippet:-1, max-image-preview:large, max-video-preview:-1\" \/>\n<link rel=\"canonical\" href=\"http:\/\/vr-room.ch\/fr\/2019\/12\/15\/nationalbibliothek-in-wien-setzt-auf-augmented-reality\/\" \/>\n<meta property=\"og:locale\" content=\"fr_FR\" \/>\n<meta property=\"og:type\" content=\"article\" \/>\n<meta property=\"og:title\" content=\"Nationalbibliothek in Wien setzt auf Augmented Reality - Schweizer Virtual Reality News\" \/>\n<meta property=\"og:description\" content=\"Die \u00d6sterreichische Nationalbibliothek bietet seit Kurzem ein besonderes F\u00fchrungserlebnis im Prunksaal: eine Augmented Reality-Tour. Dabei wird das barocke&hellip;\" \/>\n<meta property=\"og:url\" content=\"http:\/\/vr-room.ch\/fr\/2019\/12\/15\/nationalbibliothek-in-wien-setzt-auf-augmented-reality\/\" \/>\n<meta property=\"og:site_name\" content=\"Schweizer Virtual Reality News\" \/>\n<meta property=\"article:published_time\" content=\"2019-12-15T09:11:07+00:00\" \/>\n<meta property=\"og:image\" content=\"https:\/\/vr-room.ch\/wp-content\/uploads\/2019\/12\/csm_Bookworms_03_e0ef58bfe4-1024x576.png\" \/>\n\t<meta property=\"og:image:width\" content=\"1024\" \/>\n\t<meta property=\"og:image:height\" content=\"576\" \/>\n\t<meta property=\"og:image:type\" content=\"image\/png\" \/>\n<meta name=\"author\" content=\"Nathalie\" \/>\n<meta name=\"twitter:card\" content=\"summary_large_image\" \/>\n<meta name=\"twitter:label1\" content=\"\u00c9crit par\" \/>\n\t<meta name=\"twitter:data1\" content=\"Nathalie\" \/>\n\t<meta name=\"twitter:label2\" content=\"Dur\u00e9e de lecture estim\u00e9e\" \/>\n\t<meta name=\"twitter:data2\" content=\"1 minute\" \/>\n<script type=\"application\/ld+json\" class=\"yoast-schema-graph\">{\"@context\":\"https:\\\/\\\/schema.org\",\"@graph\":[{\"@type\":\"Article\",\"@id\":\"http:\\\/\\\/vr-room.ch\\\/fr\\\/2019\\\/12\\\/15\\\/nationalbibliothek-in-wien-setzt-auf-augmented-reality\\\/#article\",\"isPartOf\":{\"@id\":\"http:\\\/\\\/vr-room.ch\\\/fr\\\/2019\\\/12\\\/15\\\/nationalbibliothek-in-wien-setzt-auf-augmented-reality\\\/\"},\"author\":{\"name\":\"Nathalie\",\"@id\":\"http:\\\/\\\/vr-room.ch\\\/en\\\/#\\\/schema\\\/person\\\/1a03b3a6ced429fb4831f60fa2b37599\"},\"headline\":\"Nationalbibliothek in Wien setzt auf Augmented Reality\",\"datePublished\":\"2019-12-15T09:11:07+00:00\",\"mainEntityOfPage\":{\"@id\":\"http:\\\/\\\/vr-room.ch\\\/fr\\\/2019\\\/12\\\/15\\\/nationalbibliothek-in-wien-setzt-auf-augmented-reality\\\/\"},\"wordCount\":253,\"commentCount\":0,\"image\":{\"@id\":\"http:\\\/\\\/vr-room.ch\\\/fr\\\/2019\\\/12\\\/15\\\/nationalbibliothek-in-wien-setzt-auf-augmented-reality\\\/#primaryimage\"},\"thumbnailUrl\":\"https:\\\/\\\/vr-room.ch\\\/wp-content\\\/uploads\\\/2019\\\/12\\\/csm_Bookworms_03_e0ef58bfe4.png\",\"articleSection\":[\"Gesellschaft\"],\"inLanguage\":\"fr-FR\",\"potentialAction\":[{\"@type\":\"CommentAction\",\"name\":\"Comment\",\"target\":[\"http:\\\/\\\/vr-room.ch\\\/fr\\\/2019\\\/12\\\/15\\\/nationalbibliothek-in-wien-setzt-auf-augmented-reality\\\/#respond\"]}]},{\"@type\":\"WebPage\",\"@id\":\"http:\\\/\\\/vr-room.ch\\\/fr\\\/2019\\\/12\\\/15\\\/nationalbibliothek-in-wien-setzt-auf-augmented-reality\\\/\",\"url\":\"http:\\\/\\\/vr-room.ch\\\/fr\\\/2019\\\/12\\\/15\\\/nationalbibliothek-in-wien-setzt-auf-augmented-reality\\\/\",\"name\":\"Nationalbibliothek in Wien setzt auf Augmented Reality - Schweizer Virtual Reality News\",\"isPartOf\":{\"@id\":\"http:\\\/\\\/vr-room.ch\\\/en\\\/#website\"},\"primaryImageOfPage\":{\"@id\":\"http:\\\/\\\/vr-room.ch\\\/fr\\\/2019\\\/12\\\/15\\\/nationalbibliothek-in-wien-setzt-auf-augmented-reality\\\/#primaryimage\"},\"image\":{\"@id\":\"http:\\\/\\\/vr-room.ch\\\/fr\\\/2019\\\/12\\\/15\\\/nationalbibliothek-in-wien-setzt-auf-augmented-reality\\\/#primaryimage\"},\"thumbnailUrl\":\"https:\\\/\\\/vr-room.ch\\\/wp-content\\\/uploads\\\/2019\\\/12\\\/csm_Bookworms_03_e0ef58bfe4.png\",\"datePublished\":\"2019-12-15T09:11:07+00:00\",\"author\":{\"@id\":\"http:\\\/\\\/vr-room.ch\\\/en\\\/#\\\/schema\\\/person\\\/1a03b3a6ced429fb4831f60fa2b37599\"},\"breadcrumb\":{\"@id\":\"http:\\\/\\\/vr-room.ch\\\/fr\\\/2019\\\/12\\\/15\\\/nationalbibliothek-in-wien-setzt-auf-augmented-reality\\\/#breadcrumb\"},\"inLanguage\":\"fr-FR\",\"potentialAction\":[{\"@type\":\"ReadAction\",\"target\":[\"http:\\\/\\\/vr-room.ch\\\/fr\\\/2019\\\/12\\\/15\\\/nationalbibliothek-in-wien-setzt-auf-augmented-reality\\\/\"]}]},{\"@type\":\"ImageObject\",\"inLanguage\":\"fr-FR\",\"@id\":\"http:\\\/\\\/vr-room.ch\\\/fr\\\/2019\\\/12\\\/15\\\/nationalbibliothek-in-wien-setzt-auf-augmented-reality\\\/#primaryimage\",\"url\":\"https:\\\/\\\/vr-room.ch\\\/wp-content\\\/uploads\\\/2019\\\/12\\\/csm_Bookworms_03_e0ef58bfe4.png\",\"contentUrl\":\"https:\\\/\\\/vr-room.ch\\\/wp-content\\\/uploads\\\/2019\\\/12\\\/csm_Bookworms_03_e0ef58bfe4.png\",\"width\":1920,\"height\":1080},{\"@type\":\"BreadcrumbList\",\"@id\":\"http:\\\/\\\/vr-room.ch\\\/fr\\\/2019\\\/12\\\/15\\\/nationalbibliothek-in-wien-setzt-auf-augmented-reality\\\/#breadcrumb\",\"itemListElement\":[{\"@type\":\"ListItem\",\"position\":1,\"name\":\"Startseite\",\"item\":\"http:\\\/\\\/vr-room.ch\\\/en\\\/\"},{\"@type\":\"ListItem\",\"position\":2,\"name\":\"Nationalbibliothek in Wien setzt auf Augmented Reality\"}]},{\"@type\":\"WebSite\",\"@id\":\"http:\\\/\\\/vr-room.ch\\\/en\\\/#website\",\"url\":\"http:\\\/\\\/vr-room.ch\\\/en\\\/\",\"name\":\"Schweizer Virtual Reality News\",\"description\":\"\",\"potentialAction\":[{\"@type\":\"SearchAction\",\"target\":{\"@type\":\"EntryPoint\",\"urlTemplate\":\"http:\\\/\\\/vr-room.ch\\\/en\\\/?s={search_term_string}\"},\"query-input\":{\"@type\":\"PropertyValueSpecification\",\"valueRequired\":true,\"valueName\":\"search_term_string\"}}],\"inLanguage\":\"fr-FR\"},{\"@type\":\"Person\",\"@id\":\"http:\\\/\\\/vr-room.ch\\\/en\\\/#\\\/schema\\\/person\\\/1a03b3a6ced429fb4831f60fa2b37599\",\"name\":\"Nathalie\",\"image\":{\"@type\":\"ImageObject\",\"inLanguage\":\"fr-FR\",\"@id\":\"https:\\\/\\\/vr-room.ch\\\/wp-content\\\/uploads\\\/2017\\\/01\\\/avatar_user_12_1484159890-96x96.jpg\",\"url\":\"https:\\\/\\\/vr-room.ch\\\/wp-content\\\/uploads\\\/2017\\\/01\\\/avatar_user_12_1484159890-96x96.jpg\",\"contentUrl\":\"https:\\\/\\\/vr-room.ch\\\/wp-content\\\/uploads\\\/2017\\\/01\\\/avatar_user_12_1484159890-96x96.jpg\",\"caption\":\"Nathalie\"},\"url\":\"https:\\\/\\\/vr-room.ch\\\/fr\\\/author\\\/nathalie\\\/\"}]}<\/script>\n<!-- \/ Yoast SEO plugin. -->","yoast_head_json":{"title":"Nationalbibliothek in Wien setzt auf Augmented Reality - Schweizer Virtual Reality News","robots":{"index":"index","follow":"follow","max-snippet":"max-snippet:-1","max-image-preview":"max-image-preview:large","max-video-preview":"max-video-preview:-1"},"canonical":"http:\/\/vr-room.ch\/fr\/2019\/12\/15\/nationalbibliothek-in-wien-setzt-auf-augmented-reality\/","og_locale":"fr_FR","og_type":"article","og_title":"Nationalbibliothek in Wien setzt auf Augmented Reality - Schweizer Virtual Reality News","og_description":"Die \u00d6sterreichische Nationalbibliothek bietet seit Kurzem ein besonderes F\u00fchrungserlebnis im Prunksaal: eine Augmented Reality-Tour. Dabei wird das barocke&hellip;","og_url":"http:\/\/vr-room.ch\/fr\/2019\/12\/15\/nationalbibliothek-in-wien-setzt-auf-augmented-reality\/","og_site_name":"Schweizer Virtual Reality News","article_published_time":"2019-12-15T09:11:07+00:00","og_image":[{"width":1024,"height":576,"url":"https:\/\/vr-room.ch\/wp-content\/uploads\/2019\/12\/csm_Bookworms_03_e0ef58bfe4-1024x576.png","type":"image\/png"}],"author":"Nathalie","twitter_card":"summary_large_image","twitter_misc":{"\u00c9crit par":"Nathalie","Dur\u00e9e de lecture estim\u00e9e":"1 minute"},"schema":{"@context":"https:\/\/schema.org","@graph":[{"@type":"Article","@id":"http:\/\/vr-room.ch\/fr\/2019\/12\/15\/nationalbibliothek-in-wien-setzt-auf-augmented-reality\/#article","isPartOf":{"@id":"http:\/\/vr-room.ch\/fr\/2019\/12\/15\/nationalbibliothek-in-wien-setzt-auf-augmented-reality\/"},"author":{"name":"Nathalie","@id":"http:\/\/vr-room.ch\/en\/#\/schema\/person\/1a03b3a6ced429fb4831f60fa2b37599"},"headline":"Nationalbibliothek in Wien setzt auf Augmented Reality","datePublished":"2019-12-15T09:11:07+00:00","mainEntityOfPage":{"@id":"http:\/\/vr-room.ch\/fr\/2019\/12\/15\/nationalbibliothek-in-wien-setzt-auf-augmented-reality\/"},"wordCount":253,"commentCount":0,"image":{"@id":"http:\/\/vr-room.ch\/fr\/2019\/12\/15\/nationalbibliothek-in-wien-setzt-auf-augmented-reality\/#primaryimage"},"thumbnailUrl":"https:\/\/vr-room.ch\/wp-content\/uploads\/2019\/12\/csm_Bookworms_03_e0ef58bfe4.png","articleSection":["Gesellschaft"],"inLanguage":"fr-FR","potentialAction":[{"@type":"CommentAction","name":"Comment","target":["http:\/\/vr-room.ch\/fr\/2019\/12\/15\/nationalbibliothek-in-wien-setzt-auf-augmented-reality\/#respond"]}]},{"@type":"WebPage","@id":"http:\/\/vr-room.ch\/fr\/2019\/12\/15\/nationalbibliothek-in-wien-setzt-auf-augmented-reality\/","url":"http:\/\/vr-room.ch\/fr\/2019\/12\/15\/nationalbibliothek-in-wien-setzt-auf-augmented-reality\/","name":"Nationalbibliothek in Wien setzt auf Augmented Reality - Schweizer Virtual Reality News","isPartOf":{"@id":"http:\/\/vr-room.ch\/en\/#website"},"primaryImageOfPage":{"@id":"http:\/\/vr-room.ch\/fr\/2019\/12\/15\/nationalbibliothek-in-wien-setzt-auf-augmented-reality\/#primaryimage"},"image":{"@id":"http:\/\/vr-room.ch\/fr\/2019\/12\/15\/nationalbibliothek-in-wien-setzt-auf-augmented-reality\/#primaryimage"},"thumbnailUrl":"https:\/\/vr-room.ch\/wp-content\/uploads\/2019\/12\/csm_Bookworms_03_e0ef58bfe4.png","datePublished":"2019-12-15T09:11:07+00:00","author":{"@id":"http:\/\/vr-room.ch\/en\/#\/schema\/person\/1a03b3a6ced429fb4831f60fa2b37599"},"breadcrumb":{"@id":"http:\/\/vr-room.ch\/fr\/2019\/12\/15\/nationalbibliothek-in-wien-setzt-auf-augmented-reality\/#breadcrumb"},"inLanguage":"fr-FR","potentialAction":[{"@type":"ReadAction","target":["http:\/\/vr-room.ch\/fr\/2019\/12\/15\/nationalbibliothek-in-wien-setzt-auf-augmented-reality\/"]}]},{"@type":"ImageObject","inLanguage":"fr-FR","@id":"http:\/\/vr-room.ch\/fr\/2019\/12\/15\/nationalbibliothek-in-wien-setzt-auf-augmented-reality\/#primaryimage","url":"https:\/\/vr-room.ch\/wp-content\/uploads\/2019\/12\/csm_Bookworms_03_e0ef58bfe4.png","contentUrl":"https:\/\/vr-room.ch\/wp-content\/uploads\/2019\/12\/csm_Bookworms_03_e0ef58bfe4.png","width":1920,"height":1080},{"@type":"BreadcrumbList","@id":"http:\/\/vr-room.ch\/fr\/2019\/12\/15\/nationalbibliothek-in-wien-setzt-auf-augmented-reality\/#breadcrumb","itemListElement":[{"@type":"ListItem","position":1,"name":"Startseite","item":"http:\/\/vr-room.ch\/en\/"},{"@type":"ListItem","position":2,"name":"Nationalbibliothek in Wien setzt auf Augmented Reality"}]},{"@type":"WebSite","@id":"http:\/\/vr-room.ch\/en\/#website","url":"http:\/\/vr-room.ch\/en\/","name":"Nouvelles de la r\u00e9alit\u00e9 virtuelle suisse","description":"","potentialAction":[{"@type":"SearchAction","target":{"@type":"EntryPoint","urlTemplate":"http:\/\/vr-room.ch\/en\/?s={search_term_string}"},"query-input":{"@type":"PropertyValueSpecification","valueRequired":true,"valueName":"search_term_string"}}],"inLanguage":"fr-FR"},{"@type":"Person","@id":"http:\/\/vr-room.ch\/en\/#\/schema\/person\/1a03b3a6ced429fb4831f60fa2b37599","name":"Nathalie","image":{"@type":"ImageObject","inLanguage":"fr-FR","@id":"https:\/\/vr-room.ch\/wp-content\/uploads\/2017\/01\/avatar_user_12_1484159890-96x96.jpg","url":"https:\/\/vr-room.ch\/wp-content\/uploads\/2017\/01\/avatar_user_12_1484159890-96x96.jpg","contentUrl":"https:\/\/vr-room.ch\/wp-content\/uploads\/2017\/01\/avatar_user_12_1484159890-96x96.jpg","caption":"Nathalie"},"url":"https:\/\/vr-room.ch\/fr\/author\/nathalie\/"}]}},"_links":{"self":[{"href":"https:\/\/vr-room.ch\/fr\/wp-json\/wp\/v2\/posts\/15936","targetHints":{"allow":["GET"]}}],"collection":[{"href":"https:\/\/vr-room.ch\/fr\/wp-json\/wp\/v2\/posts"}],"about":[{"href":"https:\/\/vr-room.ch\/fr\/wp-json\/wp\/v2\/types\/post"}],"author":[{"embeddable":true,"href":"https:\/\/vr-room.ch\/fr\/wp-json\/wp\/v2\/users\/12"}],"replies":[{"embeddable":true,"href":"https:\/\/vr-room.ch\/fr\/wp-json\/wp\/v2\/comments?post=15936"}],"version-history":[{"count":0,"href":"https:\/\/vr-room.ch\/fr\/wp-json\/wp\/v2\/posts\/15936\/revisions"}],"wp:featuredmedia":[{"embeddable":true,"href":"https:\/\/vr-room.ch\/fr\/wp-json\/wp\/v2\/media\/15937"}],"wp:attachment":[{"href":"https:\/\/vr-room.ch\/fr\/wp-json\/wp\/v2\/media?parent=15936"}],"wp:term":[{"taxonomy":"category","embeddable":true,"href":"https:\/\/vr-room.ch\/fr\/wp-json\/wp\/v2\/categories?post=15936"},{"taxonomy":"post_tag","embeddable":true,"href":"https:\/\/vr-room.ch\/fr\/wp-json\/wp\/v2\/tags?post=15936"}],"curies":[{"name":"wp","href":"https:\/\/api.w.org\/{rel}","templated":true}]}}