{"id":15048,"date":"2019-09-04T08:20:08","date_gmt":"2019-09-04T08:20:08","guid":{"rendered":"https:\/\/vr-room.ch\/?p=15048"},"modified":"2019-09-04T08:23:53","modified_gmt":"2019-09-04T08:23:53","slug":"ubisoft-stellt-neues-vr-team-zusammen","status":"publish","type":"post","link":"https:\/\/vr-room.ch\/fr\/2019\/09\/04\/ubisoft-stellt-neues-vr-team-zusammen\/","title":{"rendered":"Ubisoft constitue une nouvelle \u00e9quipe VR"},"content":{"rendered":"<p>Quand il s'agit de jeux en VR <a href=\"https:\/\/www.ubisoft.com\/de-de\/\">Ubisoft<\/a> ein guter Unterst\u00fctzer. Man denke nur an &#8222;Werewolves Within&#8220;, &#8222;Eagle Flight&#8220;, &#8222;Star Trek: Bridge Crew&#8220; oder &#8222;Space Junkies&#8220;. Jetzt wird ein Team f\u00fcr ein neues VR-Projekt zusammengestellt.<\/p>\n<p>L'entreprise pr\u00e9voirait ainsi de mettre en place une \u00e9quipe de 50 personnes pour travailler sur un projet VR non annonc\u00e9, un titre AAA qui utiliserait l'une des plus grandes marques d'Ubisoft. Il y a bien s\u00fbr de nombreuses possibilit\u00e9s, mais il y a quelques semaines, le <a href=\"https:\/\/vr-room.ch\/fr\/2019\/07\/13\/investiert-facebook-eine-milliarde-dollar-in-vr-spiele\/\">Rumeur<\/a> auf, dass sich Facebook mit Ubisoft zusammengetan hat, um exklusive VR-Titel auf Basis der bekannten Marken &#8222;Splinter Cell&#8220; und &#8222;Assassin\u2019s Creed&#8220; f\u00fcr Oculus-Headsets zu ver\u00f6ffentlichen.<\/p>\n<p>Il n'est pas clair s'il existe un lien entre les deux messages, mais pour le studio de D\u00fcsseldorf, les informations suivantes sont notamment fournies dans ce contexte <a href=\"https:\/\/duesseldorf.ubisoft.com\/de\/\">Offres d'emploi<\/a> sont list\u00e9s : Senior Game Designer, Senior Technical Artist, Build &amp; Release Engineer, Senior General Programmer et Senior Level Artist. Il est pr\u00e9cis\u00e9 que toutes les demandes ne figurent pas encore sur le site web.<\/p>\n<p>Source : <a href=\"https:\/\/www.vrfocus.com\/2019\/09\/ubisoft-building-50-person-team-for-unannounced-vr-project\/\">VR-Focus<\/a><\/p>","protected":false},"excerpt":{"rendered":"Wenn es um VR-Spiele geht, dann ist Ubisoft ein guter Unterst\u00fctzer. Man denke nur an &#8222;Werewolves Within&#8220;, &#8222;Eagle&hellip;","protected":false},"author":11,"featured_media":15050,"comment_status":"open","ping_status":"open","sticky":false,"template":"","format":"standard","meta":{"footnotes":""},"categories":[11],"tags":[],"class_list":{"0":"post-15048","1":"post","2":"type-post","3":"status-publish","4":"format-standard","5":"has-post-thumbnail","7":"category-virtual-reality-industrie","8":"cs-entry","9":"cs-video-wrap"},"yoast_head":"<!-- This site is optimized with the Yoast SEO plugin v27.4 - https:\/\/yoast.com\/product\/yoast-seo-wordpress\/ -->\n<title>Ubisoft stellt neues VR-Team zusammen - Schweizer Virtual Reality News<\/title>\n<meta name=\"robots\" content=\"index, follow, max-snippet:-1, max-image-preview:large, max-video-preview:-1\" \/>\n<link rel=\"canonical\" href=\"https:\/\/vr-room.ch\/fr\/2019\/09\/04\/ubisoft-stellt-neues-vr-team-zusammen\/\" \/>\n<meta property=\"og:locale\" content=\"fr_FR\" \/>\n<meta property=\"og:type\" content=\"article\" \/>\n<meta property=\"og:title\" content=\"Ubisoft stellt neues VR-Team zusammen - Schweizer Virtual Reality News\" \/>\n<meta property=\"og:description\" content=\"Wenn es um VR-Spiele geht, dann ist Ubisoft ein guter Unterst\u00fctzer. Man denke nur an &#8222;Werewolves Within&#8220;, &#8222;Eagle&hellip;\" \/>\n<meta property=\"og:url\" content=\"https:\/\/vr-room.ch\/fr\/2019\/09\/04\/ubisoft-stellt-neues-vr-team-zusammen\/\" \/>\n<meta property=\"og:site_name\" content=\"Schweizer Virtual Reality News\" \/>\n<meta property=\"article:published_time\" content=\"2019-09-04T08:20:08+00:00\" \/>\n<meta property=\"article:modified_time\" content=\"2019-09-04T08:23:53+00:00\" \/>\n<meta property=\"og:image\" content=\"https:\/\/vr-room.ch\/wp-content\/uploads\/2019\/09\/Ubisoft.jpg\" \/>\n\t<meta property=\"og:image:width\" content=\"1191\" \/>\n\t<meta property=\"og:image:height\" content=\"535\" \/>\n\t<meta property=\"og:image:type\" content=\"image\/jpeg\" \/>\n<meta name=\"author\" content=\"Michael\" \/>\n<meta name=\"twitter:card\" content=\"summary_large_image\" \/>\n<meta name=\"twitter:label1\" content=\"\u00c9crit par\" \/>\n\t<meta name=\"twitter:data1\" content=\"Michael\" \/>\n\t<meta name=\"twitter:label2\" content=\"Dur\u00e9e de lecture estim\u00e9e\" \/>\n\t<meta name=\"twitter:data2\" content=\"1 minute\" \/>\n<script type=\"application\/ld+json\" class=\"yoast-schema-graph\">{\"@context\":\"https:\\\/\\\/schema.org\",\"@graph\":[{\"@type\":\"Article\",\"@id\":\"https:\\\/\\\/vr-room.ch\\\/it\\\/2019\\\/09\\\/04\\\/ubisoft-stellt-neues-vr-team-zusammen\\\/#article\",\"isPartOf\":{\"@id\":\"https:\\\/\\\/vr-room.ch\\\/it\\\/2019\\\/09\\\/04\\\/ubisoft-stellt-neues-vr-team-zusammen\\\/\"},\"author\":{\"name\":\"Michael\",\"@id\":\"http:\\\/\\\/vr-room.ch\\\/en\\\/#\\\/schema\\\/person\\\/4022b4e1fba06681ac263b25c0f1e3d2\"},\"headline\":\"Ubisoft stellt neues VR-Team zusammen\",\"datePublished\":\"2019-09-04T08:20:08+00:00\",\"dateModified\":\"2019-09-04T08:23:53+00:00\",\"mainEntityOfPage\":{\"@id\":\"https:\\\/\\\/vr-room.ch\\\/it\\\/2019\\\/09\\\/04\\\/ubisoft-stellt-neues-vr-team-zusammen\\\/\"},\"wordCount\":174,\"commentCount\":0,\"image\":{\"@id\":\"https:\\\/\\\/vr-room.ch\\\/it\\\/2019\\\/09\\\/04\\\/ubisoft-stellt-neues-vr-team-zusammen\\\/#primaryimage\"},\"thumbnailUrl\":\"https:\\\/\\\/vr-room.ch\\\/wp-content\\\/uploads\\\/2019\\\/09\\\/Ubisoft.jpg\",\"articleSection\":[\"Industrie\"],\"inLanguage\":\"fr-FR\",\"potentialAction\":[{\"@type\":\"CommentAction\",\"name\":\"Comment\",\"target\":[\"https:\\\/\\\/vr-room.ch\\\/it\\\/2019\\\/09\\\/04\\\/ubisoft-stellt-neues-vr-team-zusammen\\\/#respond\"]}]},{\"@type\":\"WebPage\",\"@id\":\"https:\\\/\\\/vr-room.ch\\\/it\\\/2019\\\/09\\\/04\\\/ubisoft-stellt-neues-vr-team-zusammen\\\/\",\"url\":\"https:\\\/\\\/vr-room.ch\\\/it\\\/2019\\\/09\\\/04\\\/ubisoft-stellt-neues-vr-team-zusammen\\\/\",\"name\":\"Ubisoft stellt neues VR-Team zusammen - Schweizer Virtual Reality News\",\"isPartOf\":{\"@id\":\"http:\\\/\\\/vr-room.ch\\\/en\\\/#website\"},\"primaryImageOfPage\":{\"@id\":\"https:\\\/\\\/vr-room.ch\\\/it\\\/2019\\\/09\\\/04\\\/ubisoft-stellt-neues-vr-team-zusammen\\\/#primaryimage\"},\"image\":{\"@id\":\"https:\\\/\\\/vr-room.ch\\\/it\\\/2019\\\/09\\\/04\\\/ubisoft-stellt-neues-vr-team-zusammen\\\/#primaryimage\"},\"thumbnailUrl\":\"https:\\\/\\\/vr-room.ch\\\/wp-content\\\/uploads\\\/2019\\\/09\\\/Ubisoft.jpg\",\"datePublished\":\"2019-09-04T08:20:08+00:00\",\"dateModified\":\"2019-09-04T08:23:53+00:00\",\"author\":{\"@id\":\"http:\\\/\\\/vr-room.ch\\\/en\\\/#\\\/schema\\\/person\\\/4022b4e1fba06681ac263b25c0f1e3d2\"},\"breadcrumb\":{\"@id\":\"https:\\\/\\\/vr-room.ch\\\/it\\\/2019\\\/09\\\/04\\\/ubisoft-stellt-neues-vr-team-zusammen\\\/#breadcrumb\"},\"inLanguage\":\"fr-FR\",\"potentialAction\":[{\"@type\":\"ReadAction\",\"target\":[\"https:\\\/\\\/vr-room.ch\\\/it\\\/2019\\\/09\\\/04\\\/ubisoft-stellt-neues-vr-team-zusammen\\\/\"]}]},{\"@type\":\"ImageObject\",\"inLanguage\":\"fr-FR\",\"@id\":\"https:\\\/\\\/vr-room.ch\\\/it\\\/2019\\\/09\\\/04\\\/ubisoft-stellt-neues-vr-team-zusammen\\\/#primaryimage\",\"url\":\"https:\\\/\\\/vr-room.ch\\\/wp-content\\\/uploads\\\/2019\\\/09\\\/Ubisoft.jpg\",\"contentUrl\":\"https:\\\/\\\/vr-room.ch\\\/wp-content\\\/uploads\\\/2019\\\/09\\\/Ubisoft.jpg\",\"width\":1191,\"height\":535},{\"@type\":\"BreadcrumbList\",\"@id\":\"https:\\\/\\\/vr-room.ch\\\/it\\\/2019\\\/09\\\/04\\\/ubisoft-stellt-neues-vr-team-zusammen\\\/#breadcrumb\",\"itemListElement\":[{\"@type\":\"ListItem\",\"position\":1,\"name\":\"Startseite\",\"item\":\"http:\\\/\\\/vr-room.ch\\\/en\\\/\"},{\"@type\":\"ListItem\",\"position\":2,\"name\":\"Ubisoft stellt neues VR-Team zusammen\"}]},{\"@type\":\"WebSite\",\"@id\":\"http:\\\/\\\/vr-room.ch\\\/en\\\/#website\",\"url\":\"http:\\\/\\\/vr-room.ch\\\/en\\\/\",\"name\":\"Schweizer Virtual Reality News\",\"description\":\"\",\"potentialAction\":[{\"@type\":\"SearchAction\",\"target\":{\"@type\":\"EntryPoint\",\"urlTemplate\":\"http:\\\/\\\/vr-room.ch\\\/en\\\/?s={search_term_string}\"},\"query-input\":{\"@type\":\"PropertyValueSpecification\",\"valueRequired\":true,\"valueName\":\"search_term_string\"}}],\"inLanguage\":\"fr-FR\"},{\"@type\":\"Person\",\"@id\":\"http:\\\/\\\/vr-room.ch\\\/en\\\/#\\\/schema\\\/person\\\/4022b4e1fba06681ac263b25c0f1e3d2\",\"name\":\"Michael\",\"image\":{\"@type\":\"ImageObject\",\"inLanguage\":\"fr-FR\",\"@id\":\"https:\\\/\\\/vr-room.ch\\\/wp-content\\\/uploads\\\/2019\\\/05\\\/avatar_user_11_1558711168-96x96.jpg\",\"url\":\"https:\\\/\\\/vr-room.ch\\\/wp-content\\\/uploads\\\/2019\\\/05\\\/avatar_user_11_1558711168-96x96.jpg\",\"contentUrl\":\"https:\\\/\\\/vr-room.ch\\\/wp-content\\\/uploads\\\/2019\\\/05\\\/avatar_user_11_1558711168-96x96.jpg\",\"caption\":\"Michael\"},\"url\":\"https:\\\/\\\/vr-room.ch\\\/fr\\\/author\\\/michael\\\/\"}]}<\/script>\n<!-- \/ Yoast SEO plugin. -->","yoast_head_json":{"title":"Ubisoft stellt neues VR-Team zusammen - Schweizer Virtual Reality News","robots":{"index":"index","follow":"follow","max-snippet":"max-snippet:-1","max-image-preview":"max-image-preview:large","max-video-preview":"max-video-preview:-1"},"canonical":"https:\/\/vr-room.ch\/fr\/2019\/09\/04\/ubisoft-stellt-neues-vr-team-zusammen\/","og_locale":"fr_FR","og_type":"article","og_title":"Ubisoft stellt neues VR-Team zusammen - Schweizer Virtual Reality News","og_description":"Wenn es um VR-Spiele geht, dann ist Ubisoft ein guter Unterst\u00fctzer. Man denke nur an &#8222;Werewolves Within&#8220;, &#8222;Eagle&hellip;","og_url":"https:\/\/vr-room.ch\/fr\/2019\/09\/04\/ubisoft-stellt-neues-vr-team-zusammen\/","og_site_name":"Schweizer Virtual Reality News","article_published_time":"2019-09-04T08:20:08+00:00","article_modified_time":"2019-09-04T08:23:53+00:00","og_image":[{"width":1191,"height":535,"url":"https:\/\/vr-room.ch\/wp-content\/uploads\/2019\/09\/Ubisoft.jpg","type":"image\/jpeg"}],"author":"Michael","twitter_card":"summary_large_image","twitter_misc":{"\u00c9crit par":"Michael","Dur\u00e9e de lecture estim\u00e9e":"1 minute"},"schema":{"@context":"https:\/\/schema.org","@graph":[{"@type":"Article","@id":"https:\/\/vr-room.ch\/it\/2019\/09\/04\/ubisoft-stellt-neues-vr-team-zusammen\/#article","isPartOf":{"@id":"https:\/\/vr-room.ch\/it\/2019\/09\/04\/ubisoft-stellt-neues-vr-team-zusammen\/"},"author":{"name":"Michael","@id":"http:\/\/vr-room.ch\/en\/#\/schema\/person\/4022b4e1fba06681ac263b25c0f1e3d2"},"headline":"Ubisoft stellt neues VR-Team zusammen","datePublished":"2019-09-04T08:20:08+00:00","dateModified":"2019-09-04T08:23:53+00:00","mainEntityOfPage":{"@id":"https:\/\/vr-room.ch\/it\/2019\/09\/04\/ubisoft-stellt-neues-vr-team-zusammen\/"},"wordCount":174,"commentCount":0,"image":{"@id":"https:\/\/vr-room.ch\/it\/2019\/09\/04\/ubisoft-stellt-neues-vr-team-zusammen\/#primaryimage"},"thumbnailUrl":"https:\/\/vr-room.ch\/wp-content\/uploads\/2019\/09\/Ubisoft.jpg","articleSection":["Industrie"],"inLanguage":"fr-FR","potentialAction":[{"@type":"CommentAction","name":"Comment","target":["https:\/\/vr-room.ch\/it\/2019\/09\/04\/ubisoft-stellt-neues-vr-team-zusammen\/#respond"]}]},{"@type":"WebPage","@id":"https:\/\/vr-room.ch\/it\/2019\/09\/04\/ubisoft-stellt-neues-vr-team-zusammen\/","url":"https:\/\/vr-room.ch\/it\/2019\/09\/04\/ubisoft-stellt-neues-vr-team-zusammen\/","name":"Ubisoft stellt neues VR-Team zusammen - Schweizer Virtual Reality News","isPartOf":{"@id":"http:\/\/vr-room.ch\/en\/#website"},"primaryImageOfPage":{"@id":"https:\/\/vr-room.ch\/it\/2019\/09\/04\/ubisoft-stellt-neues-vr-team-zusammen\/#primaryimage"},"image":{"@id":"https:\/\/vr-room.ch\/it\/2019\/09\/04\/ubisoft-stellt-neues-vr-team-zusammen\/#primaryimage"},"thumbnailUrl":"https:\/\/vr-room.ch\/wp-content\/uploads\/2019\/09\/Ubisoft.jpg","datePublished":"2019-09-04T08:20:08+00:00","dateModified":"2019-09-04T08:23:53+00:00","author":{"@id":"http:\/\/vr-room.ch\/en\/#\/schema\/person\/4022b4e1fba06681ac263b25c0f1e3d2"},"breadcrumb":{"@id":"https:\/\/vr-room.ch\/it\/2019\/09\/04\/ubisoft-stellt-neues-vr-team-zusammen\/#breadcrumb"},"inLanguage":"fr-FR","potentialAction":[{"@type":"ReadAction","target":["https:\/\/vr-room.ch\/it\/2019\/09\/04\/ubisoft-stellt-neues-vr-team-zusammen\/"]}]},{"@type":"ImageObject","inLanguage":"fr-FR","@id":"https:\/\/vr-room.ch\/it\/2019\/09\/04\/ubisoft-stellt-neues-vr-team-zusammen\/#primaryimage","url":"https:\/\/vr-room.ch\/wp-content\/uploads\/2019\/09\/Ubisoft.jpg","contentUrl":"https:\/\/vr-room.ch\/wp-content\/uploads\/2019\/09\/Ubisoft.jpg","width":1191,"height":535},{"@type":"BreadcrumbList","@id":"https:\/\/vr-room.ch\/it\/2019\/09\/04\/ubisoft-stellt-neues-vr-team-zusammen\/#breadcrumb","itemListElement":[{"@type":"ListItem","position":1,"name":"Startseite","item":"http:\/\/vr-room.ch\/en\/"},{"@type":"ListItem","position":2,"name":"Ubisoft stellt neues VR-Team zusammen"}]},{"@type":"WebSite","@id":"http:\/\/vr-room.ch\/en\/#website","url":"http:\/\/vr-room.ch\/en\/","name":"Nouvelles de la r\u00e9alit\u00e9 virtuelle suisse","description":"","potentialAction":[{"@type":"SearchAction","target":{"@type":"EntryPoint","urlTemplate":"http:\/\/vr-room.ch\/en\/?s={search_term_string}"},"query-input":{"@type":"PropertyValueSpecification","valueRequired":true,"valueName":"search_term_string"}}],"inLanguage":"fr-FR"},{"@type":"Person","@id":"http:\/\/vr-room.ch\/en\/#\/schema\/person\/4022b4e1fba06681ac263b25c0f1e3d2","name":"Michael","image":{"@type":"ImageObject","inLanguage":"fr-FR","@id":"https:\/\/vr-room.ch\/wp-content\/uploads\/2019\/05\/avatar_user_11_1558711168-96x96.jpg","url":"https:\/\/vr-room.ch\/wp-content\/uploads\/2019\/05\/avatar_user_11_1558711168-96x96.jpg","contentUrl":"https:\/\/vr-room.ch\/wp-content\/uploads\/2019\/05\/avatar_user_11_1558711168-96x96.jpg","caption":"Michael"},"url":"https:\/\/vr-room.ch\/fr\/author\/michael\/"}]}},"_links":{"self":[{"href":"https:\/\/vr-room.ch\/fr\/wp-json\/wp\/v2\/posts\/15048","targetHints":{"allow":["GET"]}}],"collection":[{"href":"https:\/\/vr-room.ch\/fr\/wp-json\/wp\/v2\/posts"}],"about":[{"href":"https:\/\/vr-room.ch\/fr\/wp-json\/wp\/v2\/types\/post"}],"author":[{"embeddable":true,"href":"https:\/\/vr-room.ch\/fr\/wp-json\/wp\/v2\/users\/11"}],"replies":[{"embeddable":true,"href":"https:\/\/vr-room.ch\/fr\/wp-json\/wp\/v2\/comments?post=15048"}],"version-history":[{"count":0,"href":"https:\/\/vr-room.ch\/fr\/wp-json\/wp\/v2\/posts\/15048\/revisions"}],"wp:featuredmedia":[{"embeddable":true,"href":"https:\/\/vr-room.ch\/fr\/wp-json\/wp\/v2\/media\/15050"}],"wp:attachment":[{"href":"https:\/\/vr-room.ch\/fr\/wp-json\/wp\/v2\/media?parent=15048"}],"wp:term":[{"taxonomy":"category","embeddable":true,"href":"https:\/\/vr-room.ch\/fr\/wp-json\/wp\/v2\/categories?post=15048"},{"taxonomy":"post_tag","embeddable":true,"href":"https:\/\/vr-room.ch\/fr\/wp-json\/wp\/v2\/tags?post=15048"}],"curies":[{"name":"wp","href":"https:\/\/api.w.org\/{rel}","templated":true}]}}