{"id":14783,"date":"2019-08-15T07:41:06","date_gmt":"2019-08-15T07:41:06","guid":{"rendered":"https:\/\/vr-room.ch\/?p=14783"},"modified":"2019-08-15T07:41:06","modified_gmt":"2019-08-15T07:41:06","slug":"alle-gruender-haben-oculus-verlassen","status":"publish","type":"post","link":"https:\/\/vr-room.ch\/fr\/2019\/08\/15\/alle-gruender-haben-oculus-verlassen\/","title":{"rendered":"Tous les fondateurs ont quitt\u00e9 Oculus"},"content":{"rendered":"<p>Aucun des six membres fondateurs originaux de <a href=\"https:\/\/en.wikipedia.org\/wiki\/Oculus_VR\">Oculus<\/a> est plus employ\u00e9 dans l'entreprise de r\u00e9alit\u00e9 virtuelle. Le dernier membre \u00e0 \u00eatre parti est Nate Mitchell. Son dernier poste \u00e9tait celui de chef de produit VR.<\/p>\n<p>Nate Mitchell a d\u00e9clar\u00e9 qu'il prenait un peu de temps pour voyager, passer du temps avec sa famille et recharger ses batteries. Il a \u00e9galement mentionn\u00e9 qu'il pr\u00e9voit de faire partie de la communaut\u00e9 Oculus d'une certaine mani\u00e8re. Il aura toutefois un r\u00f4le beaucoup plus restreint \u00e0 l'avenir. Nate Mitchell n'a pas \u00e9t\u00e9 plus concret.<\/p>\n<p>Nate Mitchell glaubt, dass Facebook, das Oculus im Jahr 2014 f\u00fcr zwei Milliarden US-Dollar gekauft hat, die Fans weiterhin mit Virtual-Reality-Plattformen \u00fcberraschen und begeistern wird. &#8222;Ich kann es kaum erwarten zu sehen, was als n\u00e4chstes kommt,&#8220; so der Mann. Palmer Luckey hat Oculus bereits 2017 verlassen. In diesem Jahr ging ausserdem auch Michael Antonov (Mai 2019).<\/p>\n<p>Source : <a href=\"https:\/\/www.gamesindustry.biz\/articles\/2019-08-13-nate-mitchell-leaves-oculus\">GamesIndustry.biz<\/a><\/p>","protected":false},"excerpt":{"rendered":"Aucun des six membres fondateurs originaux d'Oculus n'est plus employ\u00e9 par l'entreprise de r\u00e9alit\u00e9 virtuelle. Le dernier membre \u00e0 \u00eatre parti...","protected":false},"author":11,"featured_media":4702,"comment_status":"open","ping_status":"open","sticky":false,"template":"","format":"standard","meta":{"footnotes":""},"categories":[11],"tags":[],"class_list":{"0":"post-14783","1":"post","2":"type-post","3":"status-publish","4":"format-standard","5":"has-post-thumbnail","7":"category-virtual-reality-industrie","8":"cs-entry","9":"cs-video-wrap"},"yoast_head":"<!-- This site is optimized with the Yoast SEO plugin v27.4 - https:\/\/yoast.com\/product\/yoast-seo-wordpress\/ -->\n<title>Alle Gr\u00fcnder haben Oculus verlassen - Schweizer Virtual Reality News<\/title>\n<meta name=\"robots\" content=\"index, follow, max-snippet:-1, max-image-preview:large, max-video-preview:-1\" \/>\n<link rel=\"canonical\" href=\"http:\/\/vr-room.ch\/fr\/2019\/08\/15\/alle-gruender-haben-oculus-verlassen\/\" \/>\n<meta property=\"og:locale\" content=\"fr_FR\" \/>\n<meta property=\"og:type\" content=\"article\" \/>\n<meta property=\"og:title\" content=\"Alle Gr\u00fcnder haben Oculus verlassen - Schweizer Virtual Reality News\" \/>\n<meta property=\"og:description\" content=\"Keines der sechs urspr\u00fcnglichen Gr\u00fcndungsmitglieder von Oculus ist mehr im Virtual-Reality-Unternehmen angestellt. Das letzte Mitglied, das gegangen ist,&hellip;\" \/>\n<meta property=\"og:url\" content=\"http:\/\/vr-room.ch\/fr\/2019\/08\/15\/alle-gruender-haben-oculus-verlassen\/\" \/>\n<meta property=\"og:site_name\" content=\"Schweizer Virtual Reality News\" \/>\n<meta property=\"article:published_time\" content=\"2019-08-15T07:41:06+00:00\" \/>\n<meta property=\"og:image\" content=\"https:\/\/vr-room.ch\/wp-content\/uploads\/2017\/03\/Oculus.jpg\" \/>\n\t<meta property=\"og:image:width\" content=\"1175\" \/>\n\t<meta property=\"og:image:height\" content=\"655\" \/>\n\t<meta property=\"og:image:type\" content=\"image\/jpeg\" \/>\n<meta name=\"author\" content=\"Michael\" \/>\n<meta name=\"twitter:card\" content=\"summary_large_image\" \/>\n<meta name=\"twitter:label1\" content=\"\u00c9crit par\" \/>\n\t<meta name=\"twitter:data1\" content=\"Michael\" \/>\n\t<meta name=\"twitter:label2\" content=\"Dur\u00e9e de lecture estim\u00e9e\" \/>\n\t<meta name=\"twitter:data2\" content=\"1 minute\" \/>\n<script type=\"application\/ld+json\" class=\"yoast-schema-graph\">{\"@context\":\"https:\\\/\\\/schema.org\",\"@graph\":[{\"@type\":\"Article\",\"@id\":\"http:\\\/\\\/vr-room.ch\\\/it\\\/2019\\\/08\\\/15\\\/alle-gruender-haben-oculus-verlassen\\\/#article\",\"isPartOf\":{\"@id\":\"http:\\\/\\\/vr-room.ch\\\/it\\\/2019\\\/08\\\/15\\\/alle-gruender-haben-oculus-verlassen\\\/\"},\"author\":{\"name\":\"Michael\",\"@id\":\"http:\\\/\\\/vr-room.ch\\\/en\\\/#\\\/schema\\\/person\\\/4022b4e1fba06681ac263b25c0f1e3d2\"},\"headline\":\"Alle Gr\u00fcnder haben Oculus verlassen\",\"datePublished\":\"2019-08-15T07:41:06+00:00\",\"mainEntityOfPage\":{\"@id\":\"http:\\\/\\\/vr-room.ch\\\/it\\\/2019\\\/08\\\/15\\\/alle-gruender-haben-oculus-verlassen\\\/\"},\"wordCount\":150,\"commentCount\":0,\"image\":{\"@id\":\"http:\\\/\\\/vr-room.ch\\\/it\\\/2019\\\/08\\\/15\\\/alle-gruender-haben-oculus-verlassen\\\/#primaryimage\"},\"thumbnailUrl\":\"https:\\\/\\\/vr-room.ch\\\/wp-content\\\/uploads\\\/2017\\\/03\\\/Oculus.jpg\",\"articleSection\":[\"Industrie\"],\"inLanguage\":\"fr-FR\",\"potentialAction\":[{\"@type\":\"CommentAction\",\"name\":\"Comment\",\"target\":[\"http:\\\/\\\/vr-room.ch\\\/it\\\/2019\\\/08\\\/15\\\/alle-gruender-haben-oculus-verlassen\\\/#respond\"]}]},{\"@type\":\"WebPage\",\"@id\":\"http:\\\/\\\/vr-room.ch\\\/it\\\/2019\\\/08\\\/15\\\/alle-gruender-haben-oculus-verlassen\\\/\",\"url\":\"http:\\\/\\\/vr-room.ch\\\/it\\\/2019\\\/08\\\/15\\\/alle-gruender-haben-oculus-verlassen\\\/\",\"name\":\"Alle Gr\u00fcnder haben Oculus verlassen - Schweizer Virtual Reality News\",\"isPartOf\":{\"@id\":\"http:\\\/\\\/vr-room.ch\\\/en\\\/#website\"},\"primaryImageOfPage\":{\"@id\":\"http:\\\/\\\/vr-room.ch\\\/it\\\/2019\\\/08\\\/15\\\/alle-gruender-haben-oculus-verlassen\\\/#primaryimage\"},\"image\":{\"@id\":\"http:\\\/\\\/vr-room.ch\\\/it\\\/2019\\\/08\\\/15\\\/alle-gruender-haben-oculus-verlassen\\\/#primaryimage\"},\"thumbnailUrl\":\"https:\\\/\\\/vr-room.ch\\\/wp-content\\\/uploads\\\/2017\\\/03\\\/Oculus.jpg\",\"datePublished\":\"2019-08-15T07:41:06+00:00\",\"author\":{\"@id\":\"http:\\\/\\\/vr-room.ch\\\/en\\\/#\\\/schema\\\/person\\\/4022b4e1fba06681ac263b25c0f1e3d2\"},\"breadcrumb\":{\"@id\":\"http:\\\/\\\/vr-room.ch\\\/it\\\/2019\\\/08\\\/15\\\/alle-gruender-haben-oculus-verlassen\\\/#breadcrumb\"},\"inLanguage\":\"fr-FR\",\"potentialAction\":[{\"@type\":\"ReadAction\",\"target\":[\"http:\\\/\\\/vr-room.ch\\\/it\\\/2019\\\/08\\\/15\\\/alle-gruender-haben-oculus-verlassen\\\/\"]}]},{\"@type\":\"ImageObject\",\"inLanguage\":\"fr-FR\",\"@id\":\"http:\\\/\\\/vr-room.ch\\\/it\\\/2019\\\/08\\\/15\\\/alle-gruender-haben-oculus-verlassen\\\/#primaryimage\",\"url\":\"https:\\\/\\\/vr-room.ch\\\/wp-content\\\/uploads\\\/2017\\\/03\\\/Oculus.jpg\",\"contentUrl\":\"https:\\\/\\\/vr-room.ch\\\/wp-content\\\/uploads\\\/2017\\\/03\\\/Oculus.jpg\",\"width\":1175,\"height\":655},{\"@type\":\"BreadcrumbList\",\"@id\":\"http:\\\/\\\/vr-room.ch\\\/it\\\/2019\\\/08\\\/15\\\/alle-gruender-haben-oculus-verlassen\\\/#breadcrumb\",\"itemListElement\":[{\"@type\":\"ListItem\",\"position\":1,\"name\":\"Startseite\",\"item\":\"http:\\\/\\\/vr-room.ch\\\/en\\\/\"},{\"@type\":\"ListItem\",\"position\":2,\"name\":\"Alle Gr\u00fcnder haben Oculus verlassen\"}]},{\"@type\":\"WebSite\",\"@id\":\"http:\\\/\\\/vr-room.ch\\\/en\\\/#website\",\"url\":\"http:\\\/\\\/vr-room.ch\\\/en\\\/\",\"name\":\"Schweizer Virtual Reality News\",\"description\":\"\",\"potentialAction\":[{\"@type\":\"SearchAction\",\"target\":{\"@type\":\"EntryPoint\",\"urlTemplate\":\"http:\\\/\\\/vr-room.ch\\\/en\\\/?s={search_term_string}\"},\"query-input\":{\"@type\":\"PropertyValueSpecification\",\"valueRequired\":true,\"valueName\":\"search_term_string\"}}],\"inLanguage\":\"fr-FR\"},{\"@type\":\"Person\",\"@id\":\"http:\\\/\\\/vr-room.ch\\\/en\\\/#\\\/schema\\\/person\\\/4022b4e1fba06681ac263b25c0f1e3d2\",\"name\":\"Michael\",\"image\":{\"@type\":\"ImageObject\",\"inLanguage\":\"fr-FR\",\"@id\":\"https:\\\/\\\/vr-room.ch\\\/wp-content\\\/uploads\\\/2019\\\/05\\\/avatar_user_11_1558711168-96x96.jpg\",\"url\":\"https:\\\/\\\/vr-room.ch\\\/wp-content\\\/uploads\\\/2019\\\/05\\\/avatar_user_11_1558711168-96x96.jpg\",\"contentUrl\":\"https:\\\/\\\/vr-room.ch\\\/wp-content\\\/uploads\\\/2019\\\/05\\\/avatar_user_11_1558711168-96x96.jpg\",\"caption\":\"Michael\"},\"url\":\"https:\\\/\\\/vr-room.ch\\\/fr\\\/author\\\/michael\\\/\"}]}<\/script>\n<!-- \/ Yoast SEO plugin. -->","yoast_head_json":{"title":"Alle Gr\u00fcnder haben Oculus verlassen - Schweizer Virtual Reality News","robots":{"index":"index","follow":"follow","max-snippet":"max-snippet:-1","max-image-preview":"max-image-preview:large","max-video-preview":"max-video-preview:-1"},"canonical":"http:\/\/vr-room.ch\/fr\/2019\/08\/15\/alle-gruender-haben-oculus-verlassen\/","og_locale":"fr_FR","og_type":"article","og_title":"Alle Gr\u00fcnder haben Oculus verlassen - Schweizer Virtual Reality News","og_description":"Keines der sechs urspr\u00fcnglichen Gr\u00fcndungsmitglieder von Oculus ist mehr im Virtual-Reality-Unternehmen angestellt. Das letzte Mitglied, das gegangen ist,&hellip;","og_url":"http:\/\/vr-room.ch\/fr\/2019\/08\/15\/alle-gruender-haben-oculus-verlassen\/","og_site_name":"Schweizer Virtual Reality News","article_published_time":"2019-08-15T07:41:06+00:00","og_image":[{"width":1175,"height":655,"url":"https:\/\/vr-room.ch\/wp-content\/uploads\/2017\/03\/Oculus.jpg","type":"image\/jpeg"}],"author":"Michael","twitter_card":"summary_large_image","twitter_misc":{"\u00c9crit par":"Michael","Dur\u00e9e de lecture estim\u00e9e":"1 minute"},"schema":{"@context":"https:\/\/schema.org","@graph":[{"@type":"Article","@id":"http:\/\/vr-room.ch\/it\/2019\/08\/15\/alle-gruender-haben-oculus-verlassen\/#article","isPartOf":{"@id":"http:\/\/vr-room.ch\/it\/2019\/08\/15\/alle-gruender-haben-oculus-verlassen\/"},"author":{"name":"Michael","@id":"http:\/\/vr-room.ch\/en\/#\/schema\/person\/4022b4e1fba06681ac263b25c0f1e3d2"},"headline":"Alle Gr\u00fcnder haben Oculus verlassen","datePublished":"2019-08-15T07:41:06+00:00","mainEntityOfPage":{"@id":"http:\/\/vr-room.ch\/it\/2019\/08\/15\/alle-gruender-haben-oculus-verlassen\/"},"wordCount":150,"commentCount":0,"image":{"@id":"http:\/\/vr-room.ch\/it\/2019\/08\/15\/alle-gruender-haben-oculus-verlassen\/#primaryimage"},"thumbnailUrl":"https:\/\/vr-room.ch\/wp-content\/uploads\/2017\/03\/Oculus.jpg","articleSection":["Industrie"],"inLanguage":"fr-FR","potentialAction":[{"@type":"CommentAction","name":"Comment","target":["http:\/\/vr-room.ch\/it\/2019\/08\/15\/alle-gruender-haben-oculus-verlassen\/#respond"]}]},{"@type":"WebPage","@id":"http:\/\/vr-room.ch\/it\/2019\/08\/15\/alle-gruender-haben-oculus-verlassen\/","url":"http:\/\/vr-room.ch\/it\/2019\/08\/15\/alle-gruender-haben-oculus-verlassen\/","name":"Alle Gr\u00fcnder haben Oculus verlassen - Schweizer Virtual Reality News","isPartOf":{"@id":"http:\/\/vr-room.ch\/en\/#website"},"primaryImageOfPage":{"@id":"http:\/\/vr-room.ch\/it\/2019\/08\/15\/alle-gruender-haben-oculus-verlassen\/#primaryimage"},"image":{"@id":"http:\/\/vr-room.ch\/it\/2019\/08\/15\/alle-gruender-haben-oculus-verlassen\/#primaryimage"},"thumbnailUrl":"https:\/\/vr-room.ch\/wp-content\/uploads\/2017\/03\/Oculus.jpg","datePublished":"2019-08-15T07:41:06+00:00","author":{"@id":"http:\/\/vr-room.ch\/en\/#\/schema\/person\/4022b4e1fba06681ac263b25c0f1e3d2"},"breadcrumb":{"@id":"http:\/\/vr-room.ch\/it\/2019\/08\/15\/alle-gruender-haben-oculus-verlassen\/#breadcrumb"},"inLanguage":"fr-FR","potentialAction":[{"@type":"ReadAction","target":["http:\/\/vr-room.ch\/it\/2019\/08\/15\/alle-gruender-haben-oculus-verlassen\/"]}]},{"@type":"ImageObject","inLanguage":"fr-FR","@id":"http:\/\/vr-room.ch\/it\/2019\/08\/15\/alle-gruender-haben-oculus-verlassen\/#primaryimage","url":"https:\/\/vr-room.ch\/wp-content\/uploads\/2017\/03\/Oculus.jpg","contentUrl":"https:\/\/vr-room.ch\/wp-content\/uploads\/2017\/03\/Oculus.jpg","width":1175,"height":655},{"@type":"BreadcrumbList","@id":"http:\/\/vr-room.ch\/it\/2019\/08\/15\/alle-gruender-haben-oculus-verlassen\/#breadcrumb","itemListElement":[{"@type":"ListItem","position":1,"name":"Startseite","item":"http:\/\/vr-room.ch\/en\/"},{"@type":"ListItem","position":2,"name":"Alle Gr\u00fcnder haben Oculus verlassen"}]},{"@type":"WebSite","@id":"http:\/\/vr-room.ch\/en\/#website","url":"http:\/\/vr-room.ch\/en\/","name":"Nouvelles de la r\u00e9alit\u00e9 virtuelle suisse","description":"","potentialAction":[{"@type":"SearchAction","target":{"@type":"EntryPoint","urlTemplate":"http:\/\/vr-room.ch\/en\/?s={search_term_string}"},"query-input":{"@type":"PropertyValueSpecification","valueRequired":true,"valueName":"search_term_string"}}],"inLanguage":"fr-FR"},{"@type":"Person","@id":"http:\/\/vr-room.ch\/en\/#\/schema\/person\/4022b4e1fba06681ac263b25c0f1e3d2","name":"Michael","image":{"@type":"ImageObject","inLanguage":"fr-FR","@id":"https:\/\/vr-room.ch\/wp-content\/uploads\/2019\/05\/avatar_user_11_1558711168-96x96.jpg","url":"https:\/\/vr-room.ch\/wp-content\/uploads\/2019\/05\/avatar_user_11_1558711168-96x96.jpg","contentUrl":"https:\/\/vr-room.ch\/wp-content\/uploads\/2019\/05\/avatar_user_11_1558711168-96x96.jpg","caption":"Michael"},"url":"https:\/\/vr-room.ch\/fr\/author\/michael\/"}]}},"_links":{"self":[{"href":"https:\/\/vr-room.ch\/fr\/wp-json\/wp\/v2\/posts\/14783","targetHints":{"allow":["GET"]}}],"collection":[{"href":"https:\/\/vr-room.ch\/fr\/wp-json\/wp\/v2\/posts"}],"about":[{"href":"https:\/\/vr-room.ch\/fr\/wp-json\/wp\/v2\/types\/post"}],"author":[{"embeddable":true,"href":"https:\/\/vr-room.ch\/fr\/wp-json\/wp\/v2\/users\/11"}],"replies":[{"embeddable":true,"href":"https:\/\/vr-room.ch\/fr\/wp-json\/wp\/v2\/comments?post=14783"}],"version-history":[{"count":0,"href":"https:\/\/vr-room.ch\/fr\/wp-json\/wp\/v2\/posts\/14783\/revisions"}],"wp:featuredmedia":[{"embeddable":true,"href":"https:\/\/vr-room.ch\/fr\/wp-json\/wp\/v2\/media\/4702"}],"wp:attachment":[{"href":"https:\/\/vr-room.ch\/fr\/wp-json\/wp\/v2\/media?parent=14783"}],"wp:term":[{"taxonomy":"category","embeddable":true,"href":"https:\/\/vr-room.ch\/fr\/wp-json\/wp\/v2\/categories?post=14783"},{"taxonomy":"post_tag","embeddable":true,"href":"https:\/\/vr-room.ch\/fr\/wp-json\/wp\/v2\/tags?post=14783"}],"curies":[{"name":"wp","href":"https:\/\/api.w.org\/{rel}","templated":true}]}}