{"id":14017,"date":"2019-05-20T15:35:19","date_gmt":"2019-05-20T15:35:19","guid":{"rendered":"https:\/\/vr-room.ch\/?p=14017"},"modified":"2019-05-20T15:35:19","modified_gmt":"2019-05-20T15:35:19","slug":"pro-sieben-sat-1-steigt-bei-holodeck-ein","status":"publish","type":"post","link":"https:\/\/vr-room.ch\/fr\/2019\/05\/20\/pro-sieben-sat-1-steigt-bei-holodeck-ein\/","title":{"rendered":"Pro Sieben Sat 1 se lance dans le holodeck"},"content":{"rendered":"<h3 id=\"pro-sieben-sat-1-verstaerkt-sich-im-bereich-virtual-reality-und-steigt-bei-holodeck-vr-ein-der-konzern-investiert-einen-einstelligen-millionenbetrag-in-die-open-content-plattform-und-will-sich-damit\">Pro Sieben Sat 1 se renforce dans le domaine de la r\u00e9alit\u00e9 virtuelle et entre dans le capital de Holodeck VR. Le groupe investit un montant \u00e0 un chiffre en millions dans la plateforme de contenu ouvert et veut ainsi se positionner sur un march\u00e9 qui conna\u00eet une forte croissance \u00e0 deux chiffres.<!--more--><\/h3>\n<p>Pro Sieben Sat 1 acquiert 20 pour cent de Holodeck VR, qui d\u00e9veloppe des exp\u00e9riences de r\u00e9alit\u00e9 virtuelle bas\u00e9es sur la localisation. L'entreprise technologique de Nuremberg peut ainsi profiter de synergies avec le groupe de m\u00e9dias, par exemple des possibilit\u00e9s de distribution et de divers champs d'application chez Pro Sieben Sat 1.<\/p>\n<div id=\"6315039\" class=\"Ad Ad-mediumFullBannerDetail\">Holodeck entend se d\u00e9velopper fortement dans les ann\u00e9es \u00e0 venir et pr\u00e9voit d'\u00e9tendre son r\u00e9seau de sept sites actuellement \u00e0 350 en 2022. Les produits de la start-up s'adressent aux organisateurs d'\u00e9v\u00e9nements, aux exploitants de b\u00e2timents \u00e0 usage public et aux propri\u00e9taires de biens immobiliers. Des groupes de 20 personnes maximum peuvent s'immerger dans des mondes virtuels tels que des parcs d'attractions, des festivals ou des centres commerciaux gr\u00e2ce \u00e0 des lunettes VR adapt\u00e9es. Chaque jour, plusieurs milliers de personnes peuvent assister \u00e0 des d\u00e9monstrations de holodeck. La technologie d'origine provient de l'Institut Fraunhofer pour les circuits int\u00e9gr\u00e9s.<\/div>\n<p>Pro Sieben Sat 1 veut distribuer les applications entre autres par le biais du groupe Jochen Schweizer Mydays, notamment dans les parcs de loisirs et d'activit\u00e9s. Le groupe voit \u00e9galement un potentiel dans les domaines de la production de contenus, de la diffusion en direct et dans l'unit\u00e9 d'affaires sportive 7Sports. \"Gr\u00e2ce \u00e0 cet investissement, nous souhaitons d\u00e9velopper et proposer de nouvelles exp\u00e9riences VR passionnantes, amusantes et faciles \u00e0 utiliser, et cr\u00e9er ainsi une offre de r\u00e9alit\u00e9 virtuelle pour la prochaine g\u00e9n\u00e9ration d'utilisateurs\", d\u00e9clare Jonathan Nowak Delgado, cofondateur et directeur g\u00e9n\u00e9ral de Holodeck VR.<\/p>\n<p>En 2017, la c\u00e9l\u00e8bre \u00e9mission Galileo avait d\u00e9j\u00e0 pr\u00e9sent\u00e9 une exp\u00e9rience avec la RA, comme nous l'avons fait pour les enfants. <a href=\"https:\/\/vr-room.ch\/fr\/2017\/11\/06\/galileo-startet-die-woche-mit-augmented-reality\/\">ont rapport\u00e9<\/a>.<\/p>\n<p>Source : horizont<\/p>","protected":false},"excerpt":{"rendered":"Pro Sieben Sat 1 se renforce dans le domaine de la r\u00e9alit\u00e9 virtuelle et entre dans le capital de Holodeck VR. Le groupe ...","protected":false},"author":12,"featured_media":14018,"comment_status":"open","ping_status":"open","sticky":false,"template":"","format":"standard","meta":{"footnotes":""},"categories":[11],"tags":[],"class_list":{"0":"post-14017","1":"post","2":"type-post","3":"status-publish","4":"format-standard","5":"has-post-thumbnail","7":"category-virtual-reality-industrie","8":"cs-entry","9":"cs-video-wrap"},"yoast_head":"<!-- This site is optimized with the Yoast SEO plugin v27.4 - https:\/\/yoast.com\/product\/yoast-seo-wordpress\/ -->\n<title>Pro Sieben Sat 1 steigt bei Holodeck ein - Schweizer Virtual Reality News<\/title>\n<meta name=\"robots\" content=\"index, follow, max-snippet:-1, max-image-preview:large, max-video-preview:-1\" \/>\n<link rel=\"canonical\" href=\"https:\/\/vr-room.ch\/fr\/2019\/05\/20\/pro-sieben-sat-1-steigt-bei-holodeck-ein\/\" \/>\n<meta property=\"og:locale\" content=\"fr_FR\" \/>\n<meta property=\"og:type\" content=\"article\" \/>\n<meta property=\"og:title\" content=\"Pro Sieben Sat 1 steigt bei Holodeck ein - Schweizer Virtual Reality News\" \/>\n<meta property=\"og:description\" content=\"Pro Sieben Sat 1 verst\u00e4rkt sich im Bereich Virtual Reality und steigt bei Holodeck VR ein. Der Konzern&hellip;\" \/>\n<meta property=\"og:url\" content=\"https:\/\/vr-room.ch\/fr\/2019\/05\/20\/pro-sieben-sat-1-steigt-bei-holodeck-ein\/\" \/>\n<meta property=\"og:site_name\" content=\"Schweizer Virtual Reality News\" \/>\n<meta property=\"article:published_time\" content=\"2019-05-20T15:35:19+00:00\" \/>\n<meta property=\"og:image\" content=\"https:\/\/vr-room.ch\/wp-content\/uploads\/2019\/05\/VR-271411-detailnp.jpeg\" \/>\n\t<meta property=\"og:image:width\" content=\"617\" \/>\n\t<meta property=\"og:image:height\" content=\"346\" \/>\n\t<meta property=\"og:image:type\" content=\"image\/jpeg\" \/>\n<meta name=\"author\" content=\"Nathalie\" \/>\n<meta name=\"twitter:card\" content=\"summary_large_image\" \/>\n<meta name=\"twitter:label1\" content=\"\u00c9crit par\" \/>\n\t<meta name=\"twitter:data1\" content=\"Nathalie\" \/>\n\t<meta name=\"twitter:label2\" content=\"Dur\u00e9e de lecture estim\u00e9e\" \/>\n\t<meta name=\"twitter:data2\" content=\"1 minute\" \/>\n<script type=\"application\/ld+json\" class=\"yoast-schema-graph\">{\"@context\":\"https:\\\/\\\/schema.org\",\"@graph\":[{\"@type\":\"Article\",\"@id\":\"https:\\\/\\\/vr-room.ch\\\/2019\\\/05\\\/20\\\/pro-sieben-sat-1-steigt-bei-holodeck-ein\\\/#article\",\"isPartOf\":{\"@id\":\"https:\\\/\\\/vr-room.ch\\\/2019\\\/05\\\/20\\\/pro-sieben-sat-1-steigt-bei-holodeck-ein\\\/\"},\"author\":{\"name\":\"Nathalie\",\"@id\":\"http:\\\/\\\/vr-room.ch\\\/en\\\/#\\\/schema\\\/person\\\/1a03b3a6ced429fb4831f60fa2b37599\"},\"headline\":\"Pro Sieben Sat 1 steigt bei Holodeck ein\",\"datePublished\":\"2019-05-20T15:35:19+00:00\",\"mainEntityOfPage\":{\"@id\":\"https:\\\/\\\/vr-room.ch\\\/2019\\\/05\\\/20\\\/pro-sieben-sat-1-steigt-bei-holodeck-ein\\\/\"},\"wordCount\":259,\"commentCount\":0,\"image\":{\"@id\":\"https:\\\/\\\/vr-room.ch\\\/2019\\\/05\\\/20\\\/pro-sieben-sat-1-steigt-bei-holodeck-ein\\\/#primaryimage\"},\"thumbnailUrl\":\"https:\\\/\\\/vr-room.ch\\\/wp-content\\\/uploads\\\/2019\\\/05\\\/VR-271411-detailnp.jpeg\",\"articleSection\":[\"Industrie\"],\"inLanguage\":\"fr-FR\",\"potentialAction\":[{\"@type\":\"CommentAction\",\"name\":\"Comment\",\"target\":[\"https:\\\/\\\/vr-room.ch\\\/2019\\\/05\\\/20\\\/pro-sieben-sat-1-steigt-bei-holodeck-ein\\\/#respond\"]}]},{\"@type\":\"WebPage\",\"@id\":\"https:\\\/\\\/vr-room.ch\\\/2019\\\/05\\\/20\\\/pro-sieben-sat-1-steigt-bei-holodeck-ein\\\/\",\"url\":\"https:\\\/\\\/vr-room.ch\\\/2019\\\/05\\\/20\\\/pro-sieben-sat-1-steigt-bei-holodeck-ein\\\/\",\"name\":\"Pro Sieben Sat 1 steigt bei Holodeck ein - Schweizer Virtual Reality News\",\"isPartOf\":{\"@id\":\"http:\\\/\\\/vr-room.ch\\\/en\\\/#website\"},\"primaryImageOfPage\":{\"@id\":\"https:\\\/\\\/vr-room.ch\\\/2019\\\/05\\\/20\\\/pro-sieben-sat-1-steigt-bei-holodeck-ein\\\/#primaryimage\"},\"image\":{\"@id\":\"https:\\\/\\\/vr-room.ch\\\/2019\\\/05\\\/20\\\/pro-sieben-sat-1-steigt-bei-holodeck-ein\\\/#primaryimage\"},\"thumbnailUrl\":\"https:\\\/\\\/vr-room.ch\\\/wp-content\\\/uploads\\\/2019\\\/05\\\/VR-271411-detailnp.jpeg\",\"datePublished\":\"2019-05-20T15:35:19+00:00\",\"author\":{\"@id\":\"http:\\\/\\\/vr-room.ch\\\/en\\\/#\\\/schema\\\/person\\\/1a03b3a6ced429fb4831f60fa2b37599\"},\"breadcrumb\":{\"@id\":\"https:\\\/\\\/vr-room.ch\\\/2019\\\/05\\\/20\\\/pro-sieben-sat-1-steigt-bei-holodeck-ein\\\/#breadcrumb\"},\"inLanguage\":\"fr-FR\",\"potentialAction\":[{\"@type\":\"ReadAction\",\"target\":[\"https:\\\/\\\/vr-room.ch\\\/2019\\\/05\\\/20\\\/pro-sieben-sat-1-steigt-bei-holodeck-ein\\\/\"]}]},{\"@type\":\"ImageObject\",\"inLanguage\":\"fr-FR\",\"@id\":\"https:\\\/\\\/vr-room.ch\\\/2019\\\/05\\\/20\\\/pro-sieben-sat-1-steigt-bei-holodeck-ein\\\/#primaryimage\",\"url\":\"https:\\\/\\\/vr-room.ch\\\/wp-content\\\/uploads\\\/2019\\\/05\\\/VR-271411-detailnp.jpeg\",\"contentUrl\":\"https:\\\/\\\/vr-room.ch\\\/wp-content\\\/uploads\\\/2019\\\/05\\\/VR-271411-detailnp.jpeg\",\"width\":617,\"height\":346},{\"@type\":\"BreadcrumbList\",\"@id\":\"https:\\\/\\\/vr-room.ch\\\/2019\\\/05\\\/20\\\/pro-sieben-sat-1-steigt-bei-holodeck-ein\\\/#breadcrumb\",\"itemListElement\":[{\"@type\":\"ListItem\",\"position\":1,\"name\":\"Startseite\",\"item\":\"http:\\\/\\\/vr-room.ch\\\/en\\\/\"},{\"@type\":\"ListItem\",\"position\":2,\"name\":\"Pro Sieben Sat 1 steigt bei Holodeck ein\"}]},{\"@type\":\"WebSite\",\"@id\":\"http:\\\/\\\/vr-room.ch\\\/en\\\/#website\",\"url\":\"http:\\\/\\\/vr-room.ch\\\/en\\\/\",\"name\":\"Schweizer Virtual Reality News\",\"description\":\"\",\"potentialAction\":[{\"@type\":\"SearchAction\",\"target\":{\"@type\":\"EntryPoint\",\"urlTemplate\":\"http:\\\/\\\/vr-room.ch\\\/en\\\/?s={search_term_string}\"},\"query-input\":{\"@type\":\"PropertyValueSpecification\",\"valueRequired\":true,\"valueName\":\"search_term_string\"}}],\"inLanguage\":\"fr-FR\"},{\"@type\":\"Person\",\"@id\":\"http:\\\/\\\/vr-room.ch\\\/en\\\/#\\\/schema\\\/person\\\/1a03b3a6ced429fb4831f60fa2b37599\",\"name\":\"Nathalie\",\"image\":{\"@type\":\"ImageObject\",\"inLanguage\":\"fr-FR\",\"@id\":\"https:\\\/\\\/vr-room.ch\\\/wp-content\\\/uploads\\\/2017\\\/01\\\/avatar_user_12_1484159890-96x96.jpg\",\"url\":\"https:\\\/\\\/vr-room.ch\\\/wp-content\\\/uploads\\\/2017\\\/01\\\/avatar_user_12_1484159890-96x96.jpg\",\"contentUrl\":\"https:\\\/\\\/vr-room.ch\\\/wp-content\\\/uploads\\\/2017\\\/01\\\/avatar_user_12_1484159890-96x96.jpg\",\"caption\":\"Nathalie\"},\"url\":\"https:\\\/\\\/vr-room.ch\\\/fr\\\/author\\\/nathalie\\\/\"}]}<\/script>\n<!-- \/ Yoast SEO plugin. -->","yoast_head_json":{"title":"Pro Sieben Sat 1 steigt bei Holodeck ein - Schweizer Virtual Reality News","robots":{"index":"index","follow":"follow","max-snippet":"max-snippet:-1","max-image-preview":"max-image-preview:large","max-video-preview":"max-video-preview:-1"},"canonical":"https:\/\/vr-room.ch\/fr\/2019\/05\/20\/pro-sieben-sat-1-steigt-bei-holodeck-ein\/","og_locale":"fr_FR","og_type":"article","og_title":"Pro Sieben Sat 1 steigt bei Holodeck ein - Schweizer Virtual Reality News","og_description":"Pro Sieben Sat 1 verst\u00e4rkt sich im Bereich Virtual Reality und steigt bei Holodeck VR ein. Der Konzern&hellip;","og_url":"https:\/\/vr-room.ch\/fr\/2019\/05\/20\/pro-sieben-sat-1-steigt-bei-holodeck-ein\/","og_site_name":"Schweizer Virtual Reality News","article_published_time":"2019-05-20T15:35:19+00:00","og_image":[{"width":617,"height":346,"url":"https:\/\/vr-room.ch\/wp-content\/uploads\/2019\/05\/VR-271411-detailnp.jpeg","type":"image\/jpeg"}],"author":"Nathalie","twitter_card":"summary_large_image","twitter_misc":{"\u00c9crit par":"Nathalie","Dur\u00e9e de lecture estim\u00e9e":"1 minute"},"schema":{"@context":"https:\/\/schema.org","@graph":[{"@type":"Article","@id":"https:\/\/vr-room.ch\/2019\/05\/20\/pro-sieben-sat-1-steigt-bei-holodeck-ein\/#article","isPartOf":{"@id":"https:\/\/vr-room.ch\/2019\/05\/20\/pro-sieben-sat-1-steigt-bei-holodeck-ein\/"},"author":{"name":"Nathalie","@id":"http:\/\/vr-room.ch\/en\/#\/schema\/person\/1a03b3a6ced429fb4831f60fa2b37599"},"headline":"Pro Sieben Sat 1 steigt bei Holodeck ein","datePublished":"2019-05-20T15:35:19+00:00","mainEntityOfPage":{"@id":"https:\/\/vr-room.ch\/2019\/05\/20\/pro-sieben-sat-1-steigt-bei-holodeck-ein\/"},"wordCount":259,"commentCount":0,"image":{"@id":"https:\/\/vr-room.ch\/2019\/05\/20\/pro-sieben-sat-1-steigt-bei-holodeck-ein\/#primaryimage"},"thumbnailUrl":"https:\/\/vr-room.ch\/wp-content\/uploads\/2019\/05\/VR-271411-detailnp.jpeg","articleSection":["Industrie"],"inLanguage":"fr-FR","potentialAction":[{"@type":"CommentAction","name":"Comment","target":["https:\/\/vr-room.ch\/2019\/05\/20\/pro-sieben-sat-1-steigt-bei-holodeck-ein\/#respond"]}]},{"@type":"WebPage","@id":"https:\/\/vr-room.ch\/2019\/05\/20\/pro-sieben-sat-1-steigt-bei-holodeck-ein\/","url":"https:\/\/vr-room.ch\/2019\/05\/20\/pro-sieben-sat-1-steigt-bei-holodeck-ein\/","name":"Pro Sieben Sat 1 steigt bei Holodeck ein - Schweizer Virtual Reality News","isPartOf":{"@id":"http:\/\/vr-room.ch\/en\/#website"},"primaryImageOfPage":{"@id":"https:\/\/vr-room.ch\/2019\/05\/20\/pro-sieben-sat-1-steigt-bei-holodeck-ein\/#primaryimage"},"image":{"@id":"https:\/\/vr-room.ch\/2019\/05\/20\/pro-sieben-sat-1-steigt-bei-holodeck-ein\/#primaryimage"},"thumbnailUrl":"https:\/\/vr-room.ch\/wp-content\/uploads\/2019\/05\/VR-271411-detailnp.jpeg","datePublished":"2019-05-20T15:35:19+00:00","author":{"@id":"http:\/\/vr-room.ch\/en\/#\/schema\/person\/1a03b3a6ced429fb4831f60fa2b37599"},"breadcrumb":{"@id":"https:\/\/vr-room.ch\/2019\/05\/20\/pro-sieben-sat-1-steigt-bei-holodeck-ein\/#breadcrumb"},"inLanguage":"fr-FR","potentialAction":[{"@type":"ReadAction","target":["https:\/\/vr-room.ch\/2019\/05\/20\/pro-sieben-sat-1-steigt-bei-holodeck-ein\/"]}]},{"@type":"ImageObject","inLanguage":"fr-FR","@id":"https:\/\/vr-room.ch\/2019\/05\/20\/pro-sieben-sat-1-steigt-bei-holodeck-ein\/#primaryimage","url":"https:\/\/vr-room.ch\/wp-content\/uploads\/2019\/05\/VR-271411-detailnp.jpeg","contentUrl":"https:\/\/vr-room.ch\/wp-content\/uploads\/2019\/05\/VR-271411-detailnp.jpeg","width":617,"height":346},{"@type":"BreadcrumbList","@id":"https:\/\/vr-room.ch\/2019\/05\/20\/pro-sieben-sat-1-steigt-bei-holodeck-ein\/#breadcrumb","itemListElement":[{"@type":"ListItem","position":1,"name":"Startseite","item":"http:\/\/vr-room.ch\/en\/"},{"@type":"ListItem","position":2,"name":"Pro Sieben Sat 1 steigt bei Holodeck ein"}]},{"@type":"WebSite","@id":"http:\/\/vr-room.ch\/en\/#website","url":"http:\/\/vr-room.ch\/en\/","name":"Nouvelles de la r\u00e9alit\u00e9 virtuelle suisse","description":"","potentialAction":[{"@type":"SearchAction","target":{"@type":"EntryPoint","urlTemplate":"http:\/\/vr-room.ch\/en\/?s={search_term_string}"},"query-input":{"@type":"PropertyValueSpecification","valueRequired":true,"valueName":"search_term_string"}}],"inLanguage":"fr-FR"},{"@type":"Person","@id":"http:\/\/vr-room.ch\/en\/#\/schema\/person\/1a03b3a6ced429fb4831f60fa2b37599","name":"Nathalie","image":{"@type":"ImageObject","inLanguage":"fr-FR","@id":"https:\/\/vr-room.ch\/wp-content\/uploads\/2017\/01\/avatar_user_12_1484159890-96x96.jpg","url":"https:\/\/vr-room.ch\/wp-content\/uploads\/2017\/01\/avatar_user_12_1484159890-96x96.jpg","contentUrl":"https:\/\/vr-room.ch\/wp-content\/uploads\/2017\/01\/avatar_user_12_1484159890-96x96.jpg","caption":"Nathalie"},"url":"https:\/\/vr-room.ch\/fr\/author\/nathalie\/"}]}},"_links":{"self":[{"href":"https:\/\/vr-room.ch\/fr\/wp-json\/wp\/v2\/posts\/14017","targetHints":{"allow":["GET"]}}],"collection":[{"href":"https:\/\/vr-room.ch\/fr\/wp-json\/wp\/v2\/posts"}],"about":[{"href":"https:\/\/vr-room.ch\/fr\/wp-json\/wp\/v2\/types\/post"}],"author":[{"embeddable":true,"href":"https:\/\/vr-room.ch\/fr\/wp-json\/wp\/v2\/users\/12"}],"replies":[{"embeddable":true,"href":"https:\/\/vr-room.ch\/fr\/wp-json\/wp\/v2\/comments?post=14017"}],"version-history":[{"count":0,"href":"https:\/\/vr-room.ch\/fr\/wp-json\/wp\/v2\/posts\/14017\/revisions"}],"wp:featuredmedia":[{"embeddable":true,"href":"https:\/\/vr-room.ch\/fr\/wp-json\/wp\/v2\/media\/14018"}],"wp:attachment":[{"href":"https:\/\/vr-room.ch\/fr\/wp-json\/wp\/v2\/media?parent=14017"}],"wp:term":[{"taxonomy":"category","embeddable":true,"href":"https:\/\/vr-room.ch\/fr\/wp-json\/wp\/v2\/categories?post=14017"},{"taxonomy":"post_tag","embeddable":true,"href":"https:\/\/vr-room.ch\/fr\/wp-json\/wp\/v2\/tags?post=14017"}],"curies":[{"name":"wp","href":"https:\/\/api.w.org\/{rel}","templated":true}]}}