{"id":13815,"date":"2019-05-08T08:17:05","date_gmt":"2019-05-08T08:17:05","guid":{"rendered":"https:\/\/vr-room.ch\/?p=13815"},"modified":"2019-05-07T08:24:58","modified_gmt":"2019-05-07T08:24:58","slug":"der-vr-cinema-openair-sommer-steht-vor-der-tuere","status":"publish","type":"post","link":"https:\/\/vr-room.ch\/fr\/2019\/05\/08\/der-vr-cinema-openair-sommer-steht-vor-der-tuere\/","title":{"rendered":"Le VR Cinema Openair d'\u00e9t\u00e9 est \u00e0 nos portes"},"content":{"rendered":"<h3 id=\"das-vitrtual-reality-openair-von-wearecinema-geht-in-seiner-3-ausgabe-auf-tour-de-suisse-und-macht-mit-seinem-einmaligen-kinoerlebnis-unter-freiem-himmel-auch-in-deiner-stadt-halt\" class=\"x_nb x_rb\"><span class=\"x_nb x_rb\">Pour sa 3e \u00e9dition, le Vitrtual Reality Openair de WeAreCinema fait le tour de Suisse et s'arr\u00eate dans ta ville avec son exp\u00e9rience cin\u00e9matographique unique en plein air.<\/span><\/h3>\n<p><!--more--><\/p>\n<div>\n<div class=\"x_j\">\n<p class=\"font_8\">Du 8.7 au 18.8.2019, le WeAreCinema se d\u00e9place tous les jours et pendant une semaine dans les villes de B\u00e2le, Berne, Lucerne, Saint-Gall et Zurich et emm\u00e8ne les visiteurs en voyage dans des mondes connus et inconnus.<\/p>\n<p class=\"font_8\">Qu'il s'agisse de plonger dans les profondeurs des mers, d'escalader les plus hauts sommets avec les sherpas ou de \"courir\" dans un paysage forestier angoissant, le VROpenair de WeAreCinema garantit une exp\u00e9rience cin\u00e9matographique unique avec un effet \"cul de poule\". Vous pouvez \u00e9galement voir ce que vous pouvez vivre dans nos <a href=\"https:\/\/vr-room.ch\/fr\/?s=we+are+cinema\">Rapports<\/a>.<\/p>\n<p class=\"x_ob x_rb\"><span class=\"x_ob x_rb\"><span class=\"x_pb x_tb\">Comme le programme des films est toujours en cours de pr\u00e9paration, l'\u00e9quipe de WeAreCinema offre 25% de r\u00e9duction sur tous les billets jusqu'\u00e0 fin mai ! <a href=\"https:\/\/u5989670.ct.sendgrid.net\/wf\/click?upn=azSfB65QEv9yf76AJvW-2FJVwGRT8ktj8azXnMWuBi2PAgmD1C5GSMUfnqJFMFWTwZL5pWlz6Pj2aVW88DSUabpVTPTZGYNenvtPR-2B-2F-2BKTxCQ1rjce7lMPJWoZvZDo8kwjiPsez6j4xU3uUV0t9sN3vQ-2Frh71qFSS021o8OlAAZgzQmqI2CcwGp7p75t-2Fsg7rsEVmgSEB-2BzY6pdeP82DaMWOYiTVMMxa36QnI7fh5i-2BCykYdjGxEEogryxqFWDCqQNAs-2B9MknqWUo9KYuBYmumsyU2Ovj63kxCcTQVSZInfOJUP9fTx00R8s87IRPkZgDu5Un1Y73Z-2FYALlbwUQZi10A-3D-3D_BtWhZo8d4RdM-2F1vP7UMZX1n2ZS4uNpqhQH-2Bi1NBwqUMWVC87AkJFkk9PpQd9qhb24R9zdJdShCwNB3kHz98VgtP2YOZck-2FhuaGou-2BXSeKmCo1B1k4j0rXPl6BnjGc-2Fkm-2BkrQpKMVnxiUsmbfTi2YJ1meVP1i5NY3B0uAygOGaSIoP7tD3yoFfTBb-2FlDHGGE7OOJzMlmkb8M2Vl1cigx1d6HmilcUDtKQtV-2FpJrA-2FOwP3EqX3nbbmJ10RWsic-2FfWIkK7bNUgu1MdWD-2FjzEC6mps0VssLYcfZ5klB6kkSrSIHJ5I2lohSAChApKcxBsQ3CbNQy4sBnYIDcd-2BBckC3bTsSOoCxK-2BqHy2BBtiuwWfcmXjyu4wzULQWIFE3wZvKjJvCoRUCV9DaMJlBwp6vcpGbK28wcPFTPPdzuqbYHFJ0EERf2yAAoJDyWJ6PQY6T78yU3kZXvzuNatfcVjAvK2LwOmfLP3okW4i32UKj7NqyKCUWwvSQ1qxX81efuVU8sk0PYr3irpsDt8-2F-2Bdwztwl8sRTLvK2Yk-2BsaQTo8Lk7MtDVz6bE7J54ykl6l3bf3vjG\" target=\"_blank\" rel=\"noopener noreferrer\">Code de r\u00e9duction : earlybird19<\/a><\/span><\/span><\/p>\n<p class=\"x_nb x_sb\"><span class=\"x_nb x_sb\">8-14 juillet Bourbaki \/ L\u00f6wenplatz Lucerne<\/span><\/p>\n<p class=\"x_nb x_sb\"><span class=\"x_nb x_sb\">22-28 juillet Stripped Pizza, B\u00e2le<\/span><\/p>\n<p class=\"x_nb x_sb\"><span class=\"x_nb x_sb\">29.7. - 4 ao\u00fbt HWB, Berne (Marzilli)<\/span><\/p>\n<p class=\"x_nb x_sb\"><span class=\"x_nb x_sb\">5-11 ao\u00fbt Stripped Pizza, Saint-Gall<\/span><\/p>\n<p class=\"x_nb x_sb\"><span class=\"x_nb x_sb\">12 - 18 ao\u00fbt Lakeside, Zurich<\/span><\/p>\n<\/div>\n<\/div>\n<p class=\"x_nb x_rb\">","protected":false},"excerpt":{"rendered":"Pour sa 3e \u00e9dition, le Vitrtual Reality Openair de WeAreCinema part en tourn\u00e9e en Suisse et...","protected":false},"author":12,"featured_media":13816,"comment_status":"open","ping_status":"open","sticky":false,"template":"","format":"standard","meta":{"footnotes":""},"categories":[68],"tags":[],"class_list":{"0":"post-13815","1":"post","2":"type-post","3":"status-publish","4":"format-standard","5":"has-post-thumbnail","7":"category-virtual-reality-schweiz","8":"cs-entry","9":"cs-video-wrap"},"yoast_head":"<!-- This site is optimized with the Yoast SEO plugin v27.4 - https:\/\/yoast.com\/product\/yoast-seo-wordpress\/ -->\n<title>Der VR Cinema Openair Sommer steht vor der T\u00fcre - Schweizer Virtual Reality News<\/title>\n<meta name=\"robots\" content=\"index, follow, max-snippet:-1, max-image-preview:large, max-video-preview:-1\" \/>\n<link rel=\"canonical\" href=\"https:\/\/vr-room.ch\/fr\/2019\/05\/08\/der-vr-cinema-openair-sommer-steht-vor-der-tuere\/\" \/>\n<meta property=\"og:locale\" content=\"fr_FR\" \/>\n<meta property=\"og:type\" content=\"article\" \/>\n<meta property=\"og:title\" content=\"Der VR Cinema Openair Sommer steht vor der T\u00fcre - Schweizer Virtual Reality News\" \/>\n<meta property=\"og:description\" content=\"Das Vitrtual Reality Openair von WeAreCinema geht in seiner 3. Ausgabe auf Tour de Suisse und macht mit&hellip;\" \/>\n<meta property=\"og:url\" content=\"https:\/\/vr-room.ch\/fr\/2019\/05\/08\/der-vr-cinema-openair-sommer-steht-vor-der-tuere\/\" \/>\n<meta property=\"og:site_name\" content=\"Schweizer Virtual Reality News\" \/>\n<meta property=\"article:published_time\" content=\"2019-05-08T08:17:05+00:00\" \/>\n<meta property=\"og:image\" content=\"https:\/\/vr-room.ch\/wp-content\/uploads\/2019\/05\/IMG_92041-1024x768.jpg\" \/>\n\t<meta property=\"og:image:width\" content=\"1024\" \/>\n\t<meta property=\"og:image:height\" content=\"768\" \/>\n\t<meta property=\"og:image:type\" content=\"image\/jpeg\" \/>\n<meta name=\"author\" content=\"Nathalie\" \/>\n<meta name=\"twitter:card\" content=\"summary_large_image\" \/>\n<meta name=\"twitter:label1\" content=\"\u00c9crit par\" \/>\n\t<meta name=\"twitter:data1\" content=\"Nathalie\" \/>\n\t<meta name=\"twitter:label2\" content=\"Dur\u00e9e de lecture estim\u00e9e\" \/>\n\t<meta name=\"twitter:data2\" content=\"1 minute\" \/>\n<script type=\"application\/ld+json\" class=\"yoast-schema-graph\">{\"@context\":\"https:\\\/\\\/schema.org\",\"@graph\":[{\"@type\":\"Article\",\"@id\":\"https:\\\/\\\/vr-room.ch\\\/2019\\\/05\\\/08\\\/der-vr-cinema-openair-sommer-steht-vor-der-tuere\\\/#article\",\"isPartOf\":{\"@id\":\"https:\\\/\\\/vr-room.ch\\\/2019\\\/05\\\/08\\\/der-vr-cinema-openair-sommer-steht-vor-der-tuere\\\/\"},\"author\":{\"name\":\"Nathalie\",\"@id\":\"http:\\\/\\\/vr-room.ch\\\/en\\\/#\\\/schema\\\/person\\\/1a03b3a6ced429fb4831f60fa2b37599\"},\"headline\":\"Der VR Cinema Openair Sommer steht vor der T\u00fcre\",\"datePublished\":\"2019-05-08T08:17:05+00:00\",\"mainEntityOfPage\":{\"@id\":\"https:\\\/\\\/vr-room.ch\\\/2019\\\/05\\\/08\\\/der-vr-cinema-openair-sommer-steht-vor-der-tuere\\\/\"},\"wordCount\":175,\"commentCount\":0,\"image\":{\"@id\":\"https:\\\/\\\/vr-room.ch\\\/2019\\\/05\\\/08\\\/der-vr-cinema-openair-sommer-steht-vor-der-tuere\\\/#primaryimage\"},\"thumbnailUrl\":\"https:\\\/\\\/vr-room.ch\\\/wp-content\\\/uploads\\\/2019\\\/05\\\/IMG_92041-1024x768.jpg\",\"articleSection\":[\"Schweiz\"],\"inLanguage\":\"fr-FR\",\"potentialAction\":[{\"@type\":\"CommentAction\",\"name\":\"Comment\",\"target\":[\"https:\\\/\\\/vr-room.ch\\\/2019\\\/05\\\/08\\\/der-vr-cinema-openair-sommer-steht-vor-der-tuere\\\/#respond\"]}]},{\"@type\":\"WebPage\",\"@id\":\"https:\\\/\\\/vr-room.ch\\\/2019\\\/05\\\/08\\\/der-vr-cinema-openair-sommer-steht-vor-der-tuere\\\/\",\"url\":\"https:\\\/\\\/vr-room.ch\\\/2019\\\/05\\\/08\\\/der-vr-cinema-openair-sommer-steht-vor-der-tuere\\\/\",\"name\":\"Der VR Cinema Openair Sommer steht vor der T\u00fcre - Schweizer Virtual Reality News\",\"isPartOf\":{\"@id\":\"http:\\\/\\\/vr-room.ch\\\/en\\\/#website\"},\"primaryImageOfPage\":{\"@id\":\"https:\\\/\\\/vr-room.ch\\\/2019\\\/05\\\/08\\\/der-vr-cinema-openair-sommer-steht-vor-der-tuere\\\/#primaryimage\"},\"image\":{\"@id\":\"https:\\\/\\\/vr-room.ch\\\/2019\\\/05\\\/08\\\/der-vr-cinema-openair-sommer-steht-vor-der-tuere\\\/#primaryimage\"},\"thumbnailUrl\":\"https:\\\/\\\/vr-room.ch\\\/wp-content\\\/uploads\\\/2019\\\/05\\\/IMG_92041-1024x768.jpg\",\"datePublished\":\"2019-05-08T08:17:05+00:00\",\"author\":{\"@id\":\"http:\\\/\\\/vr-room.ch\\\/en\\\/#\\\/schema\\\/person\\\/1a03b3a6ced429fb4831f60fa2b37599\"},\"breadcrumb\":{\"@id\":\"https:\\\/\\\/vr-room.ch\\\/2019\\\/05\\\/08\\\/der-vr-cinema-openair-sommer-steht-vor-der-tuere\\\/#breadcrumb\"},\"inLanguage\":\"fr-FR\",\"potentialAction\":[{\"@type\":\"ReadAction\",\"target\":[\"https:\\\/\\\/vr-room.ch\\\/2019\\\/05\\\/08\\\/der-vr-cinema-openair-sommer-steht-vor-der-tuere\\\/\"]}]},{\"@type\":\"ImageObject\",\"inLanguage\":\"fr-FR\",\"@id\":\"https:\\\/\\\/vr-room.ch\\\/2019\\\/05\\\/08\\\/der-vr-cinema-openair-sommer-steht-vor-der-tuere\\\/#primaryimage\",\"url\":\"https:\\\/\\\/vr-room.ch\\\/wp-content\\\/uploads\\\/2019\\\/05\\\/IMG_92041-1024x768.jpg\",\"contentUrl\":\"https:\\\/\\\/vr-room.ch\\\/wp-content\\\/uploads\\\/2019\\\/05\\\/IMG_92041-1024x768.jpg\",\"width\":1024,\"height\":768},{\"@type\":\"BreadcrumbList\",\"@id\":\"https:\\\/\\\/vr-room.ch\\\/2019\\\/05\\\/08\\\/der-vr-cinema-openair-sommer-steht-vor-der-tuere\\\/#breadcrumb\",\"itemListElement\":[{\"@type\":\"ListItem\",\"position\":1,\"name\":\"Startseite\",\"item\":\"http:\\\/\\\/vr-room.ch\\\/en\\\/\"},{\"@type\":\"ListItem\",\"position\":2,\"name\":\"Der VR Cinema Openair Sommer steht vor der T\u00fcre\"}]},{\"@type\":\"WebSite\",\"@id\":\"http:\\\/\\\/vr-room.ch\\\/en\\\/#website\",\"url\":\"http:\\\/\\\/vr-room.ch\\\/en\\\/\",\"name\":\"Schweizer Virtual Reality News\",\"description\":\"\",\"potentialAction\":[{\"@type\":\"SearchAction\",\"target\":{\"@type\":\"EntryPoint\",\"urlTemplate\":\"http:\\\/\\\/vr-room.ch\\\/en\\\/?s={search_term_string}\"},\"query-input\":{\"@type\":\"PropertyValueSpecification\",\"valueRequired\":true,\"valueName\":\"search_term_string\"}}],\"inLanguage\":\"fr-FR\"},{\"@type\":\"Person\",\"@id\":\"http:\\\/\\\/vr-room.ch\\\/en\\\/#\\\/schema\\\/person\\\/1a03b3a6ced429fb4831f60fa2b37599\",\"name\":\"Nathalie\",\"image\":{\"@type\":\"ImageObject\",\"inLanguage\":\"fr-FR\",\"@id\":\"https:\\\/\\\/vr-room.ch\\\/wp-content\\\/uploads\\\/2017\\\/01\\\/avatar_user_12_1484159890-96x96.jpg\",\"url\":\"https:\\\/\\\/vr-room.ch\\\/wp-content\\\/uploads\\\/2017\\\/01\\\/avatar_user_12_1484159890-96x96.jpg\",\"contentUrl\":\"https:\\\/\\\/vr-room.ch\\\/wp-content\\\/uploads\\\/2017\\\/01\\\/avatar_user_12_1484159890-96x96.jpg\",\"caption\":\"Nathalie\"},\"url\":\"https:\\\/\\\/vr-room.ch\\\/fr\\\/author\\\/nathalie\\\/\"}]}<\/script>\n<!-- \/ Yoast SEO plugin. -->","yoast_head_json":{"title":"Der VR Cinema Openair Sommer steht vor der T\u00fcre - Schweizer Virtual Reality News","robots":{"index":"index","follow":"follow","max-snippet":"max-snippet:-1","max-image-preview":"max-image-preview:large","max-video-preview":"max-video-preview:-1"},"canonical":"https:\/\/vr-room.ch\/fr\/2019\/05\/08\/der-vr-cinema-openair-sommer-steht-vor-der-tuere\/","og_locale":"fr_FR","og_type":"article","og_title":"Der VR Cinema Openair Sommer steht vor der T\u00fcre - Schweizer Virtual Reality News","og_description":"Das Vitrtual Reality Openair von WeAreCinema geht in seiner 3. Ausgabe auf Tour de Suisse und macht mit&hellip;","og_url":"https:\/\/vr-room.ch\/fr\/2019\/05\/08\/der-vr-cinema-openair-sommer-steht-vor-der-tuere\/","og_site_name":"Schweizer Virtual Reality News","article_published_time":"2019-05-08T08:17:05+00:00","og_image":[{"width":1024,"height":768,"url":"https:\/\/vr-room.ch\/wp-content\/uploads\/2019\/05\/IMG_92041-1024x768.jpg","type":"image\/jpeg"}],"author":"Nathalie","twitter_card":"summary_large_image","twitter_misc":{"\u00c9crit par":"Nathalie","Dur\u00e9e de lecture estim\u00e9e":"1 minute"},"schema":{"@context":"https:\/\/schema.org","@graph":[{"@type":"Article","@id":"https:\/\/vr-room.ch\/2019\/05\/08\/der-vr-cinema-openair-sommer-steht-vor-der-tuere\/#article","isPartOf":{"@id":"https:\/\/vr-room.ch\/2019\/05\/08\/der-vr-cinema-openair-sommer-steht-vor-der-tuere\/"},"author":{"name":"Nathalie","@id":"http:\/\/vr-room.ch\/en\/#\/schema\/person\/1a03b3a6ced429fb4831f60fa2b37599"},"headline":"Der VR Cinema Openair Sommer steht vor der T\u00fcre","datePublished":"2019-05-08T08:17:05+00:00","mainEntityOfPage":{"@id":"https:\/\/vr-room.ch\/2019\/05\/08\/der-vr-cinema-openair-sommer-steht-vor-der-tuere\/"},"wordCount":175,"commentCount":0,"image":{"@id":"https:\/\/vr-room.ch\/2019\/05\/08\/der-vr-cinema-openair-sommer-steht-vor-der-tuere\/#primaryimage"},"thumbnailUrl":"https:\/\/vr-room.ch\/wp-content\/uploads\/2019\/05\/IMG_92041-1024x768.jpg","articleSection":["Schweiz"],"inLanguage":"fr-FR","potentialAction":[{"@type":"CommentAction","name":"Comment","target":["https:\/\/vr-room.ch\/2019\/05\/08\/der-vr-cinema-openair-sommer-steht-vor-der-tuere\/#respond"]}]},{"@type":"WebPage","@id":"https:\/\/vr-room.ch\/2019\/05\/08\/der-vr-cinema-openair-sommer-steht-vor-der-tuere\/","url":"https:\/\/vr-room.ch\/2019\/05\/08\/der-vr-cinema-openair-sommer-steht-vor-der-tuere\/","name":"Der VR Cinema Openair Sommer steht vor der T\u00fcre - Schweizer Virtual Reality News","isPartOf":{"@id":"http:\/\/vr-room.ch\/en\/#website"},"primaryImageOfPage":{"@id":"https:\/\/vr-room.ch\/2019\/05\/08\/der-vr-cinema-openair-sommer-steht-vor-der-tuere\/#primaryimage"},"image":{"@id":"https:\/\/vr-room.ch\/2019\/05\/08\/der-vr-cinema-openair-sommer-steht-vor-der-tuere\/#primaryimage"},"thumbnailUrl":"https:\/\/vr-room.ch\/wp-content\/uploads\/2019\/05\/IMG_92041-1024x768.jpg","datePublished":"2019-05-08T08:17:05+00:00","author":{"@id":"http:\/\/vr-room.ch\/en\/#\/schema\/person\/1a03b3a6ced429fb4831f60fa2b37599"},"breadcrumb":{"@id":"https:\/\/vr-room.ch\/2019\/05\/08\/der-vr-cinema-openair-sommer-steht-vor-der-tuere\/#breadcrumb"},"inLanguage":"fr-FR","potentialAction":[{"@type":"ReadAction","target":["https:\/\/vr-room.ch\/2019\/05\/08\/der-vr-cinema-openair-sommer-steht-vor-der-tuere\/"]}]},{"@type":"ImageObject","inLanguage":"fr-FR","@id":"https:\/\/vr-room.ch\/2019\/05\/08\/der-vr-cinema-openair-sommer-steht-vor-der-tuere\/#primaryimage","url":"https:\/\/vr-room.ch\/wp-content\/uploads\/2019\/05\/IMG_92041-1024x768.jpg","contentUrl":"https:\/\/vr-room.ch\/wp-content\/uploads\/2019\/05\/IMG_92041-1024x768.jpg","width":1024,"height":768},{"@type":"BreadcrumbList","@id":"https:\/\/vr-room.ch\/2019\/05\/08\/der-vr-cinema-openair-sommer-steht-vor-der-tuere\/#breadcrumb","itemListElement":[{"@type":"ListItem","position":1,"name":"Startseite","item":"http:\/\/vr-room.ch\/en\/"},{"@type":"ListItem","position":2,"name":"Der VR Cinema Openair Sommer steht vor der T\u00fcre"}]},{"@type":"WebSite","@id":"http:\/\/vr-room.ch\/en\/#website","url":"http:\/\/vr-room.ch\/en\/","name":"Nouvelles de la r\u00e9alit\u00e9 virtuelle suisse","description":"","potentialAction":[{"@type":"SearchAction","target":{"@type":"EntryPoint","urlTemplate":"http:\/\/vr-room.ch\/en\/?s={search_term_string}"},"query-input":{"@type":"PropertyValueSpecification","valueRequired":true,"valueName":"search_term_string"}}],"inLanguage":"fr-FR"},{"@type":"Person","@id":"http:\/\/vr-room.ch\/en\/#\/schema\/person\/1a03b3a6ced429fb4831f60fa2b37599","name":"Nathalie","image":{"@type":"ImageObject","inLanguage":"fr-FR","@id":"https:\/\/vr-room.ch\/wp-content\/uploads\/2017\/01\/avatar_user_12_1484159890-96x96.jpg","url":"https:\/\/vr-room.ch\/wp-content\/uploads\/2017\/01\/avatar_user_12_1484159890-96x96.jpg","contentUrl":"https:\/\/vr-room.ch\/wp-content\/uploads\/2017\/01\/avatar_user_12_1484159890-96x96.jpg","caption":"Nathalie"},"url":"https:\/\/vr-room.ch\/fr\/author\/nathalie\/"}]}},"_links":{"self":[{"href":"https:\/\/vr-room.ch\/fr\/wp-json\/wp\/v2\/posts\/13815","targetHints":{"allow":["GET"]}}],"collection":[{"href":"https:\/\/vr-room.ch\/fr\/wp-json\/wp\/v2\/posts"}],"about":[{"href":"https:\/\/vr-room.ch\/fr\/wp-json\/wp\/v2\/types\/post"}],"author":[{"embeddable":true,"href":"https:\/\/vr-room.ch\/fr\/wp-json\/wp\/v2\/users\/12"}],"replies":[{"embeddable":true,"href":"https:\/\/vr-room.ch\/fr\/wp-json\/wp\/v2\/comments?post=13815"}],"version-history":[{"count":0,"href":"https:\/\/vr-room.ch\/fr\/wp-json\/wp\/v2\/posts\/13815\/revisions"}],"wp:featuredmedia":[{"embeddable":true,"href":"https:\/\/vr-room.ch\/fr\/wp-json\/wp\/v2\/media\/13816"}],"wp:attachment":[{"href":"https:\/\/vr-room.ch\/fr\/wp-json\/wp\/v2\/media?parent=13815"}],"wp:term":[{"taxonomy":"category","embeddable":true,"href":"https:\/\/vr-room.ch\/fr\/wp-json\/wp\/v2\/categories?post=13815"},{"taxonomy":"post_tag","embeddable":true,"href":"https:\/\/vr-room.ch\/fr\/wp-json\/wp\/v2\/tags?post=13815"}],"curies":[{"name":"wp","href":"https:\/\/api.w.org\/{rel}","templated":true}]}}