{"id":13630,"date":"2019-05-03T06:13:59","date_gmt":"2019-05-03T06:13:59","guid":{"rendered":"https:\/\/vr-room.ch\/?p=13630"},"modified":"2019-04-23T19:18:17","modified_gmt":"2019-04-23T19:18:17","slug":"eintauchen-in-den-koerper-und-die-medizinische-wissenschaft","status":"publish","type":"post","link":"https:\/\/vr-room.ch\/fr\/2019\/05\/03\/eintauchen-in-den-koerper-und-die-medizinische-wissenschaft\/","title":{"rendered":"Immersion dans le corps et la science m\u00e9dicale"},"content":{"rendered":"<div id=\"body_divLead\" class=\"lead\">\n<h3 id=\"chirurgen-am-universitaetsspital-basel-bereiten-sich-im-virtuellen-raum-auf-reale-operationen-vor-die-entwickler-der-dafuer-noetigen-technologie-vermitteln-im-basler-pharmaziemuseum-einblicke-in-dies\">Les chirurgiens de l'H\u00f4pital universitaire de B\u00e2le se pr\u00e9parent \u00e0 des op\u00e9rations r\u00e9elles dans un espace virtuel. Les d\u00e9veloppeurs de la technologie n\u00e9cessaire \u00e0 cet effet donnent un aper\u00e7u de cette avanc\u00e9e et d'autres de la m\u00e9decine moderne au Mus\u00e9e de la pharmacie de B\u00e2le.<!--more--><\/h3>\n<\/div>\n<div id=\"body_divText\" class=\"text\">\n<p>La technologie d\u00e9velopp\u00e9e \u00e0 l'H\u00f4pital universitaire et \u00e0 l'Universit\u00e9 de B\u00e2le a \u00e9t\u00e9 utilis\u00e9e pour la premi\u00e8re fois au monde en 2017 : des chirurgiens se sont pr\u00e9par\u00e9s \u00e0 l'op\u00e9ration d'un patient atteint de spondylarthrite ankylosante - une ossification de la colonne vert\u00e9brale - sur une image virtuelle en 3D. \u00c0 l'aide de lunettes de r\u00e9alit\u00e9 virtuelle, ils ont pu s'immerger profond\u00e9ment dans le corps de leur patient et observer pr\u00e9cis\u00e9ment le site de l'op\u00e9ration sous tous les angles.<\/p>\n<p>Das k\u00f6nnen nun auch Laien tun. In der interaktiven Ausstellung &#8222;<a href=\"https:\/\/www.bewegte-einblicke.ch\/\">Regards en mouvement. La m\u00e9decine dans la quatri\u00e8me dimension<\/a>&#8220; im Basler Pharmaziemuseum pr\u00e4sentieren die Forscher des Department of Biomedical Engineering der Medizinischen Fakult\u00e4t ihre Entwicklung. &#8222;Wir wollen vom Elfenbeinturm heruntersteigen und unsere Forschung auch f\u00fcr Laien erlebbar machen&#8220;, sagte Institutsleiter Philippe Cattin am Dienstag an einer Vorbesichtigung der Ausstellung.<\/p>\n<h3 id=\"gezielte-bekaempfung-von-tumoren\" class=\"title\">Lutte cibl\u00e9e contre les tumeurs<\/h3>\n<p>Le travail sur des mod\u00e8les virtuels en 3D fait d\u00e9sormais partie de la routine, surtout en neurochirurgie et en chirurgie orthop\u00e9dique de la colonne vert\u00e9brale, ont d\u00e9clar\u00e9 les organisateurs de l'exposition. Un autre nouveau d\u00e9veloppement technologique m\u00e9dical pr\u00e9sent\u00e9 dans l'exposition n'en est qu'au d\u00e9but de son utilisation pratique.<\/p>\n<p>Il s'agit d'une commande massivement affin\u00e9e d'ondes ultrasonores pour la destruction cibl\u00e9e de tumeurs canc\u00e9reuses. Les chercheurs b\u00e2lois ont d\u00e9velopp\u00e9 des pastilles \u00e9quip\u00e9es de 1420 haut-parleurs de tr\u00e8s petite taille. Les ondes sonores peuvent ainsi \u00eatre concentr\u00e9es avec pr\u00e9cision. Les chercheurs consid\u00e8rent comme une grande innovation le fait que les petits mouvements des tumeurs, d\u00e9clench\u00e9s par la respiration des patients, peuvent \u00e9galement \u00eatre pris en compte.<\/p>\n<p>In der Ausstellung lassen sich die feinen, nicht h\u00f6r- aber f\u00fchlbaren Ultraschallwellen an einem Modell mit rund 150 Lautsprechern nachvollziehen. Das Pad &#8222;beschiesst&#8220; die Handfl\u00e4che mit unterschiedlichen geometrischen Mustern.<\/p>\n<h3 id=\"innovation-von-einst-und-heute\" class=\"title\">L'innovation d'hier et d'aujourd'hui<\/h3>\n<p>L'exposition, qui pr\u00e9sente ces d\u00e9couvertes et d'autres avanc\u00e9es de la m\u00e9decine moderne, est install\u00e9e dans deux laboratoires de l'ancien Institut pharmaceutique de l'universit\u00e9, vieux d'une centaine d'ann\u00e9es et rattach\u00e9s au mus\u00e9e.<\/p>\n<p>Mais l'histoire de l'\u00e9tablissement remonte \u00e0 bien plus longtemps encore. Au 16e si\u00e8cle, Andreas Vesal, le fondateur de l'anatomie moderne, y diss\u00e9quait ses premiers cadavres. L'exposition a d\u00e9crit cela comme une charmante parenth\u00e8se entre l'innovation m\u00e9dicale d'autrefois et le d\u00e9veloppement fulgurant du pr\u00e9sent.<\/p>\n<p>Source : Volksblatt<\/p>\n<\/div>","protected":false},"excerpt":{"rendered":"Les chirurgiens de l'H\u00f4pital universitaire de B\u00e2le se pr\u00e9parent \u00e0 des op\u00e9rations r\u00e9elles dans un espace virtuel. Les d\u00e9veloppeurs de la...","protected":false},"author":12,"featured_media":13631,"comment_status":"open","ping_status":"open","sticky":false,"template":"","format":"standard","meta":{"footnotes":""},"categories":[68],"tags":[],"class_list":{"0":"post-13630","1":"post","2":"type-post","3":"status-publish","4":"format-standard","5":"has-post-thumbnail","7":"category-virtual-reality-schweiz","8":"cs-entry","9":"cs-video-wrap"},"yoast_head":"<!-- This site is optimized with the Yoast SEO plugin v27.4 - https:\/\/yoast.com\/product\/yoast-seo-wordpress\/ -->\n<title>Eintauchen in den K\u00f6rper und die medizinische Wissenschaft - Schweizer Virtual Reality News<\/title>\n<meta name=\"robots\" content=\"index, follow, max-snippet:-1, max-image-preview:large, max-video-preview:-1\" \/>\n<link rel=\"canonical\" href=\"http:\/\/vr-room.ch\/fr\/2019\/05\/03\/eintauchen-in-den-koerper-und-die-medizinische-wissenschaft\/\" \/>\n<meta property=\"og:locale\" content=\"fr_FR\" \/>\n<meta property=\"og:type\" content=\"article\" \/>\n<meta property=\"og:title\" content=\"Eintauchen in den K\u00f6rper und die medizinische Wissenschaft - Schweizer Virtual Reality News\" \/>\n<meta property=\"og:description\" content=\"Chirurgen am Universit\u00e4tsspital Basel bereiten sich im virtuellen Raum auf reale Operationen vor. Die Entwickler der daf\u00fcr n\u00f6tigen&hellip;\" \/>\n<meta property=\"og:url\" content=\"http:\/\/vr-room.ch\/fr\/2019\/05\/03\/eintauchen-in-den-koerper-und-die-medizinische-wissenschaft\/\" \/>\n<meta property=\"og:site_name\" content=\"Schweizer Virtual Reality News\" \/>\n<meta property=\"article:published_time\" content=\"2019-05-03T06:13:59+00:00\" \/>\n<meta property=\"og:image\" content=\"https:\/\/vr-room.ch\/wp-content\/uploads\/2019\/04\/20190423145636665.jpg\" \/>\n\t<meta property=\"og:image:width\" content=\"1232\" \/>\n\t<meta property=\"og:image:height\" content=\"693\" \/>\n\t<meta property=\"og:image:type\" content=\"image\/jpeg\" \/>\n<meta name=\"author\" content=\"Nathalie\" \/>\n<meta name=\"twitter:card\" content=\"summary_large_image\" \/>\n<meta name=\"twitter:label1\" content=\"\u00c9crit par\" \/>\n\t<meta name=\"twitter:data1\" content=\"Nathalie\" \/>\n\t<meta name=\"twitter:label2\" content=\"Dur\u00e9e de lecture estim\u00e9e\" \/>\n\t<meta name=\"twitter:data2\" content=\"2 minutes\" \/>\n<script type=\"application\/ld+json\" class=\"yoast-schema-graph\">{\"@context\":\"https:\\\/\\\/schema.org\",\"@graph\":[{\"@type\":\"Article\",\"@id\":\"http:\\\/\\\/vr-room.ch\\\/it\\\/2019\\\/05\\\/03\\\/eintauchen-in-den-koerper-und-die-medizinische-wissenschaft\\\/#article\",\"isPartOf\":{\"@id\":\"http:\\\/\\\/vr-room.ch\\\/it\\\/2019\\\/05\\\/03\\\/eintauchen-in-den-koerper-und-die-medizinische-wissenschaft\\\/\"},\"author\":{\"name\":\"Nathalie\",\"@id\":\"http:\\\/\\\/vr-room.ch\\\/en\\\/#\\\/schema\\\/person\\\/1a03b3a6ced429fb4831f60fa2b37599\"},\"headline\":\"Eintauchen in den K\u00f6rper und die medizinische Wissenschaft\",\"datePublished\":\"2019-05-03T06:13:59+00:00\",\"mainEntityOfPage\":{\"@id\":\"http:\\\/\\\/vr-room.ch\\\/it\\\/2019\\\/05\\\/03\\\/eintauchen-in-den-koerper-und-die-medizinische-wissenschaft\\\/\"},\"wordCount\":396,\"commentCount\":0,\"image\":{\"@id\":\"http:\\\/\\\/vr-room.ch\\\/it\\\/2019\\\/05\\\/03\\\/eintauchen-in-den-koerper-und-die-medizinische-wissenschaft\\\/#primaryimage\"},\"thumbnailUrl\":\"https:\\\/\\\/vr-room.ch\\\/wp-content\\\/uploads\\\/2019\\\/04\\\/20190423145636665.jpg\",\"articleSection\":[\"Schweiz\"],\"inLanguage\":\"fr-FR\",\"potentialAction\":[{\"@type\":\"CommentAction\",\"name\":\"Comment\",\"target\":[\"http:\\\/\\\/vr-room.ch\\\/it\\\/2019\\\/05\\\/03\\\/eintauchen-in-den-koerper-und-die-medizinische-wissenschaft\\\/#respond\"]}]},{\"@type\":\"WebPage\",\"@id\":\"http:\\\/\\\/vr-room.ch\\\/it\\\/2019\\\/05\\\/03\\\/eintauchen-in-den-koerper-und-die-medizinische-wissenschaft\\\/\",\"url\":\"http:\\\/\\\/vr-room.ch\\\/it\\\/2019\\\/05\\\/03\\\/eintauchen-in-den-koerper-und-die-medizinische-wissenschaft\\\/\",\"name\":\"Eintauchen in den K\u00f6rper und die medizinische Wissenschaft - Schweizer Virtual Reality News\",\"isPartOf\":{\"@id\":\"http:\\\/\\\/vr-room.ch\\\/en\\\/#website\"},\"primaryImageOfPage\":{\"@id\":\"http:\\\/\\\/vr-room.ch\\\/it\\\/2019\\\/05\\\/03\\\/eintauchen-in-den-koerper-und-die-medizinische-wissenschaft\\\/#primaryimage\"},\"image\":{\"@id\":\"http:\\\/\\\/vr-room.ch\\\/it\\\/2019\\\/05\\\/03\\\/eintauchen-in-den-koerper-und-die-medizinische-wissenschaft\\\/#primaryimage\"},\"thumbnailUrl\":\"https:\\\/\\\/vr-room.ch\\\/wp-content\\\/uploads\\\/2019\\\/04\\\/20190423145636665.jpg\",\"datePublished\":\"2019-05-03T06:13:59+00:00\",\"author\":{\"@id\":\"http:\\\/\\\/vr-room.ch\\\/en\\\/#\\\/schema\\\/person\\\/1a03b3a6ced429fb4831f60fa2b37599\"},\"breadcrumb\":{\"@id\":\"http:\\\/\\\/vr-room.ch\\\/it\\\/2019\\\/05\\\/03\\\/eintauchen-in-den-koerper-und-die-medizinische-wissenschaft\\\/#breadcrumb\"},\"inLanguage\":\"fr-FR\",\"potentialAction\":[{\"@type\":\"ReadAction\",\"target\":[\"http:\\\/\\\/vr-room.ch\\\/it\\\/2019\\\/05\\\/03\\\/eintauchen-in-den-koerper-und-die-medizinische-wissenschaft\\\/\"]}]},{\"@type\":\"ImageObject\",\"inLanguage\":\"fr-FR\",\"@id\":\"http:\\\/\\\/vr-room.ch\\\/it\\\/2019\\\/05\\\/03\\\/eintauchen-in-den-koerper-und-die-medizinische-wissenschaft\\\/#primaryimage\",\"url\":\"https:\\\/\\\/vr-room.ch\\\/wp-content\\\/uploads\\\/2019\\\/04\\\/20190423145636665.jpg\",\"contentUrl\":\"https:\\\/\\\/vr-room.ch\\\/wp-content\\\/uploads\\\/2019\\\/04\\\/20190423145636665.jpg\",\"width\":1232,\"height\":693},{\"@type\":\"BreadcrumbList\",\"@id\":\"http:\\\/\\\/vr-room.ch\\\/it\\\/2019\\\/05\\\/03\\\/eintauchen-in-den-koerper-und-die-medizinische-wissenschaft\\\/#breadcrumb\",\"itemListElement\":[{\"@type\":\"ListItem\",\"position\":1,\"name\":\"Startseite\",\"item\":\"http:\\\/\\\/vr-room.ch\\\/en\\\/\"},{\"@type\":\"ListItem\",\"position\":2,\"name\":\"Eintauchen in den K\u00f6rper und die medizinische Wissenschaft\"}]},{\"@type\":\"WebSite\",\"@id\":\"http:\\\/\\\/vr-room.ch\\\/en\\\/#website\",\"url\":\"http:\\\/\\\/vr-room.ch\\\/en\\\/\",\"name\":\"Schweizer Virtual Reality News\",\"description\":\"\",\"potentialAction\":[{\"@type\":\"SearchAction\",\"target\":{\"@type\":\"EntryPoint\",\"urlTemplate\":\"http:\\\/\\\/vr-room.ch\\\/en\\\/?s={search_term_string}\"},\"query-input\":{\"@type\":\"PropertyValueSpecification\",\"valueRequired\":true,\"valueName\":\"search_term_string\"}}],\"inLanguage\":\"fr-FR\"},{\"@type\":\"Person\",\"@id\":\"http:\\\/\\\/vr-room.ch\\\/en\\\/#\\\/schema\\\/person\\\/1a03b3a6ced429fb4831f60fa2b37599\",\"name\":\"Nathalie\",\"image\":{\"@type\":\"ImageObject\",\"inLanguage\":\"fr-FR\",\"@id\":\"https:\\\/\\\/vr-room.ch\\\/wp-content\\\/uploads\\\/2017\\\/01\\\/avatar_user_12_1484159890-96x96.jpg\",\"url\":\"https:\\\/\\\/vr-room.ch\\\/wp-content\\\/uploads\\\/2017\\\/01\\\/avatar_user_12_1484159890-96x96.jpg\",\"contentUrl\":\"https:\\\/\\\/vr-room.ch\\\/wp-content\\\/uploads\\\/2017\\\/01\\\/avatar_user_12_1484159890-96x96.jpg\",\"caption\":\"Nathalie\"},\"url\":\"https:\\\/\\\/vr-room.ch\\\/fr\\\/author\\\/nathalie\\\/\"}]}<\/script>\n<!-- \/ Yoast SEO plugin. -->","yoast_head_json":{"title":"Eintauchen in den K\u00f6rper und die medizinische Wissenschaft - Schweizer Virtual Reality News","robots":{"index":"index","follow":"follow","max-snippet":"max-snippet:-1","max-image-preview":"max-image-preview:large","max-video-preview":"max-video-preview:-1"},"canonical":"http:\/\/vr-room.ch\/fr\/2019\/05\/03\/eintauchen-in-den-koerper-und-die-medizinische-wissenschaft\/","og_locale":"fr_FR","og_type":"article","og_title":"Eintauchen in den K\u00f6rper und die medizinische Wissenschaft - Schweizer Virtual Reality News","og_description":"Chirurgen am Universit\u00e4tsspital Basel bereiten sich im virtuellen Raum auf reale Operationen vor. Die Entwickler der daf\u00fcr n\u00f6tigen&hellip;","og_url":"http:\/\/vr-room.ch\/fr\/2019\/05\/03\/eintauchen-in-den-koerper-und-die-medizinische-wissenschaft\/","og_site_name":"Schweizer Virtual Reality News","article_published_time":"2019-05-03T06:13:59+00:00","og_image":[{"width":1232,"height":693,"url":"https:\/\/vr-room.ch\/wp-content\/uploads\/2019\/04\/20190423145636665.jpg","type":"image\/jpeg"}],"author":"Nathalie","twitter_card":"summary_large_image","twitter_misc":{"\u00c9crit par":"Nathalie","Dur\u00e9e de lecture estim\u00e9e":"2 minutes"},"schema":{"@context":"https:\/\/schema.org","@graph":[{"@type":"Article","@id":"http:\/\/vr-room.ch\/it\/2019\/05\/03\/eintauchen-in-den-koerper-und-die-medizinische-wissenschaft\/#article","isPartOf":{"@id":"http:\/\/vr-room.ch\/it\/2019\/05\/03\/eintauchen-in-den-koerper-und-die-medizinische-wissenschaft\/"},"author":{"name":"Nathalie","@id":"http:\/\/vr-room.ch\/en\/#\/schema\/person\/1a03b3a6ced429fb4831f60fa2b37599"},"headline":"Eintauchen in den K\u00f6rper und die medizinische Wissenschaft","datePublished":"2019-05-03T06:13:59+00:00","mainEntityOfPage":{"@id":"http:\/\/vr-room.ch\/it\/2019\/05\/03\/eintauchen-in-den-koerper-und-die-medizinische-wissenschaft\/"},"wordCount":396,"commentCount":0,"image":{"@id":"http:\/\/vr-room.ch\/it\/2019\/05\/03\/eintauchen-in-den-koerper-und-die-medizinische-wissenschaft\/#primaryimage"},"thumbnailUrl":"https:\/\/vr-room.ch\/wp-content\/uploads\/2019\/04\/20190423145636665.jpg","articleSection":["Schweiz"],"inLanguage":"fr-FR","potentialAction":[{"@type":"CommentAction","name":"Comment","target":["http:\/\/vr-room.ch\/it\/2019\/05\/03\/eintauchen-in-den-koerper-und-die-medizinische-wissenschaft\/#respond"]}]},{"@type":"WebPage","@id":"http:\/\/vr-room.ch\/it\/2019\/05\/03\/eintauchen-in-den-koerper-und-die-medizinische-wissenschaft\/","url":"http:\/\/vr-room.ch\/it\/2019\/05\/03\/eintauchen-in-den-koerper-und-die-medizinische-wissenschaft\/","name":"Eintauchen in den K\u00f6rper und die medizinische Wissenschaft - Schweizer Virtual Reality News","isPartOf":{"@id":"http:\/\/vr-room.ch\/en\/#website"},"primaryImageOfPage":{"@id":"http:\/\/vr-room.ch\/it\/2019\/05\/03\/eintauchen-in-den-koerper-und-die-medizinische-wissenschaft\/#primaryimage"},"image":{"@id":"http:\/\/vr-room.ch\/it\/2019\/05\/03\/eintauchen-in-den-koerper-und-die-medizinische-wissenschaft\/#primaryimage"},"thumbnailUrl":"https:\/\/vr-room.ch\/wp-content\/uploads\/2019\/04\/20190423145636665.jpg","datePublished":"2019-05-03T06:13:59+00:00","author":{"@id":"http:\/\/vr-room.ch\/en\/#\/schema\/person\/1a03b3a6ced429fb4831f60fa2b37599"},"breadcrumb":{"@id":"http:\/\/vr-room.ch\/it\/2019\/05\/03\/eintauchen-in-den-koerper-und-die-medizinische-wissenschaft\/#breadcrumb"},"inLanguage":"fr-FR","potentialAction":[{"@type":"ReadAction","target":["http:\/\/vr-room.ch\/it\/2019\/05\/03\/eintauchen-in-den-koerper-und-die-medizinische-wissenschaft\/"]}]},{"@type":"ImageObject","inLanguage":"fr-FR","@id":"http:\/\/vr-room.ch\/it\/2019\/05\/03\/eintauchen-in-den-koerper-und-die-medizinische-wissenschaft\/#primaryimage","url":"https:\/\/vr-room.ch\/wp-content\/uploads\/2019\/04\/20190423145636665.jpg","contentUrl":"https:\/\/vr-room.ch\/wp-content\/uploads\/2019\/04\/20190423145636665.jpg","width":1232,"height":693},{"@type":"BreadcrumbList","@id":"http:\/\/vr-room.ch\/it\/2019\/05\/03\/eintauchen-in-den-koerper-und-die-medizinische-wissenschaft\/#breadcrumb","itemListElement":[{"@type":"ListItem","position":1,"name":"Startseite","item":"http:\/\/vr-room.ch\/en\/"},{"@type":"ListItem","position":2,"name":"Eintauchen in den K\u00f6rper und die medizinische Wissenschaft"}]},{"@type":"WebSite","@id":"http:\/\/vr-room.ch\/en\/#website","url":"http:\/\/vr-room.ch\/en\/","name":"Nouvelles de la r\u00e9alit\u00e9 virtuelle suisse","description":"","potentialAction":[{"@type":"SearchAction","target":{"@type":"EntryPoint","urlTemplate":"http:\/\/vr-room.ch\/en\/?s={search_term_string}"},"query-input":{"@type":"PropertyValueSpecification","valueRequired":true,"valueName":"search_term_string"}}],"inLanguage":"fr-FR"},{"@type":"Person","@id":"http:\/\/vr-room.ch\/en\/#\/schema\/person\/1a03b3a6ced429fb4831f60fa2b37599","name":"Nathalie","image":{"@type":"ImageObject","inLanguage":"fr-FR","@id":"https:\/\/vr-room.ch\/wp-content\/uploads\/2017\/01\/avatar_user_12_1484159890-96x96.jpg","url":"https:\/\/vr-room.ch\/wp-content\/uploads\/2017\/01\/avatar_user_12_1484159890-96x96.jpg","contentUrl":"https:\/\/vr-room.ch\/wp-content\/uploads\/2017\/01\/avatar_user_12_1484159890-96x96.jpg","caption":"Nathalie"},"url":"https:\/\/vr-room.ch\/fr\/author\/nathalie\/"}]}},"_links":{"self":[{"href":"https:\/\/vr-room.ch\/fr\/wp-json\/wp\/v2\/posts\/13630","targetHints":{"allow":["GET"]}}],"collection":[{"href":"https:\/\/vr-room.ch\/fr\/wp-json\/wp\/v2\/posts"}],"about":[{"href":"https:\/\/vr-room.ch\/fr\/wp-json\/wp\/v2\/types\/post"}],"author":[{"embeddable":true,"href":"https:\/\/vr-room.ch\/fr\/wp-json\/wp\/v2\/users\/12"}],"replies":[{"embeddable":true,"href":"https:\/\/vr-room.ch\/fr\/wp-json\/wp\/v2\/comments?post=13630"}],"version-history":[{"count":0,"href":"https:\/\/vr-room.ch\/fr\/wp-json\/wp\/v2\/posts\/13630\/revisions"}],"wp:featuredmedia":[{"embeddable":true,"href":"https:\/\/vr-room.ch\/fr\/wp-json\/wp\/v2\/media\/13631"}],"wp:attachment":[{"href":"https:\/\/vr-room.ch\/fr\/wp-json\/wp\/v2\/media?parent=13630"}],"wp:term":[{"taxonomy":"category","embeddable":true,"href":"https:\/\/vr-room.ch\/fr\/wp-json\/wp\/v2\/categories?post=13630"},{"taxonomy":"post_tag","embeddable":true,"href":"https:\/\/vr-room.ch\/fr\/wp-json\/wp\/v2\/tags?post=13630"}],"curies":[{"name":"wp","href":"https:\/\/api.w.org\/{rel}","templated":true}]}}