{"id":12759,"date":"2019-02-04T08:54:45","date_gmt":"2019-02-04T08:54:45","guid":{"rendered":"http:\/\/vr-room.ch\/?p=12759"},"modified":"2019-02-04T08:56:25","modified_gmt":"2019-02-04T08:56:25","slug":"vr-erfahrung-an-bord-iss","status":"publish","type":"post","link":"https:\/\/vr-room.ch\/fr\/2019\/02\/04\/vr-erfahrung-an-bord-iss\/","title":{"rendered":"Nouvelle exp\u00e9rience VR \u00e0 bord de l'ISS"},"content":{"rendered":"<p>Les c\u00e9l\u00e8bres <a href=\"https:\/\/www.felixandpaul.com\/\">Studios Felix &amp; Paul<\/a>qui ont d\u00e9j\u00e0 publi\u00e9 de nombreuses s\u00e9ries\/exp\u00e9riences VR r\u00e9ussies, ont un autre projet \u00e9labor\u00e9 en cours, cette fois \u00e0 bord du <a href=\"https:\/\/de.wikipedia.org\/wiki\/Internationale_Raumstation\">Station spatiale internationale<\/a> aura lieu.<\/p>\n<p>Bereits am 5. Dezember 2018 hob ein Versorgungs-Shuttle zur ISS ab. An Bord waren zwei f\u00fcr den Weltraum modifizierte 360-Grad-Kameras namens &#8222;ZCAM v1 Pro&#8220;. Die Astronauten auf der ISS dokumentieren damit innerhalb eines Jahres ihr Leben auf der Raumstation und im All. Zwei weitere Kameras sollen folgen, um an der H\u00fclle der ISS angebracht zu werden.<\/p>\n<p>Avec <a href=\"http:\/\/time.com\/issexperience\/\">&#8222;ISS Experience&#8220;<\/a>, so heisst die neue 360-Grad\/VR-Serie, m\u00f6chten die renommierten\u00a0Felix &amp; Paul Studios in Zusammenarbeit mit TIME die bisher immersivste ISS-Dokumentation erschaffen. &#8222;ISS Experience&#8220; wird dann als Download angeboten und auch an \u00f6ffentlichen Orten zu sehen sein, darunter Museen.<\/p>\n<div style=\"width: 640px;\" class=\"wp-video\"><video class=\"wp-video-shortcode\" id=\"video-12759-1\" width=\"640\" height=\"360\" loop preload=\"metadata\" controls=\"controls\"><source type=\"video\/youtube\" src=\"https:\/\/www.youtube.com\/watch?v=2rE872ieZio&#038;_=1\" \/><a href=\"https:\/\/www.youtube.com\/watch?v=2rE872ieZio\">https:\/\/www.youtube.com\/watch?v=2rE872ieZio<\/a><\/video><\/div>\n<p>Source : VRODO<\/p>","protected":false},"excerpt":{"rendered":"Les c\u00e9l\u00e8bres studios Felix &amp; Paul, qui ont d\u00e9j\u00e0 publi\u00e9 de nombreuses s\u00e9ries\/exp\u00e9riences VR r\u00e9ussies, ont un autre projet \u00e9labor\u00e9...","protected":false},"author":11,"featured_media":12761,"comment_status":"open","ping_status":"open","sticky":false,"template":"","format":"standard","meta":{"footnotes":""},"categories":[4],"tags":[],"class_list":{"0":"post-12759","1":"post","2":"type-post","3":"status-publish","4":"format-standard","5":"has-post-thumbnail","7":"category-virtual-reality-entertainment","8":"cs-entry","9":"cs-video-wrap"},"yoast_head":"<!-- This site is optimized with the Yoast SEO plugin v27.4 - https:\/\/yoast.com\/product\/yoast-seo-wordpress\/ -->\n<title>Neue VR-Erfahrung an Bord der ISS - Schweizer Virtual Reality News<\/title>\n<meta name=\"robots\" content=\"index, follow, max-snippet:-1, max-image-preview:large, max-video-preview:-1\" \/>\n<link rel=\"canonical\" href=\"http:\/\/vr-room.ch\/fr\/2019\/02\/04\/vr-erfahrung-an-bord-iss\/\" \/>\n<meta property=\"og:locale\" content=\"fr_FR\" \/>\n<meta property=\"og:type\" content=\"article\" \/>\n<meta property=\"og:title\" content=\"Neue VR-Erfahrung an Bord der ISS - Schweizer Virtual Reality News\" \/>\n<meta property=\"og:description\" content=\"Die bekannten Felix &amp; Paul Studios, die schon viele gelungene VR-Serien\/Erfahrungen ver\u00f6ffentlicht haben, haben ein weiteres aufw\u00e4ndiges Projekt&hellip;\" \/>\n<meta property=\"og:url\" content=\"http:\/\/vr-room.ch\/fr\/2019\/02\/04\/vr-erfahrung-an-bord-iss\/\" \/>\n<meta property=\"og:site_name\" content=\"Schweizer Virtual Reality News\" \/>\n<meta property=\"article:published_time\" content=\"2019-02-04T08:54:45+00:00\" \/>\n<meta property=\"article:modified_time\" content=\"2019-02-04T08:56:25+00:00\" \/>\n<meta property=\"og:image\" content=\"https:\/\/vr-room.ch\/wp-content\/uploads\/2019\/02\/ISS.jpg\" \/>\n\t<meta property=\"og:image:width\" content=\"1275\" \/>\n\t<meta property=\"og:image:height\" content=\"683\" \/>\n\t<meta property=\"og:image:type\" content=\"image\/jpeg\" \/>\n<meta name=\"author\" content=\"Michael\" \/>\n<meta name=\"twitter:card\" content=\"summary_large_image\" \/>\n<meta name=\"twitter:label1\" content=\"\u00c9crit par\" \/>\n\t<meta name=\"twitter:data1\" content=\"Michael\" \/>\n\t<meta name=\"twitter:label2\" content=\"Dur\u00e9e de lecture estim\u00e9e\" \/>\n\t<meta name=\"twitter:data2\" content=\"1 minute\" \/>\n<script type=\"application\/ld+json\" class=\"yoast-schema-graph\">{\"@context\":\"https:\\\/\\\/schema.org\",\"@graph\":[{\"@type\":\"Article\",\"@id\":\"http:\\\/\\\/vr-room.ch\\\/fr\\\/2019\\\/02\\\/04\\\/vr-erfahrung-an-bord-iss\\\/#article\",\"isPartOf\":{\"@id\":\"http:\\\/\\\/vr-room.ch\\\/fr\\\/2019\\\/02\\\/04\\\/vr-erfahrung-an-bord-iss\\\/\"},\"author\":{\"name\":\"Michael\",\"@id\":\"http:\\\/\\\/vr-room.ch\\\/en\\\/#\\\/schema\\\/person\\\/4022b4e1fba06681ac263b25c0f1e3d2\"},\"headline\":\"Neue VR-Erfahrung an Bord der ISS\",\"datePublished\":\"2019-02-04T08:54:45+00:00\",\"dateModified\":\"2019-02-04T08:56:25+00:00\",\"mainEntityOfPage\":{\"@id\":\"http:\\\/\\\/vr-room.ch\\\/fr\\\/2019\\\/02\\\/04\\\/vr-erfahrung-an-bord-iss\\\/\"},\"wordCount\":154,\"commentCount\":0,\"image\":{\"@id\":\"http:\\\/\\\/vr-room.ch\\\/fr\\\/2019\\\/02\\\/04\\\/vr-erfahrung-an-bord-iss\\\/#primaryimage\"},\"thumbnailUrl\":\"https:\\\/\\\/vr-room.ch\\\/wp-content\\\/uploads\\\/2019\\\/02\\\/ISS.jpg\",\"articleSection\":[\"Entertainment\"],\"inLanguage\":\"fr-FR\",\"potentialAction\":[{\"@type\":\"CommentAction\",\"name\":\"Comment\",\"target\":[\"http:\\\/\\\/vr-room.ch\\\/fr\\\/2019\\\/02\\\/04\\\/vr-erfahrung-an-bord-iss\\\/#respond\"]}]},{\"@type\":\"WebPage\",\"@id\":\"http:\\\/\\\/vr-room.ch\\\/fr\\\/2019\\\/02\\\/04\\\/vr-erfahrung-an-bord-iss\\\/\",\"url\":\"http:\\\/\\\/vr-room.ch\\\/fr\\\/2019\\\/02\\\/04\\\/vr-erfahrung-an-bord-iss\\\/\",\"name\":\"Neue VR-Erfahrung an Bord der ISS - Schweizer Virtual Reality News\",\"isPartOf\":{\"@id\":\"http:\\\/\\\/vr-room.ch\\\/en\\\/#website\"},\"primaryImageOfPage\":{\"@id\":\"http:\\\/\\\/vr-room.ch\\\/fr\\\/2019\\\/02\\\/04\\\/vr-erfahrung-an-bord-iss\\\/#primaryimage\"},\"image\":{\"@id\":\"http:\\\/\\\/vr-room.ch\\\/fr\\\/2019\\\/02\\\/04\\\/vr-erfahrung-an-bord-iss\\\/#primaryimage\"},\"thumbnailUrl\":\"https:\\\/\\\/vr-room.ch\\\/wp-content\\\/uploads\\\/2019\\\/02\\\/ISS.jpg\",\"datePublished\":\"2019-02-04T08:54:45+00:00\",\"dateModified\":\"2019-02-04T08:56:25+00:00\",\"author\":{\"@id\":\"http:\\\/\\\/vr-room.ch\\\/en\\\/#\\\/schema\\\/person\\\/4022b4e1fba06681ac263b25c0f1e3d2\"},\"breadcrumb\":{\"@id\":\"http:\\\/\\\/vr-room.ch\\\/fr\\\/2019\\\/02\\\/04\\\/vr-erfahrung-an-bord-iss\\\/#breadcrumb\"},\"inLanguage\":\"fr-FR\",\"potentialAction\":[{\"@type\":\"ReadAction\",\"target\":[\"http:\\\/\\\/vr-room.ch\\\/fr\\\/2019\\\/02\\\/04\\\/vr-erfahrung-an-bord-iss\\\/\"]}]},{\"@type\":\"ImageObject\",\"inLanguage\":\"fr-FR\",\"@id\":\"http:\\\/\\\/vr-room.ch\\\/fr\\\/2019\\\/02\\\/04\\\/vr-erfahrung-an-bord-iss\\\/#primaryimage\",\"url\":\"https:\\\/\\\/vr-room.ch\\\/wp-content\\\/uploads\\\/2019\\\/02\\\/ISS.jpg\",\"contentUrl\":\"https:\\\/\\\/vr-room.ch\\\/wp-content\\\/uploads\\\/2019\\\/02\\\/ISS.jpg\",\"width\":1275,\"height\":683},{\"@type\":\"BreadcrumbList\",\"@id\":\"http:\\\/\\\/vr-room.ch\\\/fr\\\/2019\\\/02\\\/04\\\/vr-erfahrung-an-bord-iss\\\/#breadcrumb\",\"itemListElement\":[{\"@type\":\"ListItem\",\"position\":1,\"name\":\"Startseite\",\"item\":\"http:\\\/\\\/vr-room.ch\\\/en\\\/\"},{\"@type\":\"ListItem\",\"position\":2,\"name\":\"Neue VR-Erfahrung an Bord der ISS\"}]},{\"@type\":\"WebSite\",\"@id\":\"http:\\\/\\\/vr-room.ch\\\/en\\\/#website\",\"url\":\"http:\\\/\\\/vr-room.ch\\\/en\\\/\",\"name\":\"Schweizer Virtual Reality News\",\"description\":\"\",\"potentialAction\":[{\"@type\":\"SearchAction\",\"target\":{\"@type\":\"EntryPoint\",\"urlTemplate\":\"http:\\\/\\\/vr-room.ch\\\/en\\\/?s={search_term_string}\"},\"query-input\":{\"@type\":\"PropertyValueSpecification\",\"valueRequired\":true,\"valueName\":\"search_term_string\"}}],\"inLanguage\":\"fr-FR\"},{\"@type\":\"Person\",\"@id\":\"http:\\\/\\\/vr-room.ch\\\/en\\\/#\\\/schema\\\/person\\\/4022b4e1fba06681ac263b25c0f1e3d2\",\"name\":\"Michael\",\"image\":{\"@type\":\"ImageObject\",\"inLanguage\":\"fr-FR\",\"@id\":\"https:\\\/\\\/vr-room.ch\\\/wp-content\\\/uploads\\\/2019\\\/05\\\/avatar_user_11_1558711168-96x96.jpg\",\"url\":\"https:\\\/\\\/vr-room.ch\\\/wp-content\\\/uploads\\\/2019\\\/05\\\/avatar_user_11_1558711168-96x96.jpg\",\"contentUrl\":\"https:\\\/\\\/vr-room.ch\\\/wp-content\\\/uploads\\\/2019\\\/05\\\/avatar_user_11_1558711168-96x96.jpg\",\"caption\":\"Michael\"},\"url\":\"https:\\\/\\\/vr-room.ch\\\/fr\\\/author\\\/michael\\\/\"}]}<\/script>\n<!-- \/ Yoast SEO plugin. -->","yoast_head_json":{"title":"Neue VR-Erfahrung an Bord der ISS - Schweizer Virtual Reality News","robots":{"index":"index","follow":"follow","max-snippet":"max-snippet:-1","max-image-preview":"max-image-preview:large","max-video-preview":"max-video-preview:-1"},"canonical":"http:\/\/vr-room.ch\/fr\/2019\/02\/04\/vr-erfahrung-an-bord-iss\/","og_locale":"fr_FR","og_type":"article","og_title":"Neue VR-Erfahrung an Bord der ISS - Schweizer Virtual Reality News","og_description":"Die bekannten Felix &amp; Paul Studios, die schon viele gelungene VR-Serien\/Erfahrungen ver\u00f6ffentlicht haben, haben ein weiteres aufw\u00e4ndiges Projekt&hellip;","og_url":"http:\/\/vr-room.ch\/fr\/2019\/02\/04\/vr-erfahrung-an-bord-iss\/","og_site_name":"Schweizer Virtual Reality News","article_published_time":"2019-02-04T08:54:45+00:00","article_modified_time":"2019-02-04T08:56:25+00:00","og_image":[{"width":1275,"height":683,"url":"https:\/\/vr-room.ch\/wp-content\/uploads\/2019\/02\/ISS.jpg","type":"image\/jpeg"}],"author":"Michael","twitter_card":"summary_large_image","twitter_misc":{"\u00c9crit par":"Michael","Dur\u00e9e de lecture estim\u00e9e":"1 minute"},"schema":{"@context":"https:\/\/schema.org","@graph":[{"@type":"Article","@id":"http:\/\/vr-room.ch\/fr\/2019\/02\/04\/vr-erfahrung-an-bord-iss\/#article","isPartOf":{"@id":"http:\/\/vr-room.ch\/fr\/2019\/02\/04\/vr-erfahrung-an-bord-iss\/"},"author":{"name":"Michael","@id":"http:\/\/vr-room.ch\/en\/#\/schema\/person\/4022b4e1fba06681ac263b25c0f1e3d2"},"headline":"Neue VR-Erfahrung an Bord der ISS","datePublished":"2019-02-04T08:54:45+00:00","dateModified":"2019-02-04T08:56:25+00:00","mainEntityOfPage":{"@id":"http:\/\/vr-room.ch\/fr\/2019\/02\/04\/vr-erfahrung-an-bord-iss\/"},"wordCount":154,"commentCount":0,"image":{"@id":"http:\/\/vr-room.ch\/fr\/2019\/02\/04\/vr-erfahrung-an-bord-iss\/#primaryimage"},"thumbnailUrl":"https:\/\/vr-room.ch\/wp-content\/uploads\/2019\/02\/ISS.jpg","articleSection":["Entertainment"],"inLanguage":"fr-FR","potentialAction":[{"@type":"CommentAction","name":"Comment","target":["http:\/\/vr-room.ch\/fr\/2019\/02\/04\/vr-erfahrung-an-bord-iss\/#respond"]}]},{"@type":"WebPage","@id":"http:\/\/vr-room.ch\/fr\/2019\/02\/04\/vr-erfahrung-an-bord-iss\/","url":"http:\/\/vr-room.ch\/fr\/2019\/02\/04\/vr-erfahrung-an-bord-iss\/","name":"Neue VR-Erfahrung an Bord der ISS - Schweizer Virtual Reality News","isPartOf":{"@id":"http:\/\/vr-room.ch\/en\/#website"},"primaryImageOfPage":{"@id":"http:\/\/vr-room.ch\/fr\/2019\/02\/04\/vr-erfahrung-an-bord-iss\/#primaryimage"},"image":{"@id":"http:\/\/vr-room.ch\/fr\/2019\/02\/04\/vr-erfahrung-an-bord-iss\/#primaryimage"},"thumbnailUrl":"https:\/\/vr-room.ch\/wp-content\/uploads\/2019\/02\/ISS.jpg","datePublished":"2019-02-04T08:54:45+00:00","dateModified":"2019-02-04T08:56:25+00:00","author":{"@id":"http:\/\/vr-room.ch\/en\/#\/schema\/person\/4022b4e1fba06681ac263b25c0f1e3d2"},"breadcrumb":{"@id":"http:\/\/vr-room.ch\/fr\/2019\/02\/04\/vr-erfahrung-an-bord-iss\/#breadcrumb"},"inLanguage":"fr-FR","potentialAction":[{"@type":"ReadAction","target":["http:\/\/vr-room.ch\/fr\/2019\/02\/04\/vr-erfahrung-an-bord-iss\/"]}]},{"@type":"ImageObject","inLanguage":"fr-FR","@id":"http:\/\/vr-room.ch\/fr\/2019\/02\/04\/vr-erfahrung-an-bord-iss\/#primaryimage","url":"https:\/\/vr-room.ch\/wp-content\/uploads\/2019\/02\/ISS.jpg","contentUrl":"https:\/\/vr-room.ch\/wp-content\/uploads\/2019\/02\/ISS.jpg","width":1275,"height":683},{"@type":"BreadcrumbList","@id":"http:\/\/vr-room.ch\/fr\/2019\/02\/04\/vr-erfahrung-an-bord-iss\/#breadcrumb","itemListElement":[{"@type":"ListItem","position":1,"name":"Startseite","item":"http:\/\/vr-room.ch\/en\/"},{"@type":"ListItem","position":2,"name":"Neue VR-Erfahrung an Bord der ISS"}]},{"@type":"WebSite","@id":"http:\/\/vr-room.ch\/en\/#website","url":"http:\/\/vr-room.ch\/en\/","name":"Nouvelles de la r\u00e9alit\u00e9 virtuelle suisse","description":"","potentialAction":[{"@type":"SearchAction","target":{"@type":"EntryPoint","urlTemplate":"http:\/\/vr-room.ch\/en\/?s={search_term_string}"},"query-input":{"@type":"PropertyValueSpecification","valueRequired":true,"valueName":"search_term_string"}}],"inLanguage":"fr-FR"},{"@type":"Person","@id":"http:\/\/vr-room.ch\/en\/#\/schema\/person\/4022b4e1fba06681ac263b25c0f1e3d2","name":"Michael","image":{"@type":"ImageObject","inLanguage":"fr-FR","@id":"https:\/\/vr-room.ch\/wp-content\/uploads\/2019\/05\/avatar_user_11_1558711168-96x96.jpg","url":"https:\/\/vr-room.ch\/wp-content\/uploads\/2019\/05\/avatar_user_11_1558711168-96x96.jpg","contentUrl":"https:\/\/vr-room.ch\/wp-content\/uploads\/2019\/05\/avatar_user_11_1558711168-96x96.jpg","caption":"Michael"},"url":"https:\/\/vr-room.ch\/fr\/author\/michael\/"}]}},"_links":{"self":[{"href":"https:\/\/vr-room.ch\/fr\/wp-json\/wp\/v2\/posts\/12759","targetHints":{"allow":["GET"]}}],"collection":[{"href":"https:\/\/vr-room.ch\/fr\/wp-json\/wp\/v2\/posts"}],"about":[{"href":"https:\/\/vr-room.ch\/fr\/wp-json\/wp\/v2\/types\/post"}],"author":[{"embeddable":true,"href":"https:\/\/vr-room.ch\/fr\/wp-json\/wp\/v2\/users\/11"}],"replies":[{"embeddable":true,"href":"https:\/\/vr-room.ch\/fr\/wp-json\/wp\/v2\/comments?post=12759"}],"version-history":[{"count":0,"href":"https:\/\/vr-room.ch\/fr\/wp-json\/wp\/v2\/posts\/12759\/revisions"}],"wp:featuredmedia":[{"embeddable":true,"href":"https:\/\/vr-room.ch\/fr\/wp-json\/wp\/v2\/media\/12761"}],"wp:attachment":[{"href":"https:\/\/vr-room.ch\/fr\/wp-json\/wp\/v2\/media?parent=12759"}],"wp:term":[{"taxonomy":"category","embeddable":true,"href":"https:\/\/vr-room.ch\/fr\/wp-json\/wp\/v2\/categories?post=12759"},{"taxonomy":"post_tag","embeddable":true,"href":"https:\/\/vr-room.ch\/fr\/wp-json\/wp\/v2\/tags?post=12759"}],"curies":[{"name":"wp","href":"https:\/\/api.w.org\/{rel}","templated":true}]}}