{"id":12437,"date":"2018-12-29T09:30:11","date_gmt":"2018-12-29T09:30:11","guid":{"rendered":"http:\/\/vr-room.ch\/?p=12437"},"modified":"2018-12-29T09:32:12","modified_gmt":"2018-12-29T09:32:12","slug":"vr-feelreal-riechen-fuehlen","status":"publish","type":"post","link":"https:\/\/vr-room.ch\/fr\/2018\/12\/29\/vr-feelreal-riechen-fuehlen\/","title":{"rendered":"Sentir et toucher la VR avec Feelreal"},"content":{"rendered":"<p>La startup VR Feelreal a d\u00e9j\u00e0 pr\u00e9sent\u00e9 en mai 2015 une <a href=\"https:\/\/www.kickstarter.com\/projects\/feelreal\/feelreal-vr-mask-and-helmet\">Campagne Kickstarter<\/a> pour un masque VR qui devait permettre de sentir et de ressentir la r\u00e9alit\u00e9 virtuelle. Cela n'a pas fonctionn\u00e9 \u00e0 l'\u00e9poque. Voici maintenant la deuxi\u00e8me tentative.<\/p>\n<p>Feelreal a entre-temps remani\u00e9 son masque VR et une nouvelle campagne Kickstarter est pr\u00e9vue, qui devrait bient\u00f4t \u00eatre lanc\u00e9e. Le produit plus abouti doit simuler, outre les odeurs, la chaleur, le vent, le brouillard et le toucher. Feelreal souhaite proposer 255 ar\u00f4mes diff\u00e9rents, tandis que jusqu'\u00e0 neuf d'entre eux peuvent \u00eatre ins\u00e9r\u00e9s simultan\u00e9ment dans le masque VR.<\/p>\n<p>Le masque olfactif sera compatible avec l'Oculus Rift, le HTC Vive, le PlayStation VR, l'Oculus Go et le Gear VR, le dispositif \u00e9tant fix\u00e9 au bas de chaque casque VR par un support magn\u00e9tique. La connexion de donn\u00e9es se fait via Bluetooth ou Wi-Fi. Le poids est de 200 grammes et la batterie est cens\u00e9e durer quatre heures.<\/p>\n<p><a href=\"https:\/\/feelreal.com\/\">Selon le fabricant<\/a> werden unter anderem Spiele wie &#8222;Beat Saber&#8220; und &#8222;The Elder Scrolls 5: Skyrim VR&#8220; unterst\u00fctzt. Wie es heisst, soll es f\u00fcr die Entwickler ohne grossen Aufwand m\u00f6glich sein, die Duft- und Haptik-Features nachtr\u00e4glich einzubauen. Dar\u00fcber hinaus wird Feelreal einen eigenen 360-Grad-Player mit Videos und VR-Erfahrungen anbieten.<\/p>\n<div style=\"width: 640px;\" class=\"wp-video\"><video class=\"wp-video-shortcode\" id=\"video-12437-1\" width=\"640\" height=\"360\" loop preload=\"metadata\" controls=\"controls\"><source type=\"video\/youtube\" src=\"https:\/\/www.youtube.com\/watch?v=vGCJI611VJ0&#038;_=1\" \/><a href=\"https:\/\/www.youtube.com\/watch?v=vGCJI611VJ0\">https:\/\/www.youtube.com\/watch?v=vGCJI611VJ0<\/a><\/video><\/div>\n<p>Source : VRODO<\/p>","protected":false},"excerpt":{"rendered":"La startup VR Feelreal avait d\u00e9j\u00e0 lanc\u00e9 en mai 2015 une campagne Kickstarter pour un masque VR...","protected":false},"author":11,"featured_media":12439,"comment_status":"open","ping_status":"open","sticky":false,"template":"","format":"standard","meta":{"footnotes":""},"categories":[11],"tags":[],"class_list":{"0":"post-12437","1":"post","2":"type-post","3":"status-publish","4":"format-standard","5":"has-post-thumbnail","7":"category-virtual-reality-industrie","8":"cs-entry","9":"cs-video-wrap"},"yoast_head":"<!-- This site is optimized with the Yoast SEO plugin v27.4 - https:\/\/yoast.com\/product\/yoast-seo-wordpress\/ -->\n<title>VR mit Feelreal riechen &amp; f\u00fchlen - Schweizer Virtual Reality News<\/title>\n<meta name=\"robots\" content=\"index, follow, max-snippet:-1, max-image-preview:large, max-video-preview:-1\" \/>\n<link rel=\"canonical\" href=\"http:\/\/vr-room.ch\/fr\/2018\/12\/29\/vr-feelreal-riechen-fuehlen\/\" \/>\n<meta property=\"og:locale\" content=\"fr_FR\" \/>\n<meta property=\"og:type\" content=\"article\" \/>\n<meta property=\"og:title\" content=\"VR mit Feelreal riechen &amp; f\u00fchlen - Schweizer Virtual Reality News\" \/>\n<meta property=\"og:description\" content=\"Das VR-Startup Feelreal hat schon im Mai 2015 eine Kickstarter-Kampagne f\u00fcr eine VR-Maske gestartet, mit der man die&hellip;\" \/>\n<meta property=\"og:url\" content=\"http:\/\/vr-room.ch\/fr\/2018\/12\/29\/vr-feelreal-riechen-fuehlen\/\" \/>\n<meta property=\"og:site_name\" content=\"Schweizer Virtual Reality News\" \/>\n<meta property=\"article:published_time\" content=\"2018-12-29T09:30:11+00:00\" \/>\n<meta property=\"article:modified_time\" content=\"2018-12-29T09:32:12+00:00\" \/>\n<meta property=\"og:image\" content=\"https:\/\/vr-room.ch\/wp-content\/uploads\/2018\/12\/Feelreal.jpg\" \/>\n\t<meta property=\"og:image:width\" content=\"1920\" \/>\n\t<meta property=\"og:image:height\" content=\"1080\" \/>\n\t<meta property=\"og:image:type\" content=\"image\/jpeg\" \/>\n<meta name=\"author\" content=\"Michael\" \/>\n<meta name=\"twitter:card\" content=\"summary_large_image\" \/>\n<meta name=\"twitter:label1\" content=\"\u00c9crit par\" \/>\n\t<meta name=\"twitter:data1\" content=\"Michael\" \/>\n\t<meta name=\"twitter:label2\" content=\"Dur\u00e9e de lecture estim\u00e9e\" \/>\n\t<meta name=\"twitter:data2\" content=\"1 minute\" \/>\n<script type=\"application\/ld+json\" class=\"yoast-schema-graph\">{\"@context\":\"https:\\\/\\\/schema.org\",\"@graph\":[{\"@type\":\"Article\",\"@id\":\"http:\\\/\\\/vr-room.ch\\\/fr\\\/2018\\\/12\\\/29\\\/vr-feelreal-riechen-fuehlen\\\/#article\",\"isPartOf\":{\"@id\":\"http:\\\/\\\/vr-room.ch\\\/fr\\\/2018\\\/12\\\/29\\\/vr-feelreal-riechen-fuehlen\\\/\"},\"author\":{\"name\":\"Michael\",\"@id\":\"http:\\\/\\\/vr-room.ch\\\/en\\\/#\\\/schema\\\/person\\\/4022b4e1fba06681ac263b25c0f1e3d2\"},\"headline\":\"VR mit Feelreal riechen &amp; f\u00fchlen\",\"datePublished\":\"2018-12-29T09:30:11+00:00\",\"dateModified\":\"2018-12-29T09:32:12+00:00\",\"mainEntityOfPage\":{\"@id\":\"http:\\\/\\\/vr-room.ch\\\/fr\\\/2018\\\/12\\\/29\\\/vr-feelreal-riechen-fuehlen\\\/\"},\"wordCount\":215,\"commentCount\":0,\"image\":{\"@id\":\"http:\\\/\\\/vr-room.ch\\\/fr\\\/2018\\\/12\\\/29\\\/vr-feelreal-riechen-fuehlen\\\/#primaryimage\"},\"thumbnailUrl\":\"https:\\\/\\\/vr-room.ch\\\/wp-content\\\/uploads\\\/2018\\\/12\\\/Feelreal.jpg\",\"articleSection\":[\"Industrie\"],\"inLanguage\":\"fr-FR\",\"potentialAction\":[{\"@type\":\"CommentAction\",\"name\":\"Comment\",\"target\":[\"http:\\\/\\\/vr-room.ch\\\/fr\\\/2018\\\/12\\\/29\\\/vr-feelreal-riechen-fuehlen\\\/#respond\"]}]},{\"@type\":\"WebPage\",\"@id\":\"http:\\\/\\\/vr-room.ch\\\/fr\\\/2018\\\/12\\\/29\\\/vr-feelreal-riechen-fuehlen\\\/\",\"url\":\"http:\\\/\\\/vr-room.ch\\\/fr\\\/2018\\\/12\\\/29\\\/vr-feelreal-riechen-fuehlen\\\/\",\"name\":\"VR mit Feelreal riechen &amp; f\u00fchlen - Schweizer Virtual Reality News\",\"isPartOf\":{\"@id\":\"http:\\\/\\\/vr-room.ch\\\/en\\\/#website\"},\"primaryImageOfPage\":{\"@id\":\"http:\\\/\\\/vr-room.ch\\\/fr\\\/2018\\\/12\\\/29\\\/vr-feelreal-riechen-fuehlen\\\/#primaryimage\"},\"image\":{\"@id\":\"http:\\\/\\\/vr-room.ch\\\/fr\\\/2018\\\/12\\\/29\\\/vr-feelreal-riechen-fuehlen\\\/#primaryimage\"},\"thumbnailUrl\":\"https:\\\/\\\/vr-room.ch\\\/wp-content\\\/uploads\\\/2018\\\/12\\\/Feelreal.jpg\",\"datePublished\":\"2018-12-29T09:30:11+00:00\",\"dateModified\":\"2018-12-29T09:32:12+00:00\",\"author\":{\"@id\":\"http:\\\/\\\/vr-room.ch\\\/en\\\/#\\\/schema\\\/person\\\/4022b4e1fba06681ac263b25c0f1e3d2\"},\"breadcrumb\":{\"@id\":\"http:\\\/\\\/vr-room.ch\\\/fr\\\/2018\\\/12\\\/29\\\/vr-feelreal-riechen-fuehlen\\\/#breadcrumb\"},\"inLanguage\":\"fr-FR\",\"potentialAction\":[{\"@type\":\"ReadAction\",\"target\":[\"http:\\\/\\\/vr-room.ch\\\/fr\\\/2018\\\/12\\\/29\\\/vr-feelreal-riechen-fuehlen\\\/\"]}]},{\"@type\":\"ImageObject\",\"inLanguage\":\"fr-FR\",\"@id\":\"http:\\\/\\\/vr-room.ch\\\/fr\\\/2018\\\/12\\\/29\\\/vr-feelreal-riechen-fuehlen\\\/#primaryimage\",\"url\":\"https:\\\/\\\/vr-room.ch\\\/wp-content\\\/uploads\\\/2018\\\/12\\\/Feelreal.jpg\",\"contentUrl\":\"https:\\\/\\\/vr-room.ch\\\/wp-content\\\/uploads\\\/2018\\\/12\\\/Feelreal.jpg\",\"width\":1920,\"height\":1080},{\"@type\":\"BreadcrumbList\",\"@id\":\"http:\\\/\\\/vr-room.ch\\\/fr\\\/2018\\\/12\\\/29\\\/vr-feelreal-riechen-fuehlen\\\/#breadcrumb\",\"itemListElement\":[{\"@type\":\"ListItem\",\"position\":1,\"name\":\"Startseite\",\"item\":\"http:\\\/\\\/vr-room.ch\\\/en\\\/\"},{\"@type\":\"ListItem\",\"position\":2,\"name\":\"VR mit Feelreal riechen &amp; f\u00fchlen\"}]},{\"@type\":\"WebSite\",\"@id\":\"http:\\\/\\\/vr-room.ch\\\/en\\\/#website\",\"url\":\"http:\\\/\\\/vr-room.ch\\\/en\\\/\",\"name\":\"Schweizer Virtual Reality News\",\"description\":\"\",\"potentialAction\":[{\"@type\":\"SearchAction\",\"target\":{\"@type\":\"EntryPoint\",\"urlTemplate\":\"http:\\\/\\\/vr-room.ch\\\/en\\\/?s={search_term_string}\"},\"query-input\":{\"@type\":\"PropertyValueSpecification\",\"valueRequired\":true,\"valueName\":\"search_term_string\"}}],\"inLanguage\":\"fr-FR\"},{\"@type\":\"Person\",\"@id\":\"http:\\\/\\\/vr-room.ch\\\/en\\\/#\\\/schema\\\/person\\\/4022b4e1fba06681ac263b25c0f1e3d2\",\"name\":\"Michael\",\"image\":{\"@type\":\"ImageObject\",\"inLanguage\":\"fr-FR\",\"@id\":\"https:\\\/\\\/vr-room.ch\\\/wp-content\\\/uploads\\\/2019\\\/05\\\/avatar_user_11_1558711168-96x96.jpg\",\"url\":\"https:\\\/\\\/vr-room.ch\\\/wp-content\\\/uploads\\\/2019\\\/05\\\/avatar_user_11_1558711168-96x96.jpg\",\"contentUrl\":\"https:\\\/\\\/vr-room.ch\\\/wp-content\\\/uploads\\\/2019\\\/05\\\/avatar_user_11_1558711168-96x96.jpg\",\"caption\":\"Michael\"},\"url\":\"https:\\\/\\\/vr-room.ch\\\/fr\\\/author\\\/michael\\\/\"}]}<\/script>\n<!-- \/ Yoast SEO plugin. -->","yoast_head_json":{"title":"VR mit Feelreal riechen &amp; f\u00fchlen - Schweizer Virtual Reality News","robots":{"index":"index","follow":"follow","max-snippet":"max-snippet:-1","max-image-preview":"max-image-preview:large","max-video-preview":"max-video-preview:-1"},"canonical":"http:\/\/vr-room.ch\/fr\/2018\/12\/29\/vr-feelreal-riechen-fuehlen\/","og_locale":"fr_FR","og_type":"article","og_title":"VR mit Feelreal riechen &amp; f\u00fchlen - Schweizer Virtual Reality News","og_description":"Das VR-Startup Feelreal hat schon im Mai 2015 eine Kickstarter-Kampagne f\u00fcr eine VR-Maske gestartet, mit der man die&hellip;","og_url":"http:\/\/vr-room.ch\/fr\/2018\/12\/29\/vr-feelreal-riechen-fuehlen\/","og_site_name":"Schweizer Virtual Reality News","article_published_time":"2018-12-29T09:30:11+00:00","article_modified_time":"2018-12-29T09:32:12+00:00","og_image":[{"width":1920,"height":1080,"url":"https:\/\/vr-room.ch\/wp-content\/uploads\/2018\/12\/Feelreal.jpg","type":"image\/jpeg"}],"author":"Michael","twitter_card":"summary_large_image","twitter_misc":{"\u00c9crit par":"Michael","Dur\u00e9e de lecture estim\u00e9e":"1 minute"},"schema":{"@context":"https:\/\/schema.org","@graph":[{"@type":"Article","@id":"http:\/\/vr-room.ch\/fr\/2018\/12\/29\/vr-feelreal-riechen-fuehlen\/#article","isPartOf":{"@id":"http:\/\/vr-room.ch\/fr\/2018\/12\/29\/vr-feelreal-riechen-fuehlen\/"},"author":{"name":"Michael","@id":"http:\/\/vr-room.ch\/en\/#\/schema\/person\/4022b4e1fba06681ac263b25c0f1e3d2"},"headline":"VR mit Feelreal riechen &amp; f\u00fchlen","datePublished":"2018-12-29T09:30:11+00:00","dateModified":"2018-12-29T09:32:12+00:00","mainEntityOfPage":{"@id":"http:\/\/vr-room.ch\/fr\/2018\/12\/29\/vr-feelreal-riechen-fuehlen\/"},"wordCount":215,"commentCount":0,"image":{"@id":"http:\/\/vr-room.ch\/fr\/2018\/12\/29\/vr-feelreal-riechen-fuehlen\/#primaryimage"},"thumbnailUrl":"https:\/\/vr-room.ch\/wp-content\/uploads\/2018\/12\/Feelreal.jpg","articleSection":["Industrie"],"inLanguage":"fr-FR","potentialAction":[{"@type":"CommentAction","name":"Comment","target":["http:\/\/vr-room.ch\/fr\/2018\/12\/29\/vr-feelreal-riechen-fuehlen\/#respond"]}]},{"@type":"WebPage","@id":"http:\/\/vr-room.ch\/fr\/2018\/12\/29\/vr-feelreal-riechen-fuehlen\/","url":"http:\/\/vr-room.ch\/fr\/2018\/12\/29\/vr-feelreal-riechen-fuehlen\/","name":"VR mit Feelreal riechen &amp; f\u00fchlen - Schweizer Virtual Reality News","isPartOf":{"@id":"http:\/\/vr-room.ch\/en\/#website"},"primaryImageOfPage":{"@id":"http:\/\/vr-room.ch\/fr\/2018\/12\/29\/vr-feelreal-riechen-fuehlen\/#primaryimage"},"image":{"@id":"http:\/\/vr-room.ch\/fr\/2018\/12\/29\/vr-feelreal-riechen-fuehlen\/#primaryimage"},"thumbnailUrl":"https:\/\/vr-room.ch\/wp-content\/uploads\/2018\/12\/Feelreal.jpg","datePublished":"2018-12-29T09:30:11+00:00","dateModified":"2018-12-29T09:32:12+00:00","author":{"@id":"http:\/\/vr-room.ch\/en\/#\/schema\/person\/4022b4e1fba06681ac263b25c0f1e3d2"},"breadcrumb":{"@id":"http:\/\/vr-room.ch\/fr\/2018\/12\/29\/vr-feelreal-riechen-fuehlen\/#breadcrumb"},"inLanguage":"fr-FR","potentialAction":[{"@type":"ReadAction","target":["http:\/\/vr-room.ch\/fr\/2018\/12\/29\/vr-feelreal-riechen-fuehlen\/"]}]},{"@type":"ImageObject","inLanguage":"fr-FR","@id":"http:\/\/vr-room.ch\/fr\/2018\/12\/29\/vr-feelreal-riechen-fuehlen\/#primaryimage","url":"https:\/\/vr-room.ch\/wp-content\/uploads\/2018\/12\/Feelreal.jpg","contentUrl":"https:\/\/vr-room.ch\/wp-content\/uploads\/2018\/12\/Feelreal.jpg","width":1920,"height":1080},{"@type":"BreadcrumbList","@id":"http:\/\/vr-room.ch\/fr\/2018\/12\/29\/vr-feelreal-riechen-fuehlen\/#breadcrumb","itemListElement":[{"@type":"ListItem","position":1,"name":"Startseite","item":"http:\/\/vr-room.ch\/en\/"},{"@type":"ListItem","position":2,"name":"VR mit Feelreal riechen &amp; f\u00fchlen"}]},{"@type":"WebSite","@id":"http:\/\/vr-room.ch\/en\/#website","url":"http:\/\/vr-room.ch\/en\/","name":"Nouvelles de la r\u00e9alit\u00e9 virtuelle suisse","description":"","potentialAction":[{"@type":"SearchAction","target":{"@type":"EntryPoint","urlTemplate":"http:\/\/vr-room.ch\/en\/?s={search_term_string}"},"query-input":{"@type":"PropertyValueSpecification","valueRequired":true,"valueName":"search_term_string"}}],"inLanguage":"fr-FR"},{"@type":"Person","@id":"http:\/\/vr-room.ch\/en\/#\/schema\/person\/4022b4e1fba06681ac263b25c0f1e3d2","name":"Michael","image":{"@type":"ImageObject","inLanguage":"fr-FR","@id":"https:\/\/vr-room.ch\/wp-content\/uploads\/2019\/05\/avatar_user_11_1558711168-96x96.jpg","url":"https:\/\/vr-room.ch\/wp-content\/uploads\/2019\/05\/avatar_user_11_1558711168-96x96.jpg","contentUrl":"https:\/\/vr-room.ch\/wp-content\/uploads\/2019\/05\/avatar_user_11_1558711168-96x96.jpg","caption":"Michael"},"url":"https:\/\/vr-room.ch\/fr\/author\/michael\/"}]}},"_links":{"self":[{"href":"https:\/\/vr-room.ch\/fr\/wp-json\/wp\/v2\/posts\/12437","targetHints":{"allow":["GET"]}}],"collection":[{"href":"https:\/\/vr-room.ch\/fr\/wp-json\/wp\/v2\/posts"}],"about":[{"href":"https:\/\/vr-room.ch\/fr\/wp-json\/wp\/v2\/types\/post"}],"author":[{"embeddable":true,"href":"https:\/\/vr-room.ch\/fr\/wp-json\/wp\/v2\/users\/11"}],"replies":[{"embeddable":true,"href":"https:\/\/vr-room.ch\/fr\/wp-json\/wp\/v2\/comments?post=12437"}],"version-history":[{"count":0,"href":"https:\/\/vr-room.ch\/fr\/wp-json\/wp\/v2\/posts\/12437\/revisions"}],"wp:featuredmedia":[{"embeddable":true,"href":"https:\/\/vr-room.ch\/fr\/wp-json\/wp\/v2\/media\/12439"}],"wp:attachment":[{"href":"https:\/\/vr-room.ch\/fr\/wp-json\/wp\/v2\/media?parent=12437"}],"wp:term":[{"taxonomy":"category","embeddable":true,"href":"https:\/\/vr-room.ch\/fr\/wp-json\/wp\/v2\/categories?post=12437"},{"taxonomy":"post_tag","embeddable":true,"href":"https:\/\/vr-room.ch\/fr\/wp-json\/wp\/v2\/tags?post=12437"}],"curies":[{"name":"wp","href":"https:\/\/api.w.org\/{rel}","templated":true}]}}