{"id":12378,"date":"2018-12-23T09:58:13","date_gmt":"2018-12-23T09:58:13","guid":{"rendered":"http:\/\/vr-room.ch\/?p=12378"},"modified":"2018-12-23T09:59:56","modified_gmt":"2018-12-23T09:59:56","slug":"vr-tanzerfahrung-startet-januar","status":"publish","type":"post","link":"https:\/\/vr-room.ch\/fr\/2018\/12\/23\/vr-tanzerfahrung-startet-januar\/","title":{"rendered":"Exp\u00e9rience de danse VR pour les 100 ans du Bauhaus"},"content":{"rendered":"<p>Le site <a href=\"https:\/\/de.wikipedia.org\/wiki\/Bauhaus\">Bauhaus<\/a> f\u00eate ses 100 ans. Il a servi \u00e0 l'\u00e9poque de laboratoire de la modernit\u00e9 et a g\u00e9n\u00e9r\u00e9 beaucoup d'innovations, d'exp\u00e9rimentations et de nouvelles formes dans les arts plastiques, l'architecture, le design, le th\u00e9\u00e2tre, la danse ou la photographie. Le site <a href=\"https:\/\/www.interactivemedia-foundation.com\/de\/projekte\/das-totale-tanz-theater\/\">Fondation des m\u00e9dias interactifs<\/a> d\u00e9veloppe en cons\u00e9quence quelques nouveaux formats.<\/p>\n<p>Dazu geh\u00f6rt die Virtual-Reality-Installation &#8222;Das Totale Tanz Theater&#8220;. &#8222;Inspiriert von Oskar Schlemmers B\u00fchnenexperimenten und Gropius Idee zum Totaltheater hat ein interdisziplin\u00e4res Team unter Federf\u00fchrung der Interactive Media Foundation eine virtuelle Welt geschaffen, die den Besucher in ein Tanzerlebnis mit digitalen T\u00e4nzerwesen einl\u00e4dt,&#8220; heisst es.<\/p>\n<p>Ausgestattet mit einer VR-Brille und einem Controller durchl\u00e4uft man als Besucher eine Reise auf mehreren Ebenen eines virtuellen B\u00fchnenraums. Dazu wird gesagt: &#8222;Das Verh\u00e4ltnis von Mensch und Maschine wird im gemeinsamen Tanz in digitalen Dimensionen f\u00fcr die Dauer von zehn Minuten ganz neu erfahrbar.&#8220; Der Choreograph Richard Siegal hat eine Choreographie entwickelt, die \u00fcber Body-Scanning und Motion-Capture digitalisiert wurde.<\/p>\n<p>&#8222;Das Totale Tanz Theater&#8220; wird im Januar 2019 in der <a href=\"https:\/\/www.adk.de\/\">Acad\u00e9mie des arts de Berlin<\/a> erstmals zu erleben sein. Es ist allerdings auch eine internationale Tour geplant. Basierend darauf wird zudem ein sechsmin\u00fctiges 360-Grad-Video ver\u00f6ffentlicht, das die Zuschauer in die virtuelle B\u00fchnenwelt eintauchen l\u00e4sst. &#8222;Das Totale Tanz Theater 360&#8220; wird auf der &#8222;Arte 360\u00ba&#8220;-Plattform zu sehen sein.<\/p>\n<div style=\"width: 640px;\" class=\"wp-video\"><video class=\"wp-video-shortcode\" id=\"video-12378-1\" width=\"640\" height=\"360\" loop preload=\"metadata\" controls=\"controls\"><source type=\"video\/vimeo\" src=\"https:\/\/vimeo.com\/287457349?loop=1&#038;_=1\" \/><a href=\"https:\/\/vimeo.com\/287457349?loop=1\">https:\/\/vimeo.com\/287457349?loop=1<\/a><\/video><\/div>\n<p>Source : Fondation des m\u00e9dias interactifs<\/p>","protected":false},"excerpt":{"rendered":"Le Bauhaus f\u00eate ses 100 ans. Il a servi \u00e0 l'\u00e9poque de laboratoire de la modernit\u00e9 et a beaucoup innov\u00e9, exp\u00e9riment\u00e9...","protected":false},"author":11,"featured_media":12379,"comment_status":"open","ping_status":"open","sticky":false,"template":"","format":"standard","meta":{"footnotes":""},"categories":[3],"tags":[],"class_list":{"0":"post-12378","1":"post","2":"type-post","3":"status-publish","4":"format-standard","5":"has-post-thumbnail","7":"category-virtual-reality-kunst","8":"cs-entry","9":"cs-video-wrap"},"yoast_head":"<!-- This site is optimized with the Yoast SEO plugin v27.4 - https:\/\/yoast.com\/product\/yoast-seo-wordpress\/ -->\n<title>VR-Tanzerfahrung zu 100 Jahre Bauhaus - Schweizer Virtual Reality News<\/title>\n<meta name=\"robots\" content=\"index, follow, max-snippet:-1, max-image-preview:large, max-video-preview:-1\" \/>\n<link rel=\"canonical\" href=\"https:\/\/vr-room.ch\/fr\/2018\/12\/23\/vr-tanzerfahrung-startet-januar\/\" \/>\n<meta property=\"og:locale\" content=\"fr_FR\" \/>\n<meta property=\"og:type\" content=\"article\" \/>\n<meta property=\"og:title\" content=\"VR-Tanzerfahrung zu 100 Jahre Bauhaus - Schweizer Virtual Reality News\" \/>\n<meta property=\"og:description\" content=\"Das Bauhaus wird 100 Jahre alt. Es diente damals als Labor der Moderne und hat viel Innovationen, Experimente&hellip;\" \/>\n<meta property=\"og:url\" content=\"https:\/\/vr-room.ch\/fr\/2018\/12\/23\/vr-tanzerfahrung-startet-januar\/\" \/>\n<meta property=\"og:site_name\" content=\"Schweizer Virtual Reality News\" \/>\n<meta property=\"article:published_time\" content=\"2018-12-23T09:58:13+00:00\" \/>\n<meta property=\"article:modified_time\" content=\"2018-12-23T09:59:56+00:00\" \/>\n<meta property=\"og:image\" content=\"https:\/\/vr-room.ch\/wp-content\/uploads\/2018\/12\/Tanz_Theater.jpg\" \/>\n\t<meta property=\"og:image:width\" content=\"1600\" \/>\n\t<meta property=\"og:image:height\" content=\"926\" \/>\n\t<meta property=\"og:image:type\" content=\"image\/jpeg\" \/>\n<meta name=\"author\" content=\"Michael\" \/>\n<meta name=\"twitter:card\" content=\"summary_large_image\" \/>\n<meta name=\"twitter:label1\" content=\"\u00c9crit par\" \/>\n\t<meta name=\"twitter:data1\" content=\"Michael\" \/>\n\t<meta name=\"twitter:label2\" content=\"Dur\u00e9e de lecture estim\u00e9e\" \/>\n\t<meta name=\"twitter:data2\" content=\"1 minute\" \/>\n<script type=\"application\/ld+json\" class=\"yoast-schema-graph\">{\"@context\":\"https:\\\/\\\/schema.org\",\"@graph\":[{\"@type\":\"Article\",\"@id\":\"https:\\\/\\\/vr-room.ch\\\/it\\\/2018\\\/12\\\/23\\\/vr-tanzerfahrung-startet-januar\\\/#article\",\"isPartOf\":{\"@id\":\"https:\\\/\\\/vr-room.ch\\\/it\\\/2018\\\/12\\\/23\\\/vr-tanzerfahrung-startet-januar\\\/\"},\"author\":{\"name\":\"Michael\",\"@id\":\"http:\\\/\\\/vr-room.ch\\\/en\\\/#\\\/schema\\\/person\\\/4022b4e1fba06681ac263b25c0f1e3d2\"},\"headline\":\"VR-Tanzerfahrung zu 100 Jahre Bauhaus\",\"datePublished\":\"2018-12-23T09:58:13+00:00\",\"dateModified\":\"2018-12-23T09:59:56+00:00\",\"mainEntityOfPage\":{\"@id\":\"https:\\\/\\\/vr-room.ch\\\/it\\\/2018\\\/12\\\/23\\\/vr-tanzerfahrung-startet-januar\\\/\"},\"wordCount\":229,\"commentCount\":0,\"image\":{\"@id\":\"https:\\\/\\\/vr-room.ch\\\/it\\\/2018\\\/12\\\/23\\\/vr-tanzerfahrung-startet-januar\\\/#primaryimage\"},\"thumbnailUrl\":\"https:\\\/\\\/vr-room.ch\\\/wp-content\\\/uploads\\\/2018\\\/12\\\/Tanz_Theater.jpg\",\"articleSection\":[\"Kunst\"],\"inLanguage\":\"fr-FR\",\"potentialAction\":[{\"@type\":\"CommentAction\",\"name\":\"Comment\",\"target\":[\"https:\\\/\\\/vr-room.ch\\\/it\\\/2018\\\/12\\\/23\\\/vr-tanzerfahrung-startet-januar\\\/#respond\"]}]},{\"@type\":\"WebPage\",\"@id\":\"https:\\\/\\\/vr-room.ch\\\/it\\\/2018\\\/12\\\/23\\\/vr-tanzerfahrung-startet-januar\\\/\",\"url\":\"https:\\\/\\\/vr-room.ch\\\/it\\\/2018\\\/12\\\/23\\\/vr-tanzerfahrung-startet-januar\\\/\",\"name\":\"VR-Tanzerfahrung zu 100 Jahre Bauhaus - Schweizer Virtual Reality News\",\"isPartOf\":{\"@id\":\"http:\\\/\\\/vr-room.ch\\\/en\\\/#website\"},\"primaryImageOfPage\":{\"@id\":\"https:\\\/\\\/vr-room.ch\\\/it\\\/2018\\\/12\\\/23\\\/vr-tanzerfahrung-startet-januar\\\/#primaryimage\"},\"image\":{\"@id\":\"https:\\\/\\\/vr-room.ch\\\/it\\\/2018\\\/12\\\/23\\\/vr-tanzerfahrung-startet-januar\\\/#primaryimage\"},\"thumbnailUrl\":\"https:\\\/\\\/vr-room.ch\\\/wp-content\\\/uploads\\\/2018\\\/12\\\/Tanz_Theater.jpg\",\"datePublished\":\"2018-12-23T09:58:13+00:00\",\"dateModified\":\"2018-12-23T09:59:56+00:00\",\"author\":{\"@id\":\"http:\\\/\\\/vr-room.ch\\\/en\\\/#\\\/schema\\\/person\\\/4022b4e1fba06681ac263b25c0f1e3d2\"},\"breadcrumb\":{\"@id\":\"https:\\\/\\\/vr-room.ch\\\/it\\\/2018\\\/12\\\/23\\\/vr-tanzerfahrung-startet-januar\\\/#breadcrumb\"},\"inLanguage\":\"fr-FR\",\"potentialAction\":[{\"@type\":\"ReadAction\",\"target\":[\"https:\\\/\\\/vr-room.ch\\\/it\\\/2018\\\/12\\\/23\\\/vr-tanzerfahrung-startet-januar\\\/\"]}]},{\"@type\":\"ImageObject\",\"inLanguage\":\"fr-FR\",\"@id\":\"https:\\\/\\\/vr-room.ch\\\/it\\\/2018\\\/12\\\/23\\\/vr-tanzerfahrung-startet-januar\\\/#primaryimage\",\"url\":\"https:\\\/\\\/vr-room.ch\\\/wp-content\\\/uploads\\\/2018\\\/12\\\/Tanz_Theater.jpg\",\"contentUrl\":\"https:\\\/\\\/vr-room.ch\\\/wp-content\\\/uploads\\\/2018\\\/12\\\/Tanz_Theater.jpg\",\"width\":1600,\"height\":926},{\"@type\":\"BreadcrumbList\",\"@id\":\"https:\\\/\\\/vr-room.ch\\\/it\\\/2018\\\/12\\\/23\\\/vr-tanzerfahrung-startet-januar\\\/#breadcrumb\",\"itemListElement\":[{\"@type\":\"ListItem\",\"position\":1,\"name\":\"Startseite\",\"item\":\"http:\\\/\\\/vr-room.ch\\\/en\\\/\"},{\"@type\":\"ListItem\",\"position\":2,\"name\":\"VR-Tanzerfahrung zu 100 Jahre Bauhaus\"}]},{\"@type\":\"WebSite\",\"@id\":\"http:\\\/\\\/vr-room.ch\\\/en\\\/#website\",\"url\":\"http:\\\/\\\/vr-room.ch\\\/en\\\/\",\"name\":\"Schweizer Virtual Reality News\",\"description\":\"\",\"potentialAction\":[{\"@type\":\"SearchAction\",\"target\":{\"@type\":\"EntryPoint\",\"urlTemplate\":\"http:\\\/\\\/vr-room.ch\\\/en\\\/?s={search_term_string}\"},\"query-input\":{\"@type\":\"PropertyValueSpecification\",\"valueRequired\":true,\"valueName\":\"search_term_string\"}}],\"inLanguage\":\"fr-FR\"},{\"@type\":\"Person\",\"@id\":\"http:\\\/\\\/vr-room.ch\\\/en\\\/#\\\/schema\\\/person\\\/4022b4e1fba06681ac263b25c0f1e3d2\",\"name\":\"Michael\",\"image\":{\"@type\":\"ImageObject\",\"inLanguage\":\"fr-FR\",\"@id\":\"https:\\\/\\\/vr-room.ch\\\/wp-content\\\/uploads\\\/2019\\\/05\\\/avatar_user_11_1558711168-96x96.jpg\",\"url\":\"https:\\\/\\\/vr-room.ch\\\/wp-content\\\/uploads\\\/2019\\\/05\\\/avatar_user_11_1558711168-96x96.jpg\",\"contentUrl\":\"https:\\\/\\\/vr-room.ch\\\/wp-content\\\/uploads\\\/2019\\\/05\\\/avatar_user_11_1558711168-96x96.jpg\",\"caption\":\"Michael\"},\"url\":\"https:\\\/\\\/vr-room.ch\\\/fr\\\/author\\\/michael\\\/\"}]}<\/script>\n<!-- \/ Yoast SEO plugin. -->","yoast_head_json":{"title":"VR-Tanzerfahrung zu 100 Jahre Bauhaus - Schweizer Virtual Reality News","robots":{"index":"index","follow":"follow","max-snippet":"max-snippet:-1","max-image-preview":"max-image-preview:large","max-video-preview":"max-video-preview:-1"},"canonical":"https:\/\/vr-room.ch\/fr\/2018\/12\/23\/vr-tanzerfahrung-startet-januar\/","og_locale":"fr_FR","og_type":"article","og_title":"VR-Tanzerfahrung zu 100 Jahre Bauhaus - Schweizer Virtual Reality News","og_description":"Das Bauhaus wird 100 Jahre alt. Es diente damals als Labor der Moderne und hat viel Innovationen, Experimente&hellip;","og_url":"https:\/\/vr-room.ch\/fr\/2018\/12\/23\/vr-tanzerfahrung-startet-januar\/","og_site_name":"Schweizer Virtual Reality News","article_published_time":"2018-12-23T09:58:13+00:00","article_modified_time":"2018-12-23T09:59:56+00:00","og_image":[{"width":1600,"height":926,"url":"https:\/\/vr-room.ch\/wp-content\/uploads\/2018\/12\/Tanz_Theater.jpg","type":"image\/jpeg"}],"author":"Michael","twitter_card":"summary_large_image","twitter_misc":{"\u00c9crit par":"Michael","Dur\u00e9e de lecture estim\u00e9e":"1 minute"},"schema":{"@context":"https:\/\/schema.org","@graph":[{"@type":"Article","@id":"https:\/\/vr-room.ch\/it\/2018\/12\/23\/vr-tanzerfahrung-startet-januar\/#article","isPartOf":{"@id":"https:\/\/vr-room.ch\/it\/2018\/12\/23\/vr-tanzerfahrung-startet-januar\/"},"author":{"name":"Michael","@id":"http:\/\/vr-room.ch\/en\/#\/schema\/person\/4022b4e1fba06681ac263b25c0f1e3d2"},"headline":"VR-Tanzerfahrung zu 100 Jahre Bauhaus","datePublished":"2018-12-23T09:58:13+00:00","dateModified":"2018-12-23T09:59:56+00:00","mainEntityOfPage":{"@id":"https:\/\/vr-room.ch\/it\/2018\/12\/23\/vr-tanzerfahrung-startet-januar\/"},"wordCount":229,"commentCount":0,"image":{"@id":"https:\/\/vr-room.ch\/it\/2018\/12\/23\/vr-tanzerfahrung-startet-januar\/#primaryimage"},"thumbnailUrl":"https:\/\/vr-room.ch\/wp-content\/uploads\/2018\/12\/Tanz_Theater.jpg","articleSection":["Kunst"],"inLanguage":"fr-FR","potentialAction":[{"@type":"CommentAction","name":"Comment","target":["https:\/\/vr-room.ch\/it\/2018\/12\/23\/vr-tanzerfahrung-startet-januar\/#respond"]}]},{"@type":"WebPage","@id":"https:\/\/vr-room.ch\/it\/2018\/12\/23\/vr-tanzerfahrung-startet-januar\/","url":"https:\/\/vr-room.ch\/it\/2018\/12\/23\/vr-tanzerfahrung-startet-januar\/","name":"VR-Tanzerfahrung zu 100 Jahre Bauhaus - Schweizer Virtual Reality News","isPartOf":{"@id":"http:\/\/vr-room.ch\/en\/#website"},"primaryImageOfPage":{"@id":"https:\/\/vr-room.ch\/it\/2018\/12\/23\/vr-tanzerfahrung-startet-januar\/#primaryimage"},"image":{"@id":"https:\/\/vr-room.ch\/it\/2018\/12\/23\/vr-tanzerfahrung-startet-januar\/#primaryimage"},"thumbnailUrl":"https:\/\/vr-room.ch\/wp-content\/uploads\/2018\/12\/Tanz_Theater.jpg","datePublished":"2018-12-23T09:58:13+00:00","dateModified":"2018-12-23T09:59:56+00:00","author":{"@id":"http:\/\/vr-room.ch\/en\/#\/schema\/person\/4022b4e1fba06681ac263b25c0f1e3d2"},"breadcrumb":{"@id":"https:\/\/vr-room.ch\/it\/2018\/12\/23\/vr-tanzerfahrung-startet-januar\/#breadcrumb"},"inLanguage":"fr-FR","potentialAction":[{"@type":"ReadAction","target":["https:\/\/vr-room.ch\/it\/2018\/12\/23\/vr-tanzerfahrung-startet-januar\/"]}]},{"@type":"ImageObject","inLanguage":"fr-FR","@id":"https:\/\/vr-room.ch\/it\/2018\/12\/23\/vr-tanzerfahrung-startet-januar\/#primaryimage","url":"https:\/\/vr-room.ch\/wp-content\/uploads\/2018\/12\/Tanz_Theater.jpg","contentUrl":"https:\/\/vr-room.ch\/wp-content\/uploads\/2018\/12\/Tanz_Theater.jpg","width":1600,"height":926},{"@type":"BreadcrumbList","@id":"https:\/\/vr-room.ch\/it\/2018\/12\/23\/vr-tanzerfahrung-startet-januar\/#breadcrumb","itemListElement":[{"@type":"ListItem","position":1,"name":"Startseite","item":"http:\/\/vr-room.ch\/en\/"},{"@type":"ListItem","position":2,"name":"VR-Tanzerfahrung zu 100 Jahre Bauhaus"}]},{"@type":"WebSite","@id":"http:\/\/vr-room.ch\/en\/#website","url":"http:\/\/vr-room.ch\/en\/","name":"Nouvelles de la r\u00e9alit\u00e9 virtuelle suisse","description":"","potentialAction":[{"@type":"SearchAction","target":{"@type":"EntryPoint","urlTemplate":"http:\/\/vr-room.ch\/en\/?s={search_term_string}"},"query-input":{"@type":"PropertyValueSpecification","valueRequired":true,"valueName":"search_term_string"}}],"inLanguage":"fr-FR"},{"@type":"Person","@id":"http:\/\/vr-room.ch\/en\/#\/schema\/person\/4022b4e1fba06681ac263b25c0f1e3d2","name":"Michael","image":{"@type":"ImageObject","inLanguage":"fr-FR","@id":"https:\/\/vr-room.ch\/wp-content\/uploads\/2019\/05\/avatar_user_11_1558711168-96x96.jpg","url":"https:\/\/vr-room.ch\/wp-content\/uploads\/2019\/05\/avatar_user_11_1558711168-96x96.jpg","contentUrl":"https:\/\/vr-room.ch\/wp-content\/uploads\/2019\/05\/avatar_user_11_1558711168-96x96.jpg","caption":"Michael"},"url":"https:\/\/vr-room.ch\/fr\/author\/michael\/"}]}},"_links":{"self":[{"href":"https:\/\/vr-room.ch\/fr\/wp-json\/wp\/v2\/posts\/12378","targetHints":{"allow":["GET"]}}],"collection":[{"href":"https:\/\/vr-room.ch\/fr\/wp-json\/wp\/v2\/posts"}],"about":[{"href":"https:\/\/vr-room.ch\/fr\/wp-json\/wp\/v2\/types\/post"}],"author":[{"embeddable":true,"href":"https:\/\/vr-room.ch\/fr\/wp-json\/wp\/v2\/users\/11"}],"replies":[{"embeddable":true,"href":"https:\/\/vr-room.ch\/fr\/wp-json\/wp\/v2\/comments?post=12378"}],"version-history":[{"count":0,"href":"https:\/\/vr-room.ch\/fr\/wp-json\/wp\/v2\/posts\/12378\/revisions"}],"wp:featuredmedia":[{"embeddable":true,"href":"https:\/\/vr-room.ch\/fr\/wp-json\/wp\/v2\/media\/12379"}],"wp:attachment":[{"href":"https:\/\/vr-room.ch\/fr\/wp-json\/wp\/v2\/media?parent=12378"}],"wp:term":[{"taxonomy":"category","embeddable":true,"href":"https:\/\/vr-room.ch\/fr\/wp-json\/wp\/v2\/categories?post=12378"},{"taxonomy":"post_tag","embeddable":true,"href":"https:\/\/vr-room.ch\/fr\/wp-json\/wp\/v2\/tags?post=12378"}],"curies":[{"name":"wp","href":"https:\/\/api.w.org\/{rel}","templated":true}]}}