{"id":11650,"date":"2018-10-25T08:41:50","date_gmt":"2018-10-25T08:41:50","guid":{"rendered":"http:\/\/vr-room.ch\/?p=11650"},"modified":"2018-10-25T08:41:50","modified_gmt":"2018-10-25T08:41:50","slug":"statement-oculus-rift-2","status":"publish","type":"post","link":"https:\/\/vr-room.ch\/fr\/2018\/10\/25\/statement-oculus-rift-2\/","title":{"rendered":"D\u00e9claration sur l'Oculus Rift 2"},"content":{"rendered":"<p>Il y a quelques jours, on apprenait que le cofondateur d'Oculus <a href=\"https:\/\/en.wikipedia.org\/wiki\/Brendan_Iribe\">Brendan Iribe<\/a> a quitt\u00e9 l'entreprise. Parall\u00e8lement, une rumeur a circul\u00e9 selon laquelle ce d\u00e9part \u00e9tait li\u00e9 au fait que Facebook <a href=\"https:\/\/techcrunch.com\/2018\/10\/22\/oculus-co-founder-is-leaving-facebook-after-cancellation-of-rift-2-headset\/\">Oculus Rift 2<\/a> a cess\u00e9.<\/p>\n<p>Oculus, das vor einigen Jahren von Facebook gekauft wurde, hat sich in einem Statement zu den Ger\u00fcchten und Berichten ge\u00e4ussert. Auf die Frage, ob es tats\u00e4chlich kein Oculus Rift 2 geben wird, wurde so geantwortet: &#8222;Wir planen eine zuk\u00fcnftige Version von Rift. Man erinnert sich vielleicht daran, was Mark bei OC5 gesagt hat: &#8230;wenn wir die n\u00e4chste Version von Rift ver\u00f6ffentlichen &#8211; was nicht dieses Jahr ist &#8211; werden alle Inhalte, die f\u00fcr Rift funktionieren, auch mit der n\u00e4chsten Version funktionieren.&#8220;<\/p>\n<p>Es heisst weiter: &#8222;W\u00e4hrend wir also noch nicht ganz bereit sind, \u00fcber die n\u00e4chste Version von Rift zu sprechen, ist PC VR immer noch eine Sparte, in die wir investieren. Es ist immer noch ein Teil unserer Strategie. Wir arbeiten weiter an Produkten und Inhalten, und das wird man im n\u00e4chsten Jahr sehen. Ausserdem leitet Nate weiterhin das Rift\/PC-Team und es gibt dort keine \u00c4nderungen.&#8220; Da haben wir es also, Oculus Rift wird weiterentwickelt.<\/p>\n<p>Source : communiqu\u00e9 de presse<\/p>","protected":false},"excerpt":{"rendered":"Il y a quelques jours, on a appris que le cofondateur d'Oculus, Brendan Iribe, avait quitt\u00e9 l'entreprise. Dans le m\u00eame temps, la rumeur...","protected":false},"author":11,"featured_media":11651,"comment_status":"open","ping_status":"open","sticky":false,"template":"","format":"standard","meta":{"footnotes":""},"categories":[11],"tags":[],"class_list":{"0":"post-11650","1":"post","2":"type-post","3":"status-publish","4":"format-standard","5":"has-post-thumbnail","7":"category-virtual-reality-industrie","8":"cs-entry","9":"cs-video-wrap"},"yoast_head":"<!-- This site is optimized with the Yoast SEO plugin v27.4 - https:\/\/yoast.com\/product\/yoast-seo-wordpress\/ -->\n<title>Statement zu Oculus Rift 2 - Schweizer Virtual Reality News<\/title>\n<meta name=\"robots\" content=\"index, follow, max-snippet:-1, max-image-preview:large, max-video-preview:-1\" \/>\n<link rel=\"canonical\" href=\"http:\/\/vr-room.ch\/fr\/2018\/10\/25\/statement-oculus-rift-2\/\" \/>\n<meta property=\"og:locale\" content=\"fr_FR\" \/>\n<meta property=\"og:type\" content=\"article\" \/>\n<meta property=\"og:title\" content=\"Statement zu Oculus Rift 2 - Schweizer Virtual Reality News\" \/>\n<meta property=\"og:description\" content=\"Vor einigen Tagen wurde bekannt, dass der Oculus-Mitbegr\u00fcnder Brendan Iribe das Unternehmen verlassen hat. Zeitgleich kam das Ger\u00fccht&hellip;\" \/>\n<meta property=\"og:url\" content=\"http:\/\/vr-room.ch\/fr\/2018\/10\/25\/statement-oculus-rift-2\/\" \/>\n<meta property=\"og:site_name\" content=\"Schweizer Virtual Reality News\" \/>\n<meta property=\"article:published_time\" content=\"2018-10-25T08:41:50+00:00\" \/>\n<meta property=\"og:image\" content=\"https:\/\/vr-room.ch\/wp-content\/uploads\/2018\/10\/Oculus.jpg\" \/>\n\t<meta property=\"og:image:width\" content=\"780\" \/>\n\t<meta property=\"og:image:height\" content=\"439\" \/>\n\t<meta property=\"og:image:type\" content=\"image\/jpeg\" \/>\n<meta name=\"author\" content=\"Michael\" \/>\n<meta name=\"twitter:card\" content=\"summary_large_image\" \/>\n<meta name=\"twitter:label1\" content=\"\u00c9crit par\" \/>\n\t<meta name=\"twitter:data1\" content=\"Michael\" \/>\n\t<meta name=\"twitter:label2\" content=\"Dur\u00e9e de lecture estim\u00e9e\" \/>\n\t<meta name=\"twitter:data2\" content=\"1 minute\" \/>\n<script type=\"application\/ld+json\" class=\"yoast-schema-graph\">{\"@context\":\"https:\\\/\\\/schema.org\",\"@graph\":[{\"@type\":\"Article\",\"@id\":\"http:\\\/\\\/vr-room.ch\\\/en\\\/2018\\\/10\\\/25\\\/statement-oculus-rift-2\\\/#article\",\"isPartOf\":{\"@id\":\"http:\\\/\\\/vr-room.ch\\\/en\\\/2018\\\/10\\\/25\\\/statement-oculus-rift-2\\\/\"},\"author\":{\"name\":\"Michael\",\"@id\":\"http:\\\/\\\/vr-room.ch\\\/en\\\/#\\\/schema\\\/person\\\/4022b4e1fba06681ac263b25c0f1e3d2\"},\"headline\":\"Statement zu Oculus Rift 2\",\"datePublished\":\"2018-10-25T08:41:50+00:00\",\"mainEntityOfPage\":{\"@id\":\"http:\\\/\\\/vr-room.ch\\\/en\\\/2018\\\/10\\\/25\\\/statement-oculus-rift-2\\\/\"},\"wordCount\":207,\"commentCount\":0,\"image\":{\"@id\":\"http:\\\/\\\/vr-room.ch\\\/en\\\/2018\\\/10\\\/25\\\/statement-oculus-rift-2\\\/#primaryimage\"},\"thumbnailUrl\":\"https:\\\/\\\/vr-room.ch\\\/wp-content\\\/uploads\\\/2018\\\/10\\\/Oculus.jpg\",\"articleSection\":[\"Industrie\"],\"inLanguage\":\"fr-FR\",\"potentialAction\":[{\"@type\":\"CommentAction\",\"name\":\"Comment\",\"target\":[\"http:\\\/\\\/vr-room.ch\\\/en\\\/2018\\\/10\\\/25\\\/statement-oculus-rift-2\\\/#respond\"]}]},{\"@type\":\"WebPage\",\"@id\":\"http:\\\/\\\/vr-room.ch\\\/en\\\/2018\\\/10\\\/25\\\/statement-oculus-rift-2\\\/\",\"url\":\"http:\\\/\\\/vr-room.ch\\\/en\\\/2018\\\/10\\\/25\\\/statement-oculus-rift-2\\\/\",\"name\":\"Statement zu Oculus Rift 2 - Schweizer Virtual Reality News\",\"isPartOf\":{\"@id\":\"http:\\\/\\\/vr-room.ch\\\/en\\\/#website\"},\"primaryImageOfPage\":{\"@id\":\"http:\\\/\\\/vr-room.ch\\\/en\\\/2018\\\/10\\\/25\\\/statement-oculus-rift-2\\\/#primaryimage\"},\"image\":{\"@id\":\"http:\\\/\\\/vr-room.ch\\\/en\\\/2018\\\/10\\\/25\\\/statement-oculus-rift-2\\\/#primaryimage\"},\"thumbnailUrl\":\"https:\\\/\\\/vr-room.ch\\\/wp-content\\\/uploads\\\/2018\\\/10\\\/Oculus.jpg\",\"datePublished\":\"2018-10-25T08:41:50+00:00\",\"author\":{\"@id\":\"http:\\\/\\\/vr-room.ch\\\/en\\\/#\\\/schema\\\/person\\\/4022b4e1fba06681ac263b25c0f1e3d2\"},\"breadcrumb\":{\"@id\":\"http:\\\/\\\/vr-room.ch\\\/en\\\/2018\\\/10\\\/25\\\/statement-oculus-rift-2\\\/#breadcrumb\"},\"inLanguage\":\"fr-FR\",\"potentialAction\":[{\"@type\":\"ReadAction\",\"target\":[\"http:\\\/\\\/vr-room.ch\\\/en\\\/2018\\\/10\\\/25\\\/statement-oculus-rift-2\\\/\"]}]},{\"@type\":\"ImageObject\",\"inLanguage\":\"fr-FR\",\"@id\":\"http:\\\/\\\/vr-room.ch\\\/en\\\/2018\\\/10\\\/25\\\/statement-oculus-rift-2\\\/#primaryimage\",\"url\":\"https:\\\/\\\/vr-room.ch\\\/wp-content\\\/uploads\\\/2018\\\/10\\\/Oculus.jpg\",\"contentUrl\":\"https:\\\/\\\/vr-room.ch\\\/wp-content\\\/uploads\\\/2018\\\/10\\\/Oculus.jpg\",\"width\":780,\"height\":439},{\"@type\":\"BreadcrumbList\",\"@id\":\"http:\\\/\\\/vr-room.ch\\\/en\\\/2018\\\/10\\\/25\\\/statement-oculus-rift-2\\\/#breadcrumb\",\"itemListElement\":[{\"@type\":\"ListItem\",\"position\":1,\"name\":\"Startseite\",\"item\":\"http:\\\/\\\/vr-room.ch\\\/en\\\/\"},{\"@type\":\"ListItem\",\"position\":2,\"name\":\"Statement zu Oculus Rift 2\"}]},{\"@type\":\"WebSite\",\"@id\":\"http:\\\/\\\/vr-room.ch\\\/en\\\/#website\",\"url\":\"http:\\\/\\\/vr-room.ch\\\/en\\\/\",\"name\":\"Schweizer Virtual Reality News\",\"description\":\"\",\"potentialAction\":[{\"@type\":\"SearchAction\",\"target\":{\"@type\":\"EntryPoint\",\"urlTemplate\":\"http:\\\/\\\/vr-room.ch\\\/en\\\/?s={search_term_string}\"},\"query-input\":{\"@type\":\"PropertyValueSpecification\",\"valueRequired\":true,\"valueName\":\"search_term_string\"}}],\"inLanguage\":\"fr-FR\"},{\"@type\":\"Person\",\"@id\":\"http:\\\/\\\/vr-room.ch\\\/en\\\/#\\\/schema\\\/person\\\/4022b4e1fba06681ac263b25c0f1e3d2\",\"name\":\"Michael\",\"image\":{\"@type\":\"ImageObject\",\"inLanguage\":\"fr-FR\",\"@id\":\"https:\\\/\\\/vr-room.ch\\\/wp-content\\\/uploads\\\/2019\\\/05\\\/avatar_user_11_1558711168-96x96.jpg\",\"url\":\"https:\\\/\\\/vr-room.ch\\\/wp-content\\\/uploads\\\/2019\\\/05\\\/avatar_user_11_1558711168-96x96.jpg\",\"contentUrl\":\"https:\\\/\\\/vr-room.ch\\\/wp-content\\\/uploads\\\/2019\\\/05\\\/avatar_user_11_1558711168-96x96.jpg\",\"caption\":\"Michael\"},\"url\":\"https:\\\/\\\/vr-room.ch\\\/fr\\\/author\\\/michael\\\/\"}]}<\/script>\n<!-- \/ Yoast SEO plugin. -->","yoast_head_json":{"title":"Statement zu Oculus Rift 2 - Schweizer Virtual Reality News","robots":{"index":"index","follow":"follow","max-snippet":"max-snippet:-1","max-image-preview":"max-image-preview:large","max-video-preview":"max-video-preview:-1"},"canonical":"http:\/\/vr-room.ch\/fr\/2018\/10\/25\/statement-oculus-rift-2\/","og_locale":"fr_FR","og_type":"article","og_title":"Statement zu Oculus Rift 2 - Schweizer Virtual Reality News","og_description":"Vor einigen Tagen wurde bekannt, dass der Oculus-Mitbegr\u00fcnder Brendan Iribe das Unternehmen verlassen hat. Zeitgleich kam das Ger\u00fccht&hellip;","og_url":"http:\/\/vr-room.ch\/fr\/2018\/10\/25\/statement-oculus-rift-2\/","og_site_name":"Schweizer Virtual Reality News","article_published_time":"2018-10-25T08:41:50+00:00","og_image":[{"width":780,"height":439,"url":"https:\/\/vr-room.ch\/wp-content\/uploads\/2018\/10\/Oculus.jpg","type":"image\/jpeg"}],"author":"Michael","twitter_card":"summary_large_image","twitter_misc":{"\u00c9crit par":"Michael","Dur\u00e9e de lecture estim\u00e9e":"1 minute"},"schema":{"@context":"https:\/\/schema.org","@graph":[{"@type":"Article","@id":"http:\/\/vr-room.ch\/en\/2018\/10\/25\/statement-oculus-rift-2\/#article","isPartOf":{"@id":"http:\/\/vr-room.ch\/en\/2018\/10\/25\/statement-oculus-rift-2\/"},"author":{"name":"Michael","@id":"http:\/\/vr-room.ch\/en\/#\/schema\/person\/4022b4e1fba06681ac263b25c0f1e3d2"},"headline":"Statement zu Oculus Rift 2","datePublished":"2018-10-25T08:41:50+00:00","mainEntityOfPage":{"@id":"http:\/\/vr-room.ch\/en\/2018\/10\/25\/statement-oculus-rift-2\/"},"wordCount":207,"commentCount":0,"image":{"@id":"http:\/\/vr-room.ch\/en\/2018\/10\/25\/statement-oculus-rift-2\/#primaryimage"},"thumbnailUrl":"https:\/\/vr-room.ch\/wp-content\/uploads\/2018\/10\/Oculus.jpg","articleSection":["Industrie"],"inLanguage":"fr-FR","potentialAction":[{"@type":"CommentAction","name":"Comment","target":["http:\/\/vr-room.ch\/en\/2018\/10\/25\/statement-oculus-rift-2\/#respond"]}]},{"@type":"WebPage","@id":"http:\/\/vr-room.ch\/en\/2018\/10\/25\/statement-oculus-rift-2\/","url":"http:\/\/vr-room.ch\/en\/2018\/10\/25\/statement-oculus-rift-2\/","name":"Statement zu Oculus Rift 2 - Schweizer Virtual Reality News","isPartOf":{"@id":"http:\/\/vr-room.ch\/en\/#website"},"primaryImageOfPage":{"@id":"http:\/\/vr-room.ch\/en\/2018\/10\/25\/statement-oculus-rift-2\/#primaryimage"},"image":{"@id":"http:\/\/vr-room.ch\/en\/2018\/10\/25\/statement-oculus-rift-2\/#primaryimage"},"thumbnailUrl":"https:\/\/vr-room.ch\/wp-content\/uploads\/2018\/10\/Oculus.jpg","datePublished":"2018-10-25T08:41:50+00:00","author":{"@id":"http:\/\/vr-room.ch\/en\/#\/schema\/person\/4022b4e1fba06681ac263b25c0f1e3d2"},"breadcrumb":{"@id":"http:\/\/vr-room.ch\/en\/2018\/10\/25\/statement-oculus-rift-2\/#breadcrumb"},"inLanguage":"fr-FR","potentialAction":[{"@type":"ReadAction","target":["http:\/\/vr-room.ch\/en\/2018\/10\/25\/statement-oculus-rift-2\/"]}]},{"@type":"ImageObject","inLanguage":"fr-FR","@id":"http:\/\/vr-room.ch\/en\/2018\/10\/25\/statement-oculus-rift-2\/#primaryimage","url":"https:\/\/vr-room.ch\/wp-content\/uploads\/2018\/10\/Oculus.jpg","contentUrl":"https:\/\/vr-room.ch\/wp-content\/uploads\/2018\/10\/Oculus.jpg","width":780,"height":439},{"@type":"BreadcrumbList","@id":"http:\/\/vr-room.ch\/en\/2018\/10\/25\/statement-oculus-rift-2\/#breadcrumb","itemListElement":[{"@type":"ListItem","position":1,"name":"Startseite","item":"http:\/\/vr-room.ch\/en\/"},{"@type":"ListItem","position":2,"name":"Statement zu Oculus Rift 2"}]},{"@type":"WebSite","@id":"http:\/\/vr-room.ch\/en\/#website","url":"http:\/\/vr-room.ch\/en\/","name":"Nouvelles de la r\u00e9alit\u00e9 virtuelle suisse","description":"","potentialAction":[{"@type":"SearchAction","target":{"@type":"EntryPoint","urlTemplate":"http:\/\/vr-room.ch\/en\/?s={search_term_string}"},"query-input":{"@type":"PropertyValueSpecification","valueRequired":true,"valueName":"search_term_string"}}],"inLanguage":"fr-FR"},{"@type":"Person","@id":"http:\/\/vr-room.ch\/en\/#\/schema\/person\/4022b4e1fba06681ac263b25c0f1e3d2","name":"Michael","image":{"@type":"ImageObject","inLanguage":"fr-FR","@id":"https:\/\/vr-room.ch\/wp-content\/uploads\/2019\/05\/avatar_user_11_1558711168-96x96.jpg","url":"https:\/\/vr-room.ch\/wp-content\/uploads\/2019\/05\/avatar_user_11_1558711168-96x96.jpg","contentUrl":"https:\/\/vr-room.ch\/wp-content\/uploads\/2019\/05\/avatar_user_11_1558711168-96x96.jpg","caption":"Michael"},"url":"https:\/\/vr-room.ch\/fr\/author\/michael\/"}]}},"_links":{"self":[{"href":"https:\/\/vr-room.ch\/fr\/wp-json\/wp\/v2\/posts\/11650","targetHints":{"allow":["GET"]}}],"collection":[{"href":"https:\/\/vr-room.ch\/fr\/wp-json\/wp\/v2\/posts"}],"about":[{"href":"https:\/\/vr-room.ch\/fr\/wp-json\/wp\/v2\/types\/post"}],"author":[{"embeddable":true,"href":"https:\/\/vr-room.ch\/fr\/wp-json\/wp\/v2\/users\/11"}],"replies":[{"embeddable":true,"href":"https:\/\/vr-room.ch\/fr\/wp-json\/wp\/v2\/comments?post=11650"}],"version-history":[{"count":0,"href":"https:\/\/vr-room.ch\/fr\/wp-json\/wp\/v2\/posts\/11650\/revisions"}],"wp:featuredmedia":[{"embeddable":true,"href":"https:\/\/vr-room.ch\/fr\/wp-json\/wp\/v2\/media\/11651"}],"wp:attachment":[{"href":"https:\/\/vr-room.ch\/fr\/wp-json\/wp\/v2\/media?parent=11650"}],"wp:term":[{"taxonomy":"category","embeddable":true,"href":"https:\/\/vr-room.ch\/fr\/wp-json\/wp\/v2\/categories?post=11650"},{"taxonomy":"post_tag","embeddable":true,"href":"https:\/\/vr-room.ch\/fr\/wp-json\/wp\/v2\/tags?post=11650"}],"curies":[{"name":"wp","href":"https:\/\/api.w.org\/{rel}","templated":true}]}}