{"id":11243,"date":"2018-09-08T06:53:23","date_gmt":"2018-09-08T06:53:23","guid":{"rendered":"http:\/\/vr-room.ch\/?p=11243"},"modified":"2018-09-03T13:25:25","modified_gmt":"2018-09-03T13:25:25","slug":"der-roman-traumtunnel-setzt-sich-mit-virtual-reality-auseinander","status":"publish","type":"post","link":"https:\/\/vr-room.ch\/fr\/2018\/09\/08\/der-roman-traumtunnel-setzt-sich-mit-virtual-reality-auseinander\/","title":{"rendered":"Der Roman &#8222;Traumtunnel&#8220; setzt sich mit Virtual Reality auseinander"},"content":{"rendered":"<h3 id=\"der-journalist-und-autor-harald-lueders-setzt-sich-in-seinem-neuen-roman-traumtunnel-mit-virtual-reality-auseinander-ein-rasanter-psycho-thriller-nimmt-seine-atemlose-fahrt-auf\">Der Journalist und Autor Harald L\u00fcders setzt sich in seinem neuen Roman &#8222;Traumtunnel&#8220; mit Virtual Reality auseinander. Ein rasanter Psycho-Thriller nimmt seine atemlose Fahrt auf.\u00a0<!--more--><\/h3>\n<p>Virtuelle Realit\u00e4t, illegaler Datenhandel, Fake News \u2013 das sind seit geraumer Zeit Dauerthemen in den Medien, die\u00a0Harald L\u00fcders in seinem Roman &#8222;Traumtunnel&#8220; aufgreift. Zum zweiten Mal l\u00e4sst er die Romanfigur Mitch Berger recherchieren und ermitteln.<\/p>\n<p>Mitch Berger n'est pas un commissaire, mais un journaliste de Francfort qui, \u00e0 l'origine, a \u00e9t\u00e9 charg\u00e9 d'\u00e9crire sur Donald Trump et sa campagne \u00e9lectorale men\u00e9e par les m\u00e9dias. Mais il s'embarque ensuite dans une aventure faite de manipulation de donn\u00e9es et de chantage. L'action se d\u00e9roule dans le monde bancaire de Francfort et dans un sanatorium cinq \u00e9toiles o\u00f9 les riches de ce monde soignent leurs psycholeptiques. Le chef de la clinique, le professeur Carlos Mentoff, exp\u00e9rimente des voyages dans la r\u00e9alit\u00e9 virtuelle - en Full HD sous des lunettes de donn\u00e9es. S'agit-il de gu\u00e9rison, de lavage de cerveau ou de chantage ? C'est la question que se pose Mitch Berger lorsqu'il re\u00e7oit l'appel \u00e0 l'aide d'une c\u00e9l\u00e8bre actrice allemande.<\/p>\n<p>Das Buch sei ein Spiel mit Traum und Wirklichkeit, wie der Autor im Corsogespr\u00e4ch erkl\u00e4rte: &#8222;Es geht darum, was ist Erinnerung? Was ist Einfl\u00fcsterung?&#8220;<\/p>\n<p>Die Spielindustrie, aber auch die Porno-Branche investiert stark in diese neue Technik. Die Vorstellung, dass daraus &#8222;das Bordell 4.O&#8220; werde, sei erschreckend, sagt L\u00fcders.<\/p>\n<h3 id=\"unglaublichen-moeglichkeiten-positive-wie-negative\">Des possibilit\u00e9s incroyables - positives et n\u00e9gatives<\/h3>\n<p>L\u00fcders habe sich lange Jahre als Journalist mit Rechtsradikalismus und Verfassungsschutz besch\u00e4ftigt. In seinem ersten Roman &#8222;Dunkelmacht&#8220; ging es um die NSU-Aff\u00e4re. &#8222;Ich kenne eigentlich keinen investigativen Journalisten in Deutschland, der glaubt, dass die Story, die uns heute verkauft wird, die echte Story ist&#8220;, sagte der Autor. Vor diesem Hintergrund w\u00fcrde ein Roman\u00a0neue M\u00f6glichkeiten er\u00f6ffnen &#8211; nach Ansicht des Autoren: &#8222;Es ist mir m\u00f6glich, Behauptungen aufzustellen&#8220;.<\/p>\n<p>Bewusstseins- und Gehirnforschung h\u00e4tten L\u00fcders schon immer fasziniert, zum Beispiel die Fragen &#8222;Was bin ich? Was macht mein K\u00f6rpergef\u00fchl aus? Wenn das mit der virtuellen Brille heute kombiniert werden kann, dann stehen wir vor unglaublichen M\u00f6glichkeiten im positiven wie im negativen Sinne.&#8220;<\/p>\n<p>Source : Deutschlandrundfunk \/ Westendverlag<\/p>","protected":false},"excerpt":{"rendered":"Der Journalist und Autor Harald L\u00fcders setzt sich in seinem neuen Roman &#8222;Traumtunnel&#8220; mit Virtual Reality auseinander. Ein&hellip;","protected":false},"author":12,"featured_media":11244,"comment_status":"open","ping_status":"open","sticky":false,"template":"","format":"standard","meta":{"footnotes":""},"categories":[67],"tags":[],"class_list":{"0":"post-11243","1":"post","2":"type-post","3":"status-publish","4":"format-standard","5":"has-post-thumbnail","7":"category-virtual-reality-gesellschaft","8":"cs-entry","9":"cs-video-wrap"},"yoast_head":"<!-- This site is optimized with the Yoast SEO plugin v27.4 - https:\/\/yoast.com\/product\/yoast-seo-wordpress\/ -->\n<title>Der Roman &quot;Traumtunnel&quot; setzt sich mit Virtual Reality auseinander - Schweizer Virtual Reality News<\/title>\n<meta name=\"robots\" content=\"index, follow, max-snippet:-1, max-image-preview:large, max-video-preview:-1\" \/>\n<link rel=\"canonical\" href=\"https:\/\/vr-room.ch\/fr\/2018\/09\/08\/der-roman-traumtunnel-setzt-sich-mit-virtual-reality-auseinander\/\" \/>\n<meta property=\"og:locale\" content=\"fr_FR\" \/>\n<meta property=\"og:type\" content=\"article\" \/>\n<meta property=\"og:title\" content=\"Der Roman &quot;Traumtunnel&quot; setzt sich mit Virtual Reality auseinander - Schweizer Virtual Reality News\" \/>\n<meta property=\"og:description\" content=\"Der Journalist und Autor Harald L\u00fcders setzt sich in seinem neuen Roman &#8222;Traumtunnel&#8220; mit Virtual Reality auseinander. Ein&hellip;\" \/>\n<meta property=\"og:url\" content=\"https:\/\/vr-room.ch\/fr\/2018\/09\/08\/der-roman-traumtunnel-setzt-sich-mit-virtual-reality-auseinander\/\" \/>\n<meta property=\"og:site_name\" content=\"Schweizer Virtual Reality News\" \/>\n<meta property=\"article:published_time\" content=\"2018-09-08T06:53:23+00:00\" \/>\n<meta property=\"og:image\" content=\"https:\/\/vr-room.ch\/wp-content\/uploads\/2018\/09\/a4394970818c17cd288c92aa17c23d58v1_max_755x425_b3535db83dc50e27c1bb1392364c95a2.jpg\" \/>\n\t<meta property=\"og:image:width\" content=\"755\" \/>\n\t<meta property=\"og:image:height\" content=\"425\" \/>\n\t<meta property=\"og:image:type\" content=\"image\/jpeg\" \/>\n<meta name=\"author\" content=\"Nathalie\" \/>\n<meta name=\"twitter:card\" content=\"summary_large_image\" \/>\n<meta name=\"twitter:label1\" content=\"\u00c9crit par\" \/>\n\t<meta name=\"twitter:data1\" content=\"Nathalie\" \/>\n\t<meta name=\"twitter:label2\" content=\"Dur\u00e9e de lecture estim\u00e9e\" \/>\n\t<meta name=\"twitter:data2\" content=\"2 minutes\" \/>\n<script type=\"application\/ld+json\" class=\"yoast-schema-graph\">{\"@context\":\"https:\\\/\\\/schema.org\",\"@graph\":[{\"@type\":\"Article\",\"@id\":\"https:\\\/\\\/vr-room.ch\\\/en\\\/2018\\\/09\\\/08\\\/der-roman-traumtunnel-setzt-sich-mit-virtual-reality-auseinander\\\/#article\",\"isPartOf\":{\"@id\":\"https:\\\/\\\/vr-room.ch\\\/en\\\/2018\\\/09\\\/08\\\/der-roman-traumtunnel-setzt-sich-mit-virtual-reality-auseinander\\\/\"},\"author\":{\"name\":\"Nathalie\",\"@id\":\"http:\\\/\\\/vr-room.ch\\\/en\\\/#\\\/schema\\\/person\\\/1a03b3a6ced429fb4831f60fa2b37599\"},\"headline\":\"Der Roman &#8222;Traumtunnel&#8220; setzt sich mit Virtual Reality auseinander\",\"datePublished\":\"2018-09-08T06:53:23+00:00\",\"mainEntityOfPage\":{\"@id\":\"https:\\\/\\\/vr-room.ch\\\/en\\\/2018\\\/09\\\/08\\\/der-roman-traumtunnel-setzt-sich-mit-virtual-reality-auseinander\\\/\"},\"wordCount\":353,\"commentCount\":0,\"image\":{\"@id\":\"https:\\\/\\\/vr-room.ch\\\/en\\\/2018\\\/09\\\/08\\\/der-roman-traumtunnel-setzt-sich-mit-virtual-reality-auseinander\\\/#primaryimage\"},\"thumbnailUrl\":\"https:\\\/\\\/vr-room.ch\\\/wp-content\\\/uploads\\\/2018\\\/09\\\/a4394970818c17cd288c92aa17c23d58v1_max_755x425_b3535db83dc50e27c1bb1392364c95a2.jpg\",\"articleSection\":[\"Gesellschaft\"],\"inLanguage\":\"fr-FR\",\"potentialAction\":[{\"@type\":\"CommentAction\",\"name\":\"Comment\",\"target\":[\"https:\\\/\\\/vr-room.ch\\\/en\\\/2018\\\/09\\\/08\\\/der-roman-traumtunnel-setzt-sich-mit-virtual-reality-auseinander\\\/#respond\"]}]},{\"@type\":\"WebPage\",\"@id\":\"https:\\\/\\\/vr-room.ch\\\/en\\\/2018\\\/09\\\/08\\\/der-roman-traumtunnel-setzt-sich-mit-virtual-reality-auseinander\\\/\",\"url\":\"https:\\\/\\\/vr-room.ch\\\/en\\\/2018\\\/09\\\/08\\\/der-roman-traumtunnel-setzt-sich-mit-virtual-reality-auseinander\\\/\",\"name\":\"Der Roman \\\"Traumtunnel\\\" setzt sich mit Virtual Reality auseinander - Schweizer Virtual Reality News\",\"isPartOf\":{\"@id\":\"http:\\\/\\\/vr-room.ch\\\/en\\\/#website\"},\"primaryImageOfPage\":{\"@id\":\"https:\\\/\\\/vr-room.ch\\\/en\\\/2018\\\/09\\\/08\\\/der-roman-traumtunnel-setzt-sich-mit-virtual-reality-auseinander\\\/#primaryimage\"},\"image\":{\"@id\":\"https:\\\/\\\/vr-room.ch\\\/en\\\/2018\\\/09\\\/08\\\/der-roman-traumtunnel-setzt-sich-mit-virtual-reality-auseinander\\\/#primaryimage\"},\"thumbnailUrl\":\"https:\\\/\\\/vr-room.ch\\\/wp-content\\\/uploads\\\/2018\\\/09\\\/a4394970818c17cd288c92aa17c23d58v1_max_755x425_b3535db83dc50e27c1bb1392364c95a2.jpg\",\"datePublished\":\"2018-09-08T06:53:23+00:00\",\"author\":{\"@id\":\"http:\\\/\\\/vr-room.ch\\\/en\\\/#\\\/schema\\\/person\\\/1a03b3a6ced429fb4831f60fa2b37599\"},\"breadcrumb\":{\"@id\":\"https:\\\/\\\/vr-room.ch\\\/en\\\/2018\\\/09\\\/08\\\/der-roman-traumtunnel-setzt-sich-mit-virtual-reality-auseinander\\\/#breadcrumb\"},\"inLanguage\":\"fr-FR\",\"potentialAction\":[{\"@type\":\"ReadAction\",\"target\":[\"https:\\\/\\\/vr-room.ch\\\/en\\\/2018\\\/09\\\/08\\\/der-roman-traumtunnel-setzt-sich-mit-virtual-reality-auseinander\\\/\"]}]},{\"@type\":\"ImageObject\",\"inLanguage\":\"fr-FR\",\"@id\":\"https:\\\/\\\/vr-room.ch\\\/en\\\/2018\\\/09\\\/08\\\/der-roman-traumtunnel-setzt-sich-mit-virtual-reality-auseinander\\\/#primaryimage\",\"url\":\"https:\\\/\\\/vr-room.ch\\\/wp-content\\\/uploads\\\/2018\\\/09\\\/a4394970818c17cd288c92aa17c23d58v1_max_755x425_b3535db83dc50e27c1bb1392364c95a2.jpg\",\"contentUrl\":\"https:\\\/\\\/vr-room.ch\\\/wp-content\\\/uploads\\\/2018\\\/09\\\/a4394970818c17cd288c92aa17c23d58v1_max_755x425_b3535db83dc50e27c1bb1392364c95a2.jpg\",\"width\":755,\"height\":425},{\"@type\":\"BreadcrumbList\",\"@id\":\"https:\\\/\\\/vr-room.ch\\\/en\\\/2018\\\/09\\\/08\\\/der-roman-traumtunnel-setzt-sich-mit-virtual-reality-auseinander\\\/#breadcrumb\",\"itemListElement\":[{\"@type\":\"ListItem\",\"position\":1,\"name\":\"Startseite\",\"item\":\"http:\\\/\\\/vr-room.ch\\\/en\\\/\"},{\"@type\":\"ListItem\",\"position\":2,\"name\":\"Der Roman &#8220;Traumtunnel&#8221; setzt sich mit Virtual Reality auseinander\"}]},{\"@type\":\"WebSite\",\"@id\":\"http:\\\/\\\/vr-room.ch\\\/en\\\/#website\",\"url\":\"http:\\\/\\\/vr-room.ch\\\/en\\\/\",\"name\":\"Schweizer Virtual Reality News\",\"description\":\"\",\"potentialAction\":[{\"@type\":\"SearchAction\",\"target\":{\"@type\":\"EntryPoint\",\"urlTemplate\":\"http:\\\/\\\/vr-room.ch\\\/en\\\/?s={search_term_string}\"},\"query-input\":{\"@type\":\"PropertyValueSpecification\",\"valueRequired\":true,\"valueName\":\"search_term_string\"}}],\"inLanguage\":\"fr-FR\"},{\"@type\":\"Person\",\"@id\":\"http:\\\/\\\/vr-room.ch\\\/en\\\/#\\\/schema\\\/person\\\/1a03b3a6ced429fb4831f60fa2b37599\",\"name\":\"Nathalie\",\"image\":{\"@type\":\"ImageObject\",\"inLanguage\":\"fr-FR\",\"@id\":\"https:\\\/\\\/vr-room.ch\\\/wp-content\\\/uploads\\\/2017\\\/01\\\/avatar_user_12_1484159890-96x96.jpg\",\"url\":\"https:\\\/\\\/vr-room.ch\\\/wp-content\\\/uploads\\\/2017\\\/01\\\/avatar_user_12_1484159890-96x96.jpg\",\"contentUrl\":\"https:\\\/\\\/vr-room.ch\\\/wp-content\\\/uploads\\\/2017\\\/01\\\/avatar_user_12_1484159890-96x96.jpg\",\"caption\":\"Nathalie\"},\"url\":\"https:\\\/\\\/vr-room.ch\\\/fr\\\/author\\\/nathalie\\\/\"}]}<\/script>\n<!-- \/ Yoast SEO plugin. -->","yoast_head_json":{"title":"Der Roman \"Traumtunnel\" setzt sich mit Virtual Reality auseinander - Schweizer Virtual Reality News","robots":{"index":"index","follow":"follow","max-snippet":"max-snippet:-1","max-image-preview":"max-image-preview:large","max-video-preview":"max-video-preview:-1"},"canonical":"https:\/\/vr-room.ch\/fr\/2018\/09\/08\/der-roman-traumtunnel-setzt-sich-mit-virtual-reality-auseinander\/","og_locale":"fr_FR","og_type":"article","og_title":"Der Roman \"Traumtunnel\" setzt sich mit Virtual Reality auseinander - Schweizer Virtual Reality News","og_description":"Der Journalist und Autor Harald L\u00fcders setzt sich in seinem neuen Roman &#8222;Traumtunnel&#8220; mit Virtual Reality auseinander. Ein&hellip;","og_url":"https:\/\/vr-room.ch\/fr\/2018\/09\/08\/der-roman-traumtunnel-setzt-sich-mit-virtual-reality-auseinander\/","og_site_name":"Schweizer Virtual Reality News","article_published_time":"2018-09-08T06:53:23+00:00","og_image":[{"width":755,"height":425,"url":"https:\/\/vr-room.ch\/wp-content\/uploads\/2018\/09\/a4394970818c17cd288c92aa17c23d58v1_max_755x425_b3535db83dc50e27c1bb1392364c95a2.jpg","type":"image\/jpeg"}],"author":"Nathalie","twitter_card":"summary_large_image","twitter_misc":{"\u00c9crit par":"Nathalie","Dur\u00e9e de lecture estim\u00e9e":"2 minutes"},"schema":{"@context":"https:\/\/schema.org","@graph":[{"@type":"Article","@id":"https:\/\/vr-room.ch\/en\/2018\/09\/08\/der-roman-traumtunnel-setzt-sich-mit-virtual-reality-auseinander\/#article","isPartOf":{"@id":"https:\/\/vr-room.ch\/en\/2018\/09\/08\/der-roman-traumtunnel-setzt-sich-mit-virtual-reality-auseinander\/"},"author":{"name":"Nathalie","@id":"http:\/\/vr-room.ch\/en\/#\/schema\/person\/1a03b3a6ced429fb4831f60fa2b37599"},"headline":"Der Roman &#8222;Traumtunnel&#8220; setzt sich mit Virtual Reality auseinander","datePublished":"2018-09-08T06:53:23+00:00","mainEntityOfPage":{"@id":"https:\/\/vr-room.ch\/en\/2018\/09\/08\/der-roman-traumtunnel-setzt-sich-mit-virtual-reality-auseinander\/"},"wordCount":353,"commentCount":0,"image":{"@id":"https:\/\/vr-room.ch\/en\/2018\/09\/08\/der-roman-traumtunnel-setzt-sich-mit-virtual-reality-auseinander\/#primaryimage"},"thumbnailUrl":"https:\/\/vr-room.ch\/wp-content\/uploads\/2018\/09\/a4394970818c17cd288c92aa17c23d58v1_max_755x425_b3535db83dc50e27c1bb1392364c95a2.jpg","articleSection":["Gesellschaft"],"inLanguage":"fr-FR","potentialAction":[{"@type":"CommentAction","name":"Comment","target":["https:\/\/vr-room.ch\/en\/2018\/09\/08\/der-roman-traumtunnel-setzt-sich-mit-virtual-reality-auseinander\/#respond"]}]},{"@type":"WebPage","@id":"https:\/\/vr-room.ch\/en\/2018\/09\/08\/der-roman-traumtunnel-setzt-sich-mit-virtual-reality-auseinander\/","url":"https:\/\/vr-room.ch\/en\/2018\/09\/08\/der-roman-traumtunnel-setzt-sich-mit-virtual-reality-auseinander\/","name":"Der Roman \"Traumtunnel\" setzt sich mit Virtual Reality auseinander - Schweizer Virtual Reality News","isPartOf":{"@id":"http:\/\/vr-room.ch\/en\/#website"},"primaryImageOfPage":{"@id":"https:\/\/vr-room.ch\/en\/2018\/09\/08\/der-roman-traumtunnel-setzt-sich-mit-virtual-reality-auseinander\/#primaryimage"},"image":{"@id":"https:\/\/vr-room.ch\/en\/2018\/09\/08\/der-roman-traumtunnel-setzt-sich-mit-virtual-reality-auseinander\/#primaryimage"},"thumbnailUrl":"https:\/\/vr-room.ch\/wp-content\/uploads\/2018\/09\/a4394970818c17cd288c92aa17c23d58v1_max_755x425_b3535db83dc50e27c1bb1392364c95a2.jpg","datePublished":"2018-09-08T06:53:23+00:00","author":{"@id":"http:\/\/vr-room.ch\/en\/#\/schema\/person\/1a03b3a6ced429fb4831f60fa2b37599"},"breadcrumb":{"@id":"https:\/\/vr-room.ch\/en\/2018\/09\/08\/der-roman-traumtunnel-setzt-sich-mit-virtual-reality-auseinander\/#breadcrumb"},"inLanguage":"fr-FR","potentialAction":[{"@type":"ReadAction","target":["https:\/\/vr-room.ch\/en\/2018\/09\/08\/der-roman-traumtunnel-setzt-sich-mit-virtual-reality-auseinander\/"]}]},{"@type":"ImageObject","inLanguage":"fr-FR","@id":"https:\/\/vr-room.ch\/en\/2018\/09\/08\/der-roman-traumtunnel-setzt-sich-mit-virtual-reality-auseinander\/#primaryimage","url":"https:\/\/vr-room.ch\/wp-content\/uploads\/2018\/09\/a4394970818c17cd288c92aa17c23d58v1_max_755x425_b3535db83dc50e27c1bb1392364c95a2.jpg","contentUrl":"https:\/\/vr-room.ch\/wp-content\/uploads\/2018\/09\/a4394970818c17cd288c92aa17c23d58v1_max_755x425_b3535db83dc50e27c1bb1392364c95a2.jpg","width":755,"height":425},{"@type":"BreadcrumbList","@id":"https:\/\/vr-room.ch\/en\/2018\/09\/08\/der-roman-traumtunnel-setzt-sich-mit-virtual-reality-auseinander\/#breadcrumb","itemListElement":[{"@type":"ListItem","position":1,"name":"Startseite","item":"http:\/\/vr-room.ch\/en\/"},{"@type":"ListItem","position":2,"name":"Der Roman &#8220;Traumtunnel&#8221; setzt sich mit Virtual Reality auseinander"}]},{"@type":"WebSite","@id":"http:\/\/vr-room.ch\/en\/#website","url":"http:\/\/vr-room.ch\/en\/","name":"Nouvelles de la r\u00e9alit\u00e9 virtuelle suisse","description":"","potentialAction":[{"@type":"SearchAction","target":{"@type":"EntryPoint","urlTemplate":"http:\/\/vr-room.ch\/en\/?s={search_term_string}"},"query-input":{"@type":"PropertyValueSpecification","valueRequired":true,"valueName":"search_term_string"}}],"inLanguage":"fr-FR"},{"@type":"Person","@id":"http:\/\/vr-room.ch\/en\/#\/schema\/person\/1a03b3a6ced429fb4831f60fa2b37599","name":"Nathalie","image":{"@type":"ImageObject","inLanguage":"fr-FR","@id":"https:\/\/vr-room.ch\/wp-content\/uploads\/2017\/01\/avatar_user_12_1484159890-96x96.jpg","url":"https:\/\/vr-room.ch\/wp-content\/uploads\/2017\/01\/avatar_user_12_1484159890-96x96.jpg","contentUrl":"https:\/\/vr-room.ch\/wp-content\/uploads\/2017\/01\/avatar_user_12_1484159890-96x96.jpg","caption":"Nathalie"},"url":"https:\/\/vr-room.ch\/fr\/author\/nathalie\/"}]}},"_links":{"self":[{"href":"https:\/\/vr-room.ch\/fr\/wp-json\/wp\/v2\/posts\/11243","targetHints":{"allow":["GET"]}}],"collection":[{"href":"https:\/\/vr-room.ch\/fr\/wp-json\/wp\/v2\/posts"}],"about":[{"href":"https:\/\/vr-room.ch\/fr\/wp-json\/wp\/v2\/types\/post"}],"author":[{"embeddable":true,"href":"https:\/\/vr-room.ch\/fr\/wp-json\/wp\/v2\/users\/12"}],"replies":[{"embeddable":true,"href":"https:\/\/vr-room.ch\/fr\/wp-json\/wp\/v2\/comments?post=11243"}],"version-history":[{"count":0,"href":"https:\/\/vr-room.ch\/fr\/wp-json\/wp\/v2\/posts\/11243\/revisions"}],"wp:featuredmedia":[{"embeddable":true,"href":"https:\/\/vr-room.ch\/fr\/wp-json\/wp\/v2\/media\/11244"}],"wp:attachment":[{"href":"https:\/\/vr-room.ch\/fr\/wp-json\/wp\/v2\/media?parent=11243"}],"wp:term":[{"taxonomy":"category","embeddable":true,"href":"https:\/\/vr-room.ch\/fr\/wp-json\/wp\/v2\/categories?post=11243"},{"taxonomy":"post_tag","embeddable":true,"href":"https:\/\/vr-room.ch\/fr\/wp-json\/wp\/v2\/tags?post=11243"}],"curies":[{"name":"wp","href":"https:\/\/api.w.org\/{rel}","templated":true}]}}