{"id":11231,"date":"2018-08-30T10:49:23","date_gmt":"2018-08-30T10:49:23","guid":{"rendered":"http:\/\/vr-room.ch\/?p=11231"},"modified":"2018-08-30T10:52:15","modified_gmt":"2018-08-30T10:52:15","slug":"microsoft-xbox-one-vr-headset","status":"publish","type":"post","link":"https:\/\/vr-room.ch\/fr\/2018\/08\/30\/microsoft-xbox-one-vr-headset\/","title":{"rendered":"Le casque Xbox VR arrive-t-il ?"},"content":{"rendered":"<p><a href=\"https:\/\/www.microsoft.com\/\">Microsoft<\/a> n'a pas pr\u00e9vu de casque VR pour concurrencer Sony avec le PlayStation VR, selon d'anciennes d\u00e9clarations. Il a pourtant toujours \u00e9t\u00e9 dit que la Xbox One X serait tout \u00e0 fait capable de r\u00e9aliser des mondes virtuels. Mais peut-\u00eatre y avait-il quelque chose en d\u00e9veloppement.<\/p>\n<p>La page <a href=\"https:\/\/www.cnet.com\/news\/heres-what-happened-to-microsofts-xbox-vr-gaming-headset\/\">CNET<\/a> a appris de sources proches du dossier qu'un casque VR pour la Xbox One \u00e9tait bien en cours de d\u00e9veloppement. Le projet a toutefois \u00e9t\u00e9 report\u00e9 ou mis en veilleuse jusqu'\u00e0 ce qu'une meilleure technologie soit disponible, selon le rapport qui n'a pas \u00e9t\u00e9 comment\u00e9 par des sources officielles. Il est dit que Microsoft a cherch\u00e9 ces derni\u00e8res ann\u00e9es des partenaires pour produire des jeux pour un casque Xbox VR.<\/p>\n<p>Selon les sources de CNET, la qualit\u00e9 de l'\u00e9cran de l'appareil \u00e9tait tout \u00e0 fait bonne, mais pas assez bonne pour rivaliser avec l'Oculus Rift et le HTC Vive. Microsoft attend donc que la technologie sans fil pour les casques VR devienne plus abordable et plus pratique. De plus, il est possible que les studios n'aient pas \u00e9t\u00e9 tr\u00e8s int\u00e9ress\u00e9s par le d\u00e9veloppement de jeux Xbox VR, car la Xbox One se situe nettement derri\u00e8re la PlayStation 4 en termes de ventes.<\/p>\n<p>Source : <a href=\"https:\/\/www.cnet.com\/news\/heres-what-happened-to-microsofts-xbox-vr-gaming-headset\/\">CNET<\/a><\/p>","protected":false},"excerpt":{"rendered":"Selon d'anciennes d\u00e9clarations, Microsoft n'a pas de casque VR en projet pour concurrencer un peu Sony avec le PlayStation VR....","protected":false},"author":11,"featured_media":3941,"comment_status":"open","ping_status":"open","sticky":false,"template":"","format":"standard","meta":{"footnotes":""},"categories":[11],"tags":[],"class_list":{"0":"post-11231","1":"post","2":"type-post","3":"status-publish","4":"format-standard","5":"has-post-thumbnail","7":"category-virtual-reality-industrie","8":"cs-entry","9":"cs-video-wrap"},"yoast_head":"<!-- This site is optimized with the Yoast SEO plugin v27.4 - https:\/\/yoast.com\/product\/yoast-seo-wordpress\/ -->\n<title>Kommt das Xbox-VR-Headset? - Schweizer Virtual Reality News<\/title>\n<meta name=\"robots\" content=\"index, follow, max-snippet:-1, max-image-preview:large, max-video-preview:-1\" \/>\n<link rel=\"canonical\" href=\"http:\/\/vr-room.ch\/fr\/2018\/08\/30\/microsoft-xbox-one-vr-headset\/\" \/>\n<meta property=\"og:locale\" content=\"fr_FR\" \/>\n<meta property=\"og:type\" content=\"article\" \/>\n<meta property=\"og:title\" content=\"Kommt das Xbox-VR-Headset? - Schweizer Virtual Reality News\" \/>\n<meta property=\"og:description\" content=\"Microsoft hat laut \u00e4lterer Aussagen kein VR-Headset in Planung, um Sony mit PlayStation VR ein wenig Konkurrenz zu&hellip;\" \/>\n<meta property=\"og:url\" content=\"http:\/\/vr-room.ch\/fr\/2018\/08\/30\/microsoft-xbox-one-vr-headset\/\" \/>\n<meta property=\"og:site_name\" content=\"Schweizer Virtual Reality News\" \/>\n<meta property=\"article:published_time\" content=\"2018-08-30T10:49:23+00:00\" \/>\n<meta property=\"article:modified_time\" content=\"2018-08-30T10:52:15+00:00\" \/>\n<meta property=\"og:image\" content=\"https:\/\/vr-room.ch\/wp-content\/uploads\/2017\/01\/Microsoft_VR.png\" \/>\n\t<meta property=\"og:image:width\" content=\"1012\" \/>\n\t<meta property=\"og:image:height\" content=\"549\" \/>\n\t<meta property=\"og:image:type\" content=\"image\/png\" \/>\n<meta name=\"author\" content=\"Michael\" \/>\n<meta name=\"twitter:card\" content=\"summary_large_image\" \/>\n<meta name=\"twitter:label1\" content=\"\u00c9crit par\" \/>\n\t<meta name=\"twitter:data1\" content=\"Michael\" \/>\n\t<meta name=\"twitter:label2\" content=\"Dur\u00e9e de lecture estim\u00e9e\" \/>\n\t<meta name=\"twitter:data2\" content=\"1 minute\" \/>\n<script type=\"application\/ld+json\" class=\"yoast-schema-graph\">{\"@context\":\"https:\\\/\\\/schema.org\",\"@graph\":[{\"@type\":\"Article\",\"@id\":\"http:\\\/\\\/vr-room.ch\\\/fr\\\/2018\\\/08\\\/30\\\/microsoft-xbox-one-vr-headset\\\/#article\",\"isPartOf\":{\"@id\":\"http:\\\/\\\/vr-room.ch\\\/fr\\\/2018\\\/08\\\/30\\\/microsoft-xbox-one-vr-headset\\\/\"},\"author\":{\"name\":\"Michael\",\"@id\":\"http:\\\/\\\/vr-room.ch\\\/en\\\/#\\\/schema\\\/person\\\/4022b4e1fba06681ac263b25c0f1e3d2\"},\"headline\":\"Kommt das Xbox-VR-Headset?\",\"datePublished\":\"2018-08-30T10:49:23+00:00\",\"dateModified\":\"2018-08-30T10:52:15+00:00\",\"mainEntityOfPage\":{\"@id\":\"http:\\\/\\\/vr-room.ch\\\/fr\\\/2018\\\/08\\\/30\\\/microsoft-xbox-one-vr-headset\\\/\"},\"wordCount\":197,\"commentCount\":0,\"image\":{\"@id\":\"http:\\\/\\\/vr-room.ch\\\/fr\\\/2018\\\/08\\\/30\\\/microsoft-xbox-one-vr-headset\\\/#primaryimage\"},\"thumbnailUrl\":\"https:\\\/\\\/vr-room.ch\\\/wp-content\\\/uploads\\\/2017\\\/01\\\/Microsoft_VR.png\",\"articleSection\":[\"Industrie\"],\"inLanguage\":\"fr-FR\",\"potentialAction\":[{\"@type\":\"CommentAction\",\"name\":\"Comment\",\"target\":[\"http:\\\/\\\/vr-room.ch\\\/fr\\\/2018\\\/08\\\/30\\\/microsoft-xbox-one-vr-headset\\\/#respond\"]}]},{\"@type\":\"WebPage\",\"@id\":\"http:\\\/\\\/vr-room.ch\\\/fr\\\/2018\\\/08\\\/30\\\/microsoft-xbox-one-vr-headset\\\/\",\"url\":\"http:\\\/\\\/vr-room.ch\\\/fr\\\/2018\\\/08\\\/30\\\/microsoft-xbox-one-vr-headset\\\/\",\"name\":\"Kommt das Xbox-VR-Headset? - Schweizer Virtual Reality News\",\"isPartOf\":{\"@id\":\"http:\\\/\\\/vr-room.ch\\\/en\\\/#website\"},\"primaryImageOfPage\":{\"@id\":\"http:\\\/\\\/vr-room.ch\\\/fr\\\/2018\\\/08\\\/30\\\/microsoft-xbox-one-vr-headset\\\/#primaryimage\"},\"image\":{\"@id\":\"http:\\\/\\\/vr-room.ch\\\/fr\\\/2018\\\/08\\\/30\\\/microsoft-xbox-one-vr-headset\\\/#primaryimage\"},\"thumbnailUrl\":\"https:\\\/\\\/vr-room.ch\\\/wp-content\\\/uploads\\\/2017\\\/01\\\/Microsoft_VR.png\",\"datePublished\":\"2018-08-30T10:49:23+00:00\",\"dateModified\":\"2018-08-30T10:52:15+00:00\",\"author\":{\"@id\":\"http:\\\/\\\/vr-room.ch\\\/en\\\/#\\\/schema\\\/person\\\/4022b4e1fba06681ac263b25c0f1e3d2\"},\"breadcrumb\":{\"@id\":\"http:\\\/\\\/vr-room.ch\\\/fr\\\/2018\\\/08\\\/30\\\/microsoft-xbox-one-vr-headset\\\/#breadcrumb\"},\"inLanguage\":\"fr-FR\",\"potentialAction\":[{\"@type\":\"ReadAction\",\"target\":[\"http:\\\/\\\/vr-room.ch\\\/fr\\\/2018\\\/08\\\/30\\\/microsoft-xbox-one-vr-headset\\\/\"]}]},{\"@type\":\"ImageObject\",\"inLanguage\":\"fr-FR\",\"@id\":\"http:\\\/\\\/vr-room.ch\\\/fr\\\/2018\\\/08\\\/30\\\/microsoft-xbox-one-vr-headset\\\/#primaryimage\",\"url\":\"https:\\\/\\\/vr-room.ch\\\/wp-content\\\/uploads\\\/2017\\\/01\\\/Microsoft_VR.png\",\"contentUrl\":\"https:\\\/\\\/vr-room.ch\\\/wp-content\\\/uploads\\\/2017\\\/01\\\/Microsoft_VR.png\",\"width\":1012,\"height\":549},{\"@type\":\"BreadcrumbList\",\"@id\":\"http:\\\/\\\/vr-room.ch\\\/fr\\\/2018\\\/08\\\/30\\\/microsoft-xbox-one-vr-headset\\\/#breadcrumb\",\"itemListElement\":[{\"@type\":\"ListItem\",\"position\":1,\"name\":\"Startseite\",\"item\":\"http:\\\/\\\/vr-room.ch\\\/en\\\/\"},{\"@type\":\"ListItem\",\"position\":2,\"name\":\"Kommt das Xbox-VR-Headset?\"}]},{\"@type\":\"WebSite\",\"@id\":\"http:\\\/\\\/vr-room.ch\\\/en\\\/#website\",\"url\":\"http:\\\/\\\/vr-room.ch\\\/en\\\/\",\"name\":\"Schweizer Virtual Reality News\",\"description\":\"\",\"potentialAction\":[{\"@type\":\"SearchAction\",\"target\":{\"@type\":\"EntryPoint\",\"urlTemplate\":\"http:\\\/\\\/vr-room.ch\\\/en\\\/?s={search_term_string}\"},\"query-input\":{\"@type\":\"PropertyValueSpecification\",\"valueRequired\":true,\"valueName\":\"search_term_string\"}}],\"inLanguage\":\"fr-FR\"},{\"@type\":\"Person\",\"@id\":\"http:\\\/\\\/vr-room.ch\\\/en\\\/#\\\/schema\\\/person\\\/4022b4e1fba06681ac263b25c0f1e3d2\",\"name\":\"Michael\",\"image\":{\"@type\":\"ImageObject\",\"inLanguage\":\"fr-FR\",\"@id\":\"https:\\\/\\\/vr-room.ch\\\/wp-content\\\/uploads\\\/2019\\\/05\\\/avatar_user_11_1558711168-96x96.jpg\",\"url\":\"https:\\\/\\\/vr-room.ch\\\/wp-content\\\/uploads\\\/2019\\\/05\\\/avatar_user_11_1558711168-96x96.jpg\",\"contentUrl\":\"https:\\\/\\\/vr-room.ch\\\/wp-content\\\/uploads\\\/2019\\\/05\\\/avatar_user_11_1558711168-96x96.jpg\",\"caption\":\"Michael\"},\"url\":\"https:\\\/\\\/vr-room.ch\\\/fr\\\/author\\\/michael\\\/\"}]}<\/script>\n<!-- \/ Yoast SEO plugin. -->","yoast_head_json":{"title":"Kommt das Xbox-VR-Headset? - Schweizer Virtual Reality News","robots":{"index":"index","follow":"follow","max-snippet":"max-snippet:-1","max-image-preview":"max-image-preview:large","max-video-preview":"max-video-preview:-1"},"canonical":"http:\/\/vr-room.ch\/fr\/2018\/08\/30\/microsoft-xbox-one-vr-headset\/","og_locale":"fr_FR","og_type":"article","og_title":"Kommt das Xbox-VR-Headset? - Schweizer Virtual Reality News","og_description":"Microsoft hat laut \u00e4lterer Aussagen kein VR-Headset in Planung, um Sony mit PlayStation VR ein wenig Konkurrenz zu&hellip;","og_url":"http:\/\/vr-room.ch\/fr\/2018\/08\/30\/microsoft-xbox-one-vr-headset\/","og_site_name":"Schweizer Virtual Reality News","article_published_time":"2018-08-30T10:49:23+00:00","article_modified_time":"2018-08-30T10:52:15+00:00","og_image":[{"width":1012,"height":549,"url":"https:\/\/vr-room.ch\/wp-content\/uploads\/2017\/01\/Microsoft_VR.png","type":"image\/png"}],"author":"Michael","twitter_card":"summary_large_image","twitter_misc":{"\u00c9crit par":"Michael","Dur\u00e9e de lecture estim\u00e9e":"1 minute"},"schema":{"@context":"https:\/\/schema.org","@graph":[{"@type":"Article","@id":"http:\/\/vr-room.ch\/fr\/2018\/08\/30\/microsoft-xbox-one-vr-headset\/#article","isPartOf":{"@id":"http:\/\/vr-room.ch\/fr\/2018\/08\/30\/microsoft-xbox-one-vr-headset\/"},"author":{"name":"Michael","@id":"http:\/\/vr-room.ch\/en\/#\/schema\/person\/4022b4e1fba06681ac263b25c0f1e3d2"},"headline":"Kommt das Xbox-VR-Headset?","datePublished":"2018-08-30T10:49:23+00:00","dateModified":"2018-08-30T10:52:15+00:00","mainEntityOfPage":{"@id":"http:\/\/vr-room.ch\/fr\/2018\/08\/30\/microsoft-xbox-one-vr-headset\/"},"wordCount":197,"commentCount":0,"image":{"@id":"http:\/\/vr-room.ch\/fr\/2018\/08\/30\/microsoft-xbox-one-vr-headset\/#primaryimage"},"thumbnailUrl":"https:\/\/vr-room.ch\/wp-content\/uploads\/2017\/01\/Microsoft_VR.png","articleSection":["Industrie"],"inLanguage":"fr-FR","potentialAction":[{"@type":"CommentAction","name":"Comment","target":["http:\/\/vr-room.ch\/fr\/2018\/08\/30\/microsoft-xbox-one-vr-headset\/#respond"]}]},{"@type":"WebPage","@id":"http:\/\/vr-room.ch\/fr\/2018\/08\/30\/microsoft-xbox-one-vr-headset\/","url":"http:\/\/vr-room.ch\/fr\/2018\/08\/30\/microsoft-xbox-one-vr-headset\/","name":"Kommt das Xbox-VR-Headset? - Schweizer Virtual Reality News","isPartOf":{"@id":"http:\/\/vr-room.ch\/en\/#website"},"primaryImageOfPage":{"@id":"http:\/\/vr-room.ch\/fr\/2018\/08\/30\/microsoft-xbox-one-vr-headset\/#primaryimage"},"image":{"@id":"http:\/\/vr-room.ch\/fr\/2018\/08\/30\/microsoft-xbox-one-vr-headset\/#primaryimage"},"thumbnailUrl":"https:\/\/vr-room.ch\/wp-content\/uploads\/2017\/01\/Microsoft_VR.png","datePublished":"2018-08-30T10:49:23+00:00","dateModified":"2018-08-30T10:52:15+00:00","author":{"@id":"http:\/\/vr-room.ch\/en\/#\/schema\/person\/4022b4e1fba06681ac263b25c0f1e3d2"},"breadcrumb":{"@id":"http:\/\/vr-room.ch\/fr\/2018\/08\/30\/microsoft-xbox-one-vr-headset\/#breadcrumb"},"inLanguage":"fr-FR","potentialAction":[{"@type":"ReadAction","target":["http:\/\/vr-room.ch\/fr\/2018\/08\/30\/microsoft-xbox-one-vr-headset\/"]}]},{"@type":"ImageObject","inLanguage":"fr-FR","@id":"http:\/\/vr-room.ch\/fr\/2018\/08\/30\/microsoft-xbox-one-vr-headset\/#primaryimage","url":"https:\/\/vr-room.ch\/wp-content\/uploads\/2017\/01\/Microsoft_VR.png","contentUrl":"https:\/\/vr-room.ch\/wp-content\/uploads\/2017\/01\/Microsoft_VR.png","width":1012,"height":549},{"@type":"BreadcrumbList","@id":"http:\/\/vr-room.ch\/fr\/2018\/08\/30\/microsoft-xbox-one-vr-headset\/#breadcrumb","itemListElement":[{"@type":"ListItem","position":1,"name":"Startseite","item":"http:\/\/vr-room.ch\/en\/"},{"@type":"ListItem","position":2,"name":"Kommt das Xbox-VR-Headset?"}]},{"@type":"WebSite","@id":"http:\/\/vr-room.ch\/en\/#website","url":"http:\/\/vr-room.ch\/en\/","name":"Nouvelles de la r\u00e9alit\u00e9 virtuelle suisse","description":"","potentialAction":[{"@type":"SearchAction","target":{"@type":"EntryPoint","urlTemplate":"http:\/\/vr-room.ch\/en\/?s={search_term_string}"},"query-input":{"@type":"PropertyValueSpecification","valueRequired":true,"valueName":"search_term_string"}}],"inLanguage":"fr-FR"},{"@type":"Person","@id":"http:\/\/vr-room.ch\/en\/#\/schema\/person\/4022b4e1fba06681ac263b25c0f1e3d2","name":"Michael","image":{"@type":"ImageObject","inLanguage":"fr-FR","@id":"https:\/\/vr-room.ch\/wp-content\/uploads\/2019\/05\/avatar_user_11_1558711168-96x96.jpg","url":"https:\/\/vr-room.ch\/wp-content\/uploads\/2019\/05\/avatar_user_11_1558711168-96x96.jpg","contentUrl":"https:\/\/vr-room.ch\/wp-content\/uploads\/2019\/05\/avatar_user_11_1558711168-96x96.jpg","caption":"Michael"},"url":"https:\/\/vr-room.ch\/fr\/author\/michael\/"}]}},"_links":{"self":[{"href":"https:\/\/vr-room.ch\/fr\/wp-json\/wp\/v2\/posts\/11231","targetHints":{"allow":["GET"]}}],"collection":[{"href":"https:\/\/vr-room.ch\/fr\/wp-json\/wp\/v2\/posts"}],"about":[{"href":"https:\/\/vr-room.ch\/fr\/wp-json\/wp\/v2\/types\/post"}],"author":[{"embeddable":true,"href":"https:\/\/vr-room.ch\/fr\/wp-json\/wp\/v2\/users\/11"}],"replies":[{"embeddable":true,"href":"https:\/\/vr-room.ch\/fr\/wp-json\/wp\/v2\/comments?post=11231"}],"version-history":[{"count":0,"href":"https:\/\/vr-room.ch\/fr\/wp-json\/wp\/v2\/posts\/11231\/revisions"}],"wp:featuredmedia":[{"embeddable":true,"href":"https:\/\/vr-room.ch\/fr\/wp-json\/wp\/v2\/media\/3941"}],"wp:attachment":[{"href":"https:\/\/vr-room.ch\/fr\/wp-json\/wp\/v2\/media?parent=11231"}],"wp:term":[{"taxonomy":"category","embeddable":true,"href":"https:\/\/vr-room.ch\/fr\/wp-json\/wp\/v2\/categories?post=11231"},{"taxonomy":"post_tag","embeddable":true,"href":"https:\/\/vr-room.ch\/fr\/wp-json\/wp\/v2\/tags?post=11231"}],"curies":[{"name":"wp","href":"https:\/\/api.w.org\/{rel}","templated":true}]}}