{"id":10787,"date":"2018-07-17T09:20:49","date_gmt":"2018-07-17T09:20:49","guid":{"rendered":"http:\/\/vr-room.ch\/?p=10787"},"modified":"2018-07-17T09:20:49","modified_gmt":"2018-07-17T09:20:49","slug":"mario-kart-vr-bald-europa","status":"publish","type":"post","link":"https:\/\/vr-room.ch\/fr\/2018\/07\/17\/mario-kart-vr-bald-europa\/","title":{"rendered":"Mario Kart VR bient\u00f4t en Europe"},"content":{"rendered":"<p>Malheureusement, Nintendo n'a pas l'intention de sortir un casque VR pour la Switch, mais dans la <a href=\"https:\/\/vrzone-pic.com\/en\/\">Zone VR de Shinjuku<\/a> in Tokio darf man immerhin &#8222;Mario Kart Arcade GP VR&#8220; spielen. Da es aber die wenigsten von uns in die japanische Spielhalle schaffen werden, gibt es bald Abhilfe.<\/p>\n<p>Wie HTC bekanntgegeben gegeben hat, wird &#8222;Mario Kart Arcade GP VR&#8220; ab dem 3. August 2018 im <a href=\"https:\/\/www.hollywoodbowl.co.uk\/vr\">Hollywood Bowl \u00e0 l'O2 \u00e0 Londres<\/a> sera jouable en ligne. Il s'agit d'un centre de bowling avec une salle de jeu VR attenante. Bien s\u00fbr, Londres n'est pas non plus au coin de la rue, mais c'est tout de m\u00eame plus proche que Tokyo.<\/p>\n<p>In &#8222;Mario Kart Arcade GP VR&#8220; treten bis zu vier Spieler gegeneinander an. Es stehen Mario, Luigi, Peach und Yoshi zur Verf\u00fcgung, wobei man seine Freunde nat\u00fcrlich mit den bekannten Power-Ups \u00e4rgern darf. Dank der Bewegungserfassung muss die Banane tats\u00e4chlich geworfen werden, was noch mehr Spass verspricht. Da die Racing-Module \u00fcber ein haptisches Feedback verf\u00fcgen, sp\u00fcrt man die Power-Ups und Kollisionen.<\/p>\n<div style=\"width: 640px;\" class=\"wp-video\"><video class=\"wp-video-shortcode\" id=\"video-10787-1\" width=\"640\" height=\"360\" loop preload=\"metadata\" controls=\"controls\"><source type=\"video\/youtube\" src=\"https:\/\/www.youtube.com\/watch?v=mETJHs7NP4M&#038;_=1\" \/><a href=\"https:\/\/www.youtube.com\/watch?v=mETJHs7NP4M\">https:\/\/www.youtube.com\/watch?v=mETJHs7NP4M<\/a><\/video><\/div>\n<p>Source : VR-World<\/p>\n<p>&nbsp;<\/p>\n<p>&nbsp;<\/p>","protected":false},"excerpt":{"rendered":"Malheureusement, Nintendo n'a pas l'intention de sortir un casque VR pour la Switch, mais dans la VR Zone Shinjuku...","protected":false},"author":11,"featured_media":10788,"comment_status":"open","ping_status":"open","sticky":false,"template":"","format":"standard","meta":{"footnotes":""},"categories":[4],"tags":[],"class_list":{"0":"post-10787","1":"post","2":"type-post","3":"status-publish","4":"format-standard","5":"has-post-thumbnail","7":"category-virtual-reality-entertainment","8":"cs-entry","9":"cs-video-wrap"},"yoast_head":"<!-- This site is optimized with the Yoast SEO plugin v27.4 - https:\/\/yoast.com\/product\/yoast-seo-wordpress\/ -->\n<title>Mario Kart VR bald in Europa - Schweizer Virtual Reality News<\/title>\n<meta name=\"robots\" content=\"index, follow, max-snippet:-1, max-image-preview:large, max-video-preview:-1\" \/>\n<link rel=\"canonical\" href=\"https:\/\/vr-room.ch\/fr\/2018\/07\/17\/mario-kart-vr-bald-europa\/\" \/>\n<meta property=\"og:locale\" content=\"fr_FR\" \/>\n<meta property=\"og:type\" content=\"article\" \/>\n<meta property=\"og:title\" content=\"Mario Kart VR bald in Europa - Schweizer Virtual Reality News\" \/>\n<meta property=\"og:description\" content=\"Leider hat Nintendo keine Pl\u00e4ne, eine VR-Headset f\u00fcr die Switch zu ver\u00f6ffentlichen, doch in der VR Zone Shinjuku&hellip;\" \/>\n<meta property=\"og:url\" content=\"https:\/\/vr-room.ch\/fr\/2018\/07\/17\/mario-kart-vr-bald-europa\/\" \/>\n<meta property=\"og:site_name\" content=\"Schweizer Virtual Reality News\" \/>\n<meta property=\"article:published_time\" content=\"2018-07-17T09:20:49+00:00\" \/>\n<meta property=\"og:image\" content=\"https:\/\/vr-room.ch\/wp-content\/uploads\/2018\/07\/MarioKartVR.jpg\" \/>\n\t<meta property=\"og:image:width\" content=\"500\" \/>\n\t<meta property=\"og:image:height\" content=\"297\" \/>\n\t<meta property=\"og:image:type\" content=\"image\/jpeg\" \/>\n<meta name=\"author\" content=\"Michael\" \/>\n<meta name=\"twitter:card\" content=\"summary_large_image\" \/>\n<meta name=\"twitter:label1\" content=\"\u00c9crit par\" \/>\n\t<meta name=\"twitter:data1\" content=\"Michael\" \/>\n\t<meta name=\"twitter:label2\" content=\"Dur\u00e9e de lecture estim\u00e9e\" \/>\n\t<meta name=\"twitter:data2\" content=\"1 minute\" \/>\n<script type=\"application\/ld+json\" class=\"yoast-schema-graph\">{\"@context\":\"https:\\\/\\\/schema.org\",\"@graph\":[{\"@type\":\"Article\",\"@id\":\"https:\\\/\\\/vr-room.ch\\\/it\\\/2018\\\/07\\\/17\\\/mario-kart-vr-bald-europa\\\/#article\",\"isPartOf\":{\"@id\":\"https:\\\/\\\/vr-room.ch\\\/it\\\/2018\\\/07\\\/17\\\/mario-kart-vr-bald-europa\\\/\"},\"author\":{\"name\":\"Michael\",\"@id\":\"http:\\\/\\\/vr-room.ch\\\/en\\\/#\\\/schema\\\/person\\\/4022b4e1fba06681ac263b25c0f1e3d2\"},\"headline\":\"Mario Kart VR bald in Europa\",\"datePublished\":\"2018-07-17T09:20:49+00:00\",\"mainEntityOfPage\":{\"@id\":\"https:\\\/\\\/vr-room.ch\\\/it\\\/2018\\\/07\\\/17\\\/mario-kart-vr-bald-europa\\\/\"},\"wordCount\":188,\"commentCount\":0,\"image\":{\"@id\":\"https:\\\/\\\/vr-room.ch\\\/it\\\/2018\\\/07\\\/17\\\/mario-kart-vr-bald-europa\\\/#primaryimage\"},\"thumbnailUrl\":\"https:\\\/\\\/vr-room.ch\\\/wp-content\\\/uploads\\\/2018\\\/07\\\/MarioKartVR.jpg\",\"articleSection\":[\"Entertainment\"],\"inLanguage\":\"fr-FR\",\"potentialAction\":[{\"@type\":\"CommentAction\",\"name\":\"Comment\",\"target\":[\"https:\\\/\\\/vr-room.ch\\\/it\\\/2018\\\/07\\\/17\\\/mario-kart-vr-bald-europa\\\/#respond\"]}]},{\"@type\":\"WebPage\",\"@id\":\"https:\\\/\\\/vr-room.ch\\\/it\\\/2018\\\/07\\\/17\\\/mario-kart-vr-bald-europa\\\/\",\"url\":\"https:\\\/\\\/vr-room.ch\\\/it\\\/2018\\\/07\\\/17\\\/mario-kart-vr-bald-europa\\\/\",\"name\":\"Mario Kart VR bald in Europa - Schweizer Virtual Reality News\",\"isPartOf\":{\"@id\":\"http:\\\/\\\/vr-room.ch\\\/en\\\/#website\"},\"primaryImageOfPage\":{\"@id\":\"https:\\\/\\\/vr-room.ch\\\/it\\\/2018\\\/07\\\/17\\\/mario-kart-vr-bald-europa\\\/#primaryimage\"},\"image\":{\"@id\":\"https:\\\/\\\/vr-room.ch\\\/it\\\/2018\\\/07\\\/17\\\/mario-kart-vr-bald-europa\\\/#primaryimage\"},\"thumbnailUrl\":\"https:\\\/\\\/vr-room.ch\\\/wp-content\\\/uploads\\\/2018\\\/07\\\/MarioKartVR.jpg\",\"datePublished\":\"2018-07-17T09:20:49+00:00\",\"author\":{\"@id\":\"http:\\\/\\\/vr-room.ch\\\/en\\\/#\\\/schema\\\/person\\\/4022b4e1fba06681ac263b25c0f1e3d2\"},\"breadcrumb\":{\"@id\":\"https:\\\/\\\/vr-room.ch\\\/it\\\/2018\\\/07\\\/17\\\/mario-kart-vr-bald-europa\\\/#breadcrumb\"},\"inLanguage\":\"fr-FR\",\"potentialAction\":[{\"@type\":\"ReadAction\",\"target\":[\"https:\\\/\\\/vr-room.ch\\\/it\\\/2018\\\/07\\\/17\\\/mario-kart-vr-bald-europa\\\/\"]}]},{\"@type\":\"ImageObject\",\"inLanguage\":\"fr-FR\",\"@id\":\"https:\\\/\\\/vr-room.ch\\\/it\\\/2018\\\/07\\\/17\\\/mario-kart-vr-bald-europa\\\/#primaryimage\",\"url\":\"https:\\\/\\\/vr-room.ch\\\/wp-content\\\/uploads\\\/2018\\\/07\\\/MarioKartVR.jpg\",\"contentUrl\":\"https:\\\/\\\/vr-room.ch\\\/wp-content\\\/uploads\\\/2018\\\/07\\\/MarioKartVR.jpg\",\"width\":500,\"height\":297},{\"@type\":\"BreadcrumbList\",\"@id\":\"https:\\\/\\\/vr-room.ch\\\/it\\\/2018\\\/07\\\/17\\\/mario-kart-vr-bald-europa\\\/#breadcrumb\",\"itemListElement\":[{\"@type\":\"ListItem\",\"position\":1,\"name\":\"Startseite\",\"item\":\"http:\\\/\\\/vr-room.ch\\\/en\\\/\"},{\"@type\":\"ListItem\",\"position\":2,\"name\":\"Mario Kart VR bald in Europa\"}]},{\"@type\":\"WebSite\",\"@id\":\"http:\\\/\\\/vr-room.ch\\\/en\\\/#website\",\"url\":\"http:\\\/\\\/vr-room.ch\\\/en\\\/\",\"name\":\"Schweizer Virtual Reality News\",\"description\":\"\",\"potentialAction\":[{\"@type\":\"SearchAction\",\"target\":{\"@type\":\"EntryPoint\",\"urlTemplate\":\"http:\\\/\\\/vr-room.ch\\\/en\\\/?s={search_term_string}\"},\"query-input\":{\"@type\":\"PropertyValueSpecification\",\"valueRequired\":true,\"valueName\":\"search_term_string\"}}],\"inLanguage\":\"fr-FR\"},{\"@type\":\"Person\",\"@id\":\"http:\\\/\\\/vr-room.ch\\\/en\\\/#\\\/schema\\\/person\\\/4022b4e1fba06681ac263b25c0f1e3d2\",\"name\":\"Michael\",\"image\":{\"@type\":\"ImageObject\",\"inLanguage\":\"fr-FR\",\"@id\":\"https:\\\/\\\/vr-room.ch\\\/wp-content\\\/uploads\\\/2019\\\/05\\\/avatar_user_11_1558711168-96x96.jpg\",\"url\":\"https:\\\/\\\/vr-room.ch\\\/wp-content\\\/uploads\\\/2019\\\/05\\\/avatar_user_11_1558711168-96x96.jpg\",\"contentUrl\":\"https:\\\/\\\/vr-room.ch\\\/wp-content\\\/uploads\\\/2019\\\/05\\\/avatar_user_11_1558711168-96x96.jpg\",\"caption\":\"Michael\"},\"url\":\"https:\\\/\\\/vr-room.ch\\\/fr\\\/author\\\/michael\\\/\"}]}<\/script>\n<!-- \/ Yoast SEO plugin. -->","yoast_head_json":{"title":"Mario Kart VR bald in Europa - Schweizer Virtual Reality News","robots":{"index":"index","follow":"follow","max-snippet":"max-snippet:-1","max-image-preview":"max-image-preview:large","max-video-preview":"max-video-preview:-1"},"canonical":"https:\/\/vr-room.ch\/fr\/2018\/07\/17\/mario-kart-vr-bald-europa\/","og_locale":"fr_FR","og_type":"article","og_title":"Mario Kart VR bald in Europa - Schweizer Virtual Reality News","og_description":"Leider hat Nintendo keine Pl\u00e4ne, eine VR-Headset f\u00fcr die Switch zu ver\u00f6ffentlichen, doch in der VR Zone Shinjuku&hellip;","og_url":"https:\/\/vr-room.ch\/fr\/2018\/07\/17\/mario-kart-vr-bald-europa\/","og_site_name":"Schweizer Virtual Reality News","article_published_time":"2018-07-17T09:20:49+00:00","og_image":[{"width":500,"height":297,"url":"https:\/\/vr-room.ch\/wp-content\/uploads\/2018\/07\/MarioKartVR.jpg","type":"image\/jpeg"}],"author":"Michael","twitter_card":"summary_large_image","twitter_misc":{"\u00c9crit par":"Michael","Dur\u00e9e de lecture estim\u00e9e":"1 minute"},"schema":{"@context":"https:\/\/schema.org","@graph":[{"@type":"Article","@id":"https:\/\/vr-room.ch\/it\/2018\/07\/17\/mario-kart-vr-bald-europa\/#article","isPartOf":{"@id":"https:\/\/vr-room.ch\/it\/2018\/07\/17\/mario-kart-vr-bald-europa\/"},"author":{"name":"Michael","@id":"http:\/\/vr-room.ch\/en\/#\/schema\/person\/4022b4e1fba06681ac263b25c0f1e3d2"},"headline":"Mario Kart VR bald in Europa","datePublished":"2018-07-17T09:20:49+00:00","mainEntityOfPage":{"@id":"https:\/\/vr-room.ch\/it\/2018\/07\/17\/mario-kart-vr-bald-europa\/"},"wordCount":188,"commentCount":0,"image":{"@id":"https:\/\/vr-room.ch\/it\/2018\/07\/17\/mario-kart-vr-bald-europa\/#primaryimage"},"thumbnailUrl":"https:\/\/vr-room.ch\/wp-content\/uploads\/2018\/07\/MarioKartVR.jpg","articleSection":["Entertainment"],"inLanguage":"fr-FR","potentialAction":[{"@type":"CommentAction","name":"Comment","target":["https:\/\/vr-room.ch\/it\/2018\/07\/17\/mario-kart-vr-bald-europa\/#respond"]}]},{"@type":"WebPage","@id":"https:\/\/vr-room.ch\/it\/2018\/07\/17\/mario-kart-vr-bald-europa\/","url":"https:\/\/vr-room.ch\/it\/2018\/07\/17\/mario-kart-vr-bald-europa\/","name":"Mario Kart VR bald in Europa - Schweizer Virtual Reality News","isPartOf":{"@id":"http:\/\/vr-room.ch\/en\/#website"},"primaryImageOfPage":{"@id":"https:\/\/vr-room.ch\/it\/2018\/07\/17\/mario-kart-vr-bald-europa\/#primaryimage"},"image":{"@id":"https:\/\/vr-room.ch\/it\/2018\/07\/17\/mario-kart-vr-bald-europa\/#primaryimage"},"thumbnailUrl":"https:\/\/vr-room.ch\/wp-content\/uploads\/2018\/07\/MarioKartVR.jpg","datePublished":"2018-07-17T09:20:49+00:00","author":{"@id":"http:\/\/vr-room.ch\/en\/#\/schema\/person\/4022b4e1fba06681ac263b25c0f1e3d2"},"breadcrumb":{"@id":"https:\/\/vr-room.ch\/it\/2018\/07\/17\/mario-kart-vr-bald-europa\/#breadcrumb"},"inLanguage":"fr-FR","potentialAction":[{"@type":"ReadAction","target":["https:\/\/vr-room.ch\/it\/2018\/07\/17\/mario-kart-vr-bald-europa\/"]}]},{"@type":"ImageObject","inLanguage":"fr-FR","@id":"https:\/\/vr-room.ch\/it\/2018\/07\/17\/mario-kart-vr-bald-europa\/#primaryimage","url":"https:\/\/vr-room.ch\/wp-content\/uploads\/2018\/07\/MarioKartVR.jpg","contentUrl":"https:\/\/vr-room.ch\/wp-content\/uploads\/2018\/07\/MarioKartVR.jpg","width":500,"height":297},{"@type":"BreadcrumbList","@id":"https:\/\/vr-room.ch\/it\/2018\/07\/17\/mario-kart-vr-bald-europa\/#breadcrumb","itemListElement":[{"@type":"ListItem","position":1,"name":"Startseite","item":"http:\/\/vr-room.ch\/en\/"},{"@type":"ListItem","position":2,"name":"Mario Kart VR bald in Europa"}]},{"@type":"WebSite","@id":"http:\/\/vr-room.ch\/en\/#website","url":"http:\/\/vr-room.ch\/en\/","name":"Nouvelles de la r\u00e9alit\u00e9 virtuelle suisse","description":"","potentialAction":[{"@type":"SearchAction","target":{"@type":"EntryPoint","urlTemplate":"http:\/\/vr-room.ch\/en\/?s={search_term_string}"},"query-input":{"@type":"PropertyValueSpecification","valueRequired":true,"valueName":"search_term_string"}}],"inLanguage":"fr-FR"},{"@type":"Person","@id":"http:\/\/vr-room.ch\/en\/#\/schema\/person\/4022b4e1fba06681ac263b25c0f1e3d2","name":"Michael","image":{"@type":"ImageObject","inLanguage":"fr-FR","@id":"https:\/\/vr-room.ch\/wp-content\/uploads\/2019\/05\/avatar_user_11_1558711168-96x96.jpg","url":"https:\/\/vr-room.ch\/wp-content\/uploads\/2019\/05\/avatar_user_11_1558711168-96x96.jpg","contentUrl":"https:\/\/vr-room.ch\/wp-content\/uploads\/2019\/05\/avatar_user_11_1558711168-96x96.jpg","caption":"Michael"},"url":"https:\/\/vr-room.ch\/fr\/author\/michael\/"}]}},"_links":{"self":[{"href":"https:\/\/vr-room.ch\/fr\/wp-json\/wp\/v2\/posts\/10787","targetHints":{"allow":["GET"]}}],"collection":[{"href":"https:\/\/vr-room.ch\/fr\/wp-json\/wp\/v2\/posts"}],"about":[{"href":"https:\/\/vr-room.ch\/fr\/wp-json\/wp\/v2\/types\/post"}],"author":[{"embeddable":true,"href":"https:\/\/vr-room.ch\/fr\/wp-json\/wp\/v2\/users\/11"}],"replies":[{"embeddable":true,"href":"https:\/\/vr-room.ch\/fr\/wp-json\/wp\/v2\/comments?post=10787"}],"version-history":[{"count":0,"href":"https:\/\/vr-room.ch\/fr\/wp-json\/wp\/v2\/posts\/10787\/revisions"}],"wp:featuredmedia":[{"embeddable":true,"href":"https:\/\/vr-room.ch\/fr\/wp-json\/wp\/v2\/media\/10788"}],"wp:attachment":[{"href":"https:\/\/vr-room.ch\/fr\/wp-json\/wp\/v2\/media?parent=10787"}],"wp:term":[{"taxonomy":"category","embeddable":true,"href":"https:\/\/vr-room.ch\/fr\/wp-json\/wp\/v2\/categories?post=10787"},{"taxonomy":"post_tag","embeddable":true,"href":"https:\/\/vr-room.ch\/fr\/wp-json\/wp\/v2\/tags?post=10787"}],"curies":[{"name":"wp","href":"https:\/\/api.w.org\/{rel}","templated":true}]}}