{"id":10661,"date":"2018-07-09T06:57:40","date_gmt":"2018-07-09T06:57:40","guid":{"rendered":"http:\/\/vr-room.ch\/?p=10661"},"modified":"2018-07-04T18:07:42","modified_gmt":"2018-07-04T18:07:42","slug":"premiere-profi-vr-headset-mit-gestensteuerung","status":"publish","type":"post","link":"https:\/\/vr-room.ch\/fr\/2018\/07\/09\/premiere-profi-vr-headset-mit-gestensteuerung\/","title":{"rendered":"Premi\u00e8re : casque VR professionnel avec commande gestuelle"},"content":{"rendered":"<h3 id=\"mit-der-vr-brille-xtal-hat-vrginers-profis-im-visier-als-erstes-vr-headset-weltweit-ist-die-neue-vr-brille-mit-leap-motion-gestensteuerung-ausgeruestet-auch-funktionen-zur-zur-sprachsteuerung-sind-v\" class=\"vortext\">Avec les lunettes VR XTAL, VRginers vise les professionnels. Les nouvelles lunettes VR sont le premier casque VR au monde \u00e0 \u00eatre \u00e9quip\u00e9 de la commande gestuelle Leap Motion. Des fonctions de commande vocale sont \u00e9galement disponibles. En outre, le casque au design futuriste r\u00e8gle automatiquement la distance optimale entre les yeux.<!--more--><\/h3>\n<p><a href=\"https:\/\/vrgineers.com\/\">VRgineers Inc<\/a>., une soci\u00e9t\u00e9 d'ing\u00e9nierie de la r\u00e9alit\u00e9 virtuelle et fabricant de casques VR professionnels, pr\u00e9sente XTAL, son nouveau casque VR pour l'utilisation professionnelle des environnements de r\u00e9alit\u00e9 virtuelle.<\/p>\n<p>Les nouveaux casques sont donc particuli\u00e8rement adapt\u00e9s \u00e0 la conception virtuelle, \u00e0 la cr\u00e9ation, au d\u00e9veloppement de prototypes ainsi qu'\u00e0 l'utilisation dans la formation et la simulation. Les solutions de plateforme de VRgineers s'adressent en particulier aux entreprises de l'industrie automobile, de l'architecture, du design industriel ainsi que de la formation et de la simulation.<\/p>\n<h3 id=\"autoeye-technologie-sorgt-fuer-korrekten-augenabstand\" class=\"zwiti\">La technologie AutoEye assure une distance oculaire correcte<\/h3>\n<p>Les lunettes VR XTAL offrent, outre une \u00e9norme nettet\u00e9 d'image, toute une s\u00e9rie de caract\u00e9ristiques et de technologies d'avenir. Il s'agit du seul casque au monde qui garantit que la distance entre les yeux est toujours correctement r\u00e9gl\u00e9e.<\/p>\n<p>De plus, il est \u00e9galement le premier casque au monde sur le march\u00e9 \u00e0 disposer d'un capteur de mouvement Leap int\u00e9gr\u00e9. Le suivi de la main permet \u00e0 l'utilisateur d'interagir de mani\u00e8re simple et intuitive dans des environnements virtuels sans technologie suppl\u00e9mentaire. Un microphone int\u00e9gr\u00e9 au casque et un logiciel de reconnaissance vocale permettent d'effectuer des commandes vocales dans le monde virtuel. Cela facilite le travail direct dans les environnements virtuels.<\/p>\n<p>\u201eIm vergangenen Jahr haben wir uns viel Zeit f\u00fcr Gespr\u00e4che in den verschiedensten Industriebranchen genommen, um zu erfahren, welche Schwierigkeiten die Nutzer bei professionellen Virtual-Reality-Anwendungen haben\u201c, erl\u00e4utert Marek Polcak, Gesch\u00e4ftsf\u00fchrer bei VRgineers. \u201eIm Anschluss investierten wir unsere ganze Energie darauf, mit einer VR-Brille der n\u00e4chsten Generation diese verschiedenen W\u00fcnsche und Anforderungen zu erf\u00fcllen. Wir sind fest davon \u00fcberzeugt, dass XTAL ein wichtiges Instrument f\u00fcr die Entwicklung von Produkten, Design sowie bei Simulation und Trainingsprozessen sein wird. Mit unserer Brille kann man sehr pr\u00e4zise und intuitiv arbeiten, w\u00e4hrend man gleichzeitig Ressourcen, Geld und Zeit einspart.&#8220;<\/p>\n<p>Le poids des casques est \u00e9galement un sujet r\u00e9current et l\u00e0 aussi, il y a une solution : le poids a \u00e9t\u00e9 r\u00e9duit de douze pour cent par rapport au VRHero. Gr\u00e2ce \u00e0 une monture plus fine et plus compacte et \u00e0 un coussinet facial en cuir v\u00e9ritable, les utilisateurs peuvent d\u00e9sormais porter les lunettes confortablement pendant une p\u00e9riode prolong\u00e9e.<\/p>\n<h3 id=\"der-kristall-unter-den-headsets\">Le cristal parmi les casques<\/h3>\n<p>\"XTAL est l'abr\u00e9viation de 'Crystal'\", explique Martin Holecko, l'un des cofondateurs de VRgineers. \"Le nom du produit fait r\u00e9f\u00e9rence aux nouvelles structures polygonales du casque, semblables \u00e0 des cristaux, et \u00e0 notre passion pour la qualit\u00e9 d'image cristalline dans les environnements VR. Il fait \u00e9galement r\u00e9f\u00e9rence \u00e0 la R\u00e9publique tch\u00e8que, pays d'origine de notre entreprise, et \u00e0 son artisanat traditionnel et r\u00e9put\u00e9 du verre et de la verrerie de Boh\u00eame\".<\/p>\n<p>Source : Industry of the Things<\/p>\n<p>&nbsp;<\/p>","protected":false},"excerpt":{"rendered":"Avec les lunettes VR XTAL, VRginers vise les professionnels. En tant que premier casque VR au monde, les...","protected":false},"author":12,"featured_media":10662,"comment_status":"open","ping_status":"open","sticky":false,"template":"","format":"standard","meta":{"footnotes":""},"categories":[11],"tags":[],"class_list":{"0":"post-10661","1":"post","2":"type-post","3":"status-publish","4":"format-standard","5":"has-post-thumbnail","7":"category-virtual-reality-industrie","8":"cs-entry","9":"cs-video-wrap"},"yoast_head":"<!-- This site is optimized with the Yoast SEO plugin v27.4 - https:\/\/yoast.com\/product\/yoast-seo-wordpress\/ -->\n<title>Premiere: Profi-VR Headset mit Gestensteuerung - Schweizer Virtual Reality News<\/title>\n<meta name=\"robots\" content=\"index, follow, max-snippet:-1, max-image-preview:large, max-video-preview:-1\" \/>\n<link rel=\"canonical\" href=\"https:\/\/vr-room.ch\/fr\/2018\/07\/09\/premiere-profi-vr-headset-mit-gestensteuerung\/\" \/>\n<meta property=\"og:locale\" content=\"fr_FR\" \/>\n<meta property=\"og:type\" content=\"article\" \/>\n<meta property=\"og:title\" content=\"Premiere: Profi-VR Headset mit Gestensteuerung - Schweizer Virtual Reality News\" \/>\n<meta property=\"og:description\" content=\"Mit der VR-Brille XTAL hat VRginers Profis im Visier. Als erstes VR-Headset weltweit ist die neue VR-Brille mit&hellip;\" \/>\n<meta property=\"og:url\" content=\"https:\/\/vr-room.ch\/fr\/2018\/07\/09\/premiere-profi-vr-headset-mit-gestensteuerung\/\" \/>\n<meta property=\"og:site_name\" content=\"Schweizer Virtual Reality News\" \/>\n<meta property=\"article:published_time\" content=\"2018-07-09T06:57:40+00:00\" \/>\n<meta property=\"og:image\" content=\"https:\/\/vr-room.ch\/wp-content\/uploads\/2018\/07\/profivr.jpg\" \/>\n\t<meta property=\"og:image:width\" content=\"960\" \/>\n\t<meta property=\"og:image:height\" content=\"320\" \/>\n\t<meta property=\"og:image:type\" content=\"image\/jpeg\" \/>\n<meta name=\"author\" content=\"Nathalie\" \/>\n<meta name=\"twitter:card\" content=\"summary_large_image\" \/>\n<meta name=\"twitter:label1\" content=\"\u00c9crit par\" \/>\n\t<meta name=\"twitter:data1\" content=\"Nathalie\" \/>\n\t<meta name=\"twitter:label2\" content=\"Dur\u00e9e de lecture estim\u00e9e\" \/>\n\t<meta name=\"twitter:data2\" content=\"2 minutes\" \/>\n<script type=\"application\/ld+json\" class=\"yoast-schema-graph\">{\"@context\":\"https:\\\/\\\/schema.org\",\"@graph\":[{\"@type\":\"Article\",\"@id\":\"https:\\\/\\\/vr-room.ch\\\/fr\\\/2018\\\/07\\\/09\\\/premiere-profi-vr-headset-mit-gestensteuerung\\\/#article\",\"isPartOf\":{\"@id\":\"https:\\\/\\\/vr-room.ch\\\/fr\\\/2018\\\/07\\\/09\\\/premiere-profi-vr-headset-mit-gestensteuerung\\\/\"},\"author\":{\"name\":\"Nathalie\",\"@id\":\"http:\\\/\\\/vr-room.ch\\\/en\\\/#\\\/schema\\\/person\\\/1a03b3a6ced429fb4831f60fa2b37599\"},\"headline\":\"Premiere: Profi-VR Headset mit Gestensteuerung\",\"datePublished\":\"2018-07-09T06:57:40+00:00\",\"mainEntityOfPage\":{\"@id\":\"https:\\\/\\\/vr-room.ch\\\/fr\\\/2018\\\/07\\\/09\\\/premiere-profi-vr-headset-mit-gestensteuerung\\\/\"},\"wordCount\":445,\"commentCount\":0,\"image\":{\"@id\":\"https:\\\/\\\/vr-room.ch\\\/fr\\\/2018\\\/07\\\/09\\\/premiere-profi-vr-headset-mit-gestensteuerung\\\/#primaryimage\"},\"thumbnailUrl\":\"https:\\\/\\\/vr-room.ch\\\/wp-content\\\/uploads\\\/2018\\\/07\\\/profivr.jpg\",\"articleSection\":[\"Industrie\"],\"inLanguage\":\"fr-FR\",\"potentialAction\":[{\"@type\":\"CommentAction\",\"name\":\"Comment\",\"target\":[\"https:\\\/\\\/vr-room.ch\\\/fr\\\/2018\\\/07\\\/09\\\/premiere-profi-vr-headset-mit-gestensteuerung\\\/#respond\"]}]},{\"@type\":\"WebPage\",\"@id\":\"https:\\\/\\\/vr-room.ch\\\/fr\\\/2018\\\/07\\\/09\\\/premiere-profi-vr-headset-mit-gestensteuerung\\\/\",\"url\":\"https:\\\/\\\/vr-room.ch\\\/fr\\\/2018\\\/07\\\/09\\\/premiere-profi-vr-headset-mit-gestensteuerung\\\/\",\"name\":\"Premiere: Profi-VR Headset mit Gestensteuerung - Schweizer Virtual Reality News\",\"isPartOf\":{\"@id\":\"http:\\\/\\\/vr-room.ch\\\/en\\\/#website\"},\"primaryImageOfPage\":{\"@id\":\"https:\\\/\\\/vr-room.ch\\\/fr\\\/2018\\\/07\\\/09\\\/premiere-profi-vr-headset-mit-gestensteuerung\\\/#primaryimage\"},\"image\":{\"@id\":\"https:\\\/\\\/vr-room.ch\\\/fr\\\/2018\\\/07\\\/09\\\/premiere-profi-vr-headset-mit-gestensteuerung\\\/#primaryimage\"},\"thumbnailUrl\":\"https:\\\/\\\/vr-room.ch\\\/wp-content\\\/uploads\\\/2018\\\/07\\\/profivr.jpg\",\"datePublished\":\"2018-07-09T06:57:40+00:00\",\"author\":{\"@id\":\"http:\\\/\\\/vr-room.ch\\\/en\\\/#\\\/schema\\\/person\\\/1a03b3a6ced429fb4831f60fa2b37599\"},\"breadcrumb\":{\"@id\":\"https:\\\/\\\/vr-room.ch\\\/fr\\\/2018\\\/07\\\/09\\\/premiere-profi-vr-headset-mit-gestensteuerung\\\/#breadcrumb\"},\"inLanguage\":\"fr-FR\",\"potentialAction\":[{\"@type\":\"ReadAction\",\"target\":[\"https:\\\/\\\/vr-room.ch\\\/fr\\\/2018\\\/07\\\/09\\\/premiere-profi-vr-headset-mit-gestensteuerung\\\/\"]}]},{\"@type\":\"ImageObject\",\"inLanguage\":\"fr-FR\",\"@id\":\"https:\\\/\\\/vr-room.ch\\\/fr\\\/2018\\\/07\\\/09\\\/premiere-profi-vr-headset-mit-gestensteuerung\\\/#primaryimage\",\"url\":\"https:\\\/\\\/vr-room.ch\\\/wp-content\\\/uploads\\\/2018\\\/07\\\/profivr.jpg\",\"contentUrl\":\"https:\\\/\\\/vr-room.ch\\\/wp-content\\\/uploads\\\/2018\\\/07\\\/profivr.jpg\",\"width\":960,\"height\":320},{\"@type\":\"BreadcrumbList\",\"@id\":\"https:\\\/\\\/vr-room.ch\\\/fr\\\/2018\\\/07\\\/09\\\/premiere-profi-vr-headset-mit-gestensteuerung\\\/#breadcrumb\",\"itemListElement\":[{\"@type\":\"ListItem\",\"position\":1,\"name\":\"Startseite\",\"item\":\"http:\\\/\\\/vr-room.ch\\\/en\\\/\"},{\"@type\":\"ListItem\",\"position\":2,\"name\":\"Premiere: Profi-VR Headset mit Gestensteuerung\"}]},{\"@type\":\"WebSite\",\"@id\":\"http:\\\/\\\/vr-room.ch\\\/en\\\/#website\",\"url\":\"http:\\\/\\\/vr-room.ch\\\/en\\\/\",\"name\":\"Schweizer Virtual Reality News\",\"description\":\"\",\"potentialAction\":[{\"@type\":\"SearchAction\",\"target\":{\"@type\":\"EntryPoint\",\"urlTemplate\":\"http:\\\/\\\/vr-room.ch\\\/en\\\/?s={search_term_string}\"},\"query-input\":{\"@type\":\"PropertyValueSpecification\",\"valueRequired\":true,\"valueName\":\"search_term_string\"}}],\"inLanguage\":\"fr-FR\"},{\"@type\":\"Person\",\"@id\":\"http:\\\/\\\/vr-room.ch\\\/en\\\/#\\\/schema\\\/person\\\/1a03b3a6ced429fb4831f60fa2b37599\",\"name\":\"Nathalie\",\"image\":{\"@type\":\"ImageObject\",\"inLanguage\":\"fr-FR\",\"@id\":\"https:\\\/\\\/vr-room.ch\\\/wp-content\\\/uploads\\\/2017\\\/01\\\/avatar_user_12_1484159890-96x96.jpg\",\"url\":\"https:\\\/\\\/vr-room.ch\\\/wp-content\\\/uploads\\\/2017\\\/01\\\/avatar_user_12_1484159890-96x96.jpg\",\"contentUrl\":\"https:\\\/\\\/vr-room.ch\\\/wp-content\\\/uploads\\\/2017\\\/01\\\/avatar_user_12_1484159890-96x96.jpg\",\"caption\":\"Nathalie\"},\"url\":\"https:\\\/\\\/vr-room.ch\\\/fr\\\/author\\\/nathalie\\\/\"}]}<\/script>\n<!-- \/ Yoast SEO plugin. -->","yoast_head_json":{"title":"Premiere: Profi-VR Headset mit Gestensteuerung - Schweizer Virtual Reality News","robots":{"index":"index","follow":"follow","max-snippet":"max-snippet:-1","max-image-preview":"max-image-preview:large","max-video-preview":"max-video-preview:-1"},"canonical":"https:\/\/vr-room.ch\/fr\/2018\/07\/09\/premiere-profi-vr-headset-mit-gestensteuerung\/","og_locale":"fr_FR","og_type":"article","og_title":"Premiere: Profi-VR Headset mit Gestensteuerung - Schweizer Virtual Reality News","og_description":"Mit der VR-Brille XTAL hat VRginers Profis im Visier. Als erstes VR-Headset weltweit ist die neue VR-Brille mit&hellip;","og_url":"https:\/\/vr-room.ch\/fr\/2018\/07\/09\/premiere-profi-vr-headset-mit-gestensteuerung\/","og_site_name":"Schweizer Virtual Reality News","article_published_time":"2018-07-09T06:57:40+00:00","og_image":[{"width":960,"height":320,"url":"https:\/\/vr-room.ch\/wp-content\/uploads\/2018\/07\/profivr.jpg","type":"image\/jpeg"}],"author":"Nathalie","twitter_card":"summary_large_image","twitter_misc":{"\u00c9crit par":"Nathalie","Dur\u00e9e de lecture estim\u00e9e":"2 minutes"},"schema":{"@context":"https:\/\/schema.org","@graph":[{"@type":"Article","@id":"https:\/\/vr-room.ch\/fr\/2018\/07\/09\/premiere-profi-vr-headset-mit-gestensteuerung\/#article","isPartOf":{"@id":"https:\/\/vr-room.ch\/fr\/2018\/07\/09\/premiere-profi-vr-headset-mit-gestensteuerung\/"},"author":{"name":"Nathalie","@id":"http:\/\/vr-room.ch\/en\/#\/schema\/person\/1a03b3a6ced429fb4831f60fa2b37599"},"headline":"Premiere: Profi-VR Headset mit Gestensteuerung","datePublished":"2018-07-09T06:57:40+00:00","mainEntityOfPage":{"@id":"https:\/\/vr-room.ch\/fr\/2018\/07\/09\/premiere-profi-vr-headset-mit-gestensteuerung\/"},"wordCount":445,"commentCount":0,"image":{"@id":"https:\/\/vr-room.ch\/fr\/2018\/07\/09\/premiere-profi-vr-headset-mit-gestensteuerung\/#primaryimage"},"thumbnailUrl":"https:\/\/vr-room.ch\/wp-content\/uploads\/2018\/07\/profivr.jpg","articleSection":["Industrie"],"inLanguage":"fr-FR","potentialAction":[{"@type":"CommentAction","name":"Comment","target":["https:\/\/vr-room.ch\/fr\/2018\/07\/09\/premiere-profi-vr-headset-mit-gestensteuerung\/#respond"]}]},{"@type":"WebPage","@id":"https:\/\/vr-room.ch\/fr\/2018\/07\/09\/premiere-profi-vr-headset-mit-gestensteuerung\/","url":"https:\/\/vr-room.ch\/fr\/2018\/07\/09\/premiere-profi-vr-headset-mit-gestensteuerung\/","name":"Premiere: Profi-VR Headset mit Gestensteuerung - Schweizer Virtual Reality News","isPartOf":{"@id":"http:\/\/vr-room.ch\/en\/#website"},"primaryImageOfPage":{"@id":"https:\/\/vr-room.ch\/fr\/2018\/07\/09\/premiere-profi-vr-headset-mit-gestensteuerung\/#primaryimage"},"image":{"@id":"https:\/\/vr-room.ch\/fr\/2018\/07\/09\/premiere-profi-vr-headset-mit-gestensteuerung\/#primaryimage"},"thumbnailUrl":"https:\/\/vr-room.ch\/wp-content\/uploads\/2018\/07\/profivr.jpg","datePublished":"2018-07-09T06:57:40+00:00","author":{"@id":"http:\/\/vr-room.ch\/en\/#\/schema\/person\/1a03b3a6ced429fb4831f60fa2b37599"},"breadcrumb":{"@id":"https:\/\/vr-room.ch\/fr\/2018\/07\/09\/premiere-profi-vr-headset-mit-gestensteuerung\/#breadcrumb"},"inLanguage":"fr-FR","potentialAction":[{"@type":"ReadAction","target":["https:\/\/vr-room.ch\/fr\/2018\/07\/09\/premiere-profi-vr-headset-mit-gestensteuerung\/"]}]},{"@type":"ImageObject","inLanguage":"fr-FR","@id":"https:\/\/vr-room.ch\/fr\/2018\/07\/09\/premiere-profi-vr-headset-mit-gestensteuerung\/#primaryimage","url":"https:\/\/vr-room.ch\/wp-content\/uploads\/2018\/07\/profivr.jpg","contentUrl":"https:\/\/vr-room.ch\/wp-content\/uploads\/2018\/07\/profivr.jpg","width":960,"height":320},{"@type":"BreadcrumbList","@id":"https:\/\/vr-room.ch\/fr\/2018\/07\/09\/premiere-profi-vr-headset-mit-gestensteuerung\/#breadcrumb","itemListElement":[{"@type":"ListItem","position":1,"name":"Startseite","item":"http:\/\/vr-room.ch\/en\/"},{"@type":"ListItem","position":2,"name":"Premiere: Profi-VR Headset mit Gestensteuerung"}]},{"@type":"WebSite","@id":"http:\/\/vr-room.ch\/en\/#website","url":"http:\/\/vr-room.ch\/en\/","name":"Nouvelles de la r\u00e9alit\u00e9 virtuelle suisse","description":"","potentialAction":[{"@type":"SearchAction","target":{"@type":"EntryPoint","urlTemplate":"http:\/\/vr-room.ch\/en\/?s={search_term_string}"},"query-input":{"@type":"PropertyValueSpecification","valueRequired":true,"valueName":"search_term_string"}}],"inLanguage":"fr-FR"},{"@type":"Person","@id":"http:\/\/vr-room.ch\/en\/#\/schema\/person\/1a03b3a6ced429fb4831f60fa2b37599","name":"Nathalie","image":{"@type":"ImageObject","inLanguage":"fr-FR","@id":"https:\/\/vr-room.ch\/wp-content\/uploads\/2017\/01\/avatar_user_12_1484159890-96x96.jpg","url":"https:\/\/vr-room.ch\/wp-content\/uploads\/2017\/01\/avatar_user_12_1484159890-96x96.jpg","contentUrl":"https:\/\/vr-room.ch\/wp-content\/uploads\/2017\/01\/avatar_user_12_1484159890-96x96.jpg","caption":"Nathalie"},"url":"https:\/\/vr-room.ch\/fr\/author\/nathalie\/"}]}},"_links":{"self":[{"href":"https:\/\/vr-room.ch\/fr\/wp-json\/wp\/v2\/posts\/10661","targetHints":{"allow":["GET"]}}],"collection":[{"href":"https:\/\/vr-room.ch\/fr\/wp-json\/wp\/v2\/posts"}],"about":[{"href":"https:\/\/vr-room.ch\/fr\/wp-json\/wp\/v2\/types\/post"}],"author":[{"embeddable":true,"href":"https:\/\/vr-room.ch\/fr\/wp-json\/wp\/v2\/users\/12"}],"replies":[{"embeddable":true,"href":"https:\/\/vr-room.ch\/fr\/wp-json\/wp\/v2\/comments?post=10661"}],"version-history":[{"count":0,"href":"https:\/\/vr-room.ch\/fr\/wp-json\/wp\/v2\/posts\/10661\/revisions"}],"wp:featuredmedia":[{"embeddable":true,"href":"https:\/\/vr-room.ch\/fr\/wp-json\/wp\/v2\/media\/10662"}],"wp:attachment":[{"href":"https:\/\/vr-room.ch\/fr\/wp-json\/wp\/v2\/media?parent=10661"}],"wp:term":[{"taxonomy":"category","embeddable":true,"href":"https:\/\/vr-room.ch\/fr\/wp-json\/wp\/v2\/categories?post=10661"},{"taxonomy":"post_tag","embeddable":true,"href":"https:\/\/vr-room.ch\/fr\/wp-json\/wp\/v2\/tags?post=10661"}],"curies":[{"name":"wp","href":"https:\/\/api.w.org\/{rel}","templated":true}]}}