{"id":9735,"date":"2018-03-29T06:07:32","date_gmt":"2018-03-29T06:07:32","guid":{"rendered":"http:\/\/vr-room.ch\/?p=9735"},"modified":"2018-03-23T10:22:19","modified_gmt":"2018-03-23T10:22:19","slug":"panik-kunst-und-virtual-reality-bei-udo-lindenberg","status":"publish","type":"post","link":"https:\/\/vr-room.ch\/en\/2018\/03\/29\/panik-kunst-und-virtual-reality-bei-udo-lindenberg\/","title":{"rendered":"Panic, Art and Virtual Reality with Udo Lindenberg"},"content":{"rendered":"<h3 id=\"in-hamburg-sollen-leben-und-wirken-von-udo-lindenberg-in-einem-multimedialen-museum-erlebbar-werden-neben-vr-und-ar-ist-auch-ein-glaeschen-eierlikoer-im-eintritt-in-die-panik-city-inbegriffen\">In Hamburg, the life and work of Udo Lindenberg is to be brought to life in a multimedia museum. In addition to VR and AR, admission to Panik City also includes a glass of eggnog.<!--more--><\/h3>\n<p>Udo Lindenberg is expanding. In his adopted home of Hamburg, the self-proclaimed panic rocker is opening his own little city - the multimedia virtual-real 3D<a class=\"icon external\" href=\"http:\/\/panikcity.de\/\" target=\"_blank\" rel=\"noopener noreferrer\">Panic City<\/a>. Auf 700 Quadratmetern soll eine multimediale Erlebniswelt mit Audio- und Videoinstallationen, Panoramaw\u00e4nden und Virtual Reality das Leben und Schaffen des K\u00fcnstlers mit der deutschen Geschichte verbinden. Selbstverst\u00e4ndlich ist Panik City auf der Reeperbahn beheimatet, die Lindenberg anno 2000 im gleichnamigen Lied als &#8222;geile Meile&#8220; und &#8222;Gangsterbraut&#8220; beschrieb, ohne die er immer &#8222;irgendwie so traurig&#8220; sei.<\/p>\n<p><strong>Trip through life<\/strong><\/p>\n<p>Mit der Panik ist das so eine Sache: Schon seit 40 Jahren heisst Lindenbergs Band &#8222;Panikorchester&#8220;, sein Motto hingegen lautet &#8222;Keine Panik&#8220;.\u00a0Angek\u00fcndigt wird jedenfalls ein &#8222;Trip durch Udos Lebensstationen&#8220; und man m\u00f6chte hoffen, dass man durchs blosse Aufsetzen einer Virtual-Reality-Brille nicht ausgerechnet in eine der weniger glamour\u00f6sen Phasen im Leben des Musikers eintaucht.<\/p>\n<p>Whether in the smoking lounge of his residence at the Hotel Atlantic or while painting unique liqueurs - Udo has never been experienced so closely and authentically. With the help of augmented reality and virtual reality, content from the real world is interwoven with virtual content, creating an intense Udo Lindenberg experience. Standing on stage with Udo in the VR dimension: this is also a reality at PANIK CITY.<\/p>\n<p>The technology, art and culture project also includes Lindenberg's artistic work and is located on Spielbudenplatz in the Klubhaus St. Pauli run by theatre operator Corny Littmann (Schmidts Tivoli), which includes a theatre, a laser tag hall and various concert and party venues.<\/p>\n<p>Panik City opened its doors to the public on 20 March. Up to 800 visitors are expected every day. The standard price of 18.50 euros includes a guided tour lasting around 90 minutes as well as a voucher for a glass of Udo's favourite drink: eggnog. Another reason to travel to Hamburg again!<\/p>\n<p><iframe loading=\"lazy\" title=\"Udo Lindenberg - Interview on the opening of PANIK CITY\" width=\"1200\" height=\"675\" src=\"https:\/\/www.youtube.com\/embed\/d1Q7mYWkEcE?feature=oembed\" frameborder=\"0\" allow=\"accelerometer; autoplay; clipboard-write; encrypted-media; gyroscope; picture-in-picture\" allowfullscreen><\/iframe><\/p>\n<p>Source: DW \/ Panik City<\/p>","protected":false},"excerpt":{"rendered":"In Hamburg, the life and work of Udo Lindenberg are to be brought to life in a multimedia museum. In addition to VR and...","protected":false},"author":12,"featured_media":9736,"comment_status":"open","ping_status":"open","sticky":false,"template":"","format":"standard","meta":{"footnotes":""},"categories":[3],"tags":[],"class_list":{"0":"post-9735","1":"post","2":"type-post","3":"status-publish","4":"format-standard","5":"has-post-thumbnail","7":"category-virtual-reality-kunst","8":"cs-entry","9":"cs-video-wrap"},"yoast_head":"<!-- This site is optimized with the Yoast SEO plugin v27.4 - https:\/\/yoast.com\/product\/yoast-seo-wordpress\/ -->\n<title>Panik, Kunst und Virtual Reality bei Udo Lindenberg - Schweizer Virtual Reality News<\/title>\n<meta name=\"robots\" content=\"index, follow, max-snippet:-1, max-image-preview:large, max-video-preview:-1\" \/>\n<link rel=\"canonical\" href=\"https:\/\/vr-room.ch\/en\/2018\/03\/29\/panik-kunst-und-virtual-reality-bei-udo-lindenberg\/\" \/>\n<meta property=\"og:locale\" content=\"en_GB\" \/>\n<meta property=\"og:type\" content=\"article\" \/>\n<meta property=\"og:title\" content=\"Panik, Kunst und Virtual Reality bei Udo Lindenberg - Schweizer Virtual Reality News\" \/>\n<meta property=\"og:description\" content=\"In Hamburg sollen Leben und Wirken von Udo Lindenberg in einem multimedialen Museum erlebbar werden. Neben VR und&hellip;\" \/>\n<meta property=\"og:url\" content=\"https:\/\/vr-room.ch\/en\/2018\/03\/29\/panik-kunst-und-virtual-reality-bei-udo-lindenberg\/\" \/>\n<meta property=\"og:site_name\" content=\"Schweizer Virtual Reality News\" \/>\n<meta property=\"article:published_time\" content=\"2018-03-29T06:07:32+00:00\" \/>\n<meta property=\"og:image\" content=\"https:\/\/vr-room.ch\/wp-content\/uploads\/2018\/03\/Panik-City-Die-Udo-Lindenberg-Experience-Hamburg-Slider-1.jpg\" \/>\n\t<meta property=\"og:image:width\" content=\"1920\" \/>\n\t<meta property=\"og:image:height\" content=\"1271\" \/>\n\t<meta property=\"og:image:type\" content=\"image\/jpeg\" \/>\n<meta name=\"author\" content=\"Nathalie\" \/>\n<meta name=\"twitter:card\" content=\"summary_large_image\" \/>\n<meta name=\"twitter:label1\" content=\"Written by\" \/>\n\t<meta name=\"twitter:data1\" content=\"Nathalie\" \/>\n\t<meta name=\"twitter:label2\" content=\"Estimated reading time\" \/>\n\t<meta name=\"twitter:data2\" content=\"2 minutes\" \/>\n<script type=\"application\/ld+json\" class=\"yoast-schema-graph\">{\"@context\":\"https:\\\/\\\/schema.org\",\"@graph\":[{\"@type\":\"Article\",\"@id\":\"https:\\\/\\\/vr-room.ch\\\/en\\\/2018\\\/03\\\/29\\\/panik-kunst-und-virtual-reality-bei-udo-lindenberg\\\/#article\",\"isPartOf\":{\"@id\":\"https:\\\/\\\/vr-room.ch\\\/en\\\/2018\\\/03\\\/29\\\/panik-kunst-und-virtual-reality-bei-udo-lindenberg\\\/\"},\"author\":{\"name\":\"Nathalie\",\"@id\":\"http:\\\/\\\/vr-room.ch\\\/en\\\/#\\\/schema\\\/person\\\/1a03b3a6ced429fb4831f60fa2b37599\"},\"headline\":\"Panik, Kunst und Virtual Reality bei Udo Lindenberg\",\"datePublished\":\"2018-03-29T06:07:32+00:00\",\"mainEntityOfPage\":{\"@id\":\"https:\\\/\\\/vr-room.ch\\\/en\\\/2018\\\/03\\\/29\\\/panik-kunst-und-virtual-reality-bei-udo-lindenberg\\\/\"},\"wordCount\":353,\"commentCount\":0,\"image\":{\"@id\":\"https:\\\/\\\/vr-room.ch\\\/en\\\/2018\\\/03\\\/29\\\/panik-kunst-und-virtual-reality-bei-udo-lindenberg\\\/#primaryimage\"},\"thumbnailUrl\":\"https:\\\/\\\/vr-room.ch\\\/wp-content\\\/uploads\\\/2018\\\/03\\\/Panik-City-Die-Udo-Lindenberg-Experience-Hamburg-Slider-1.jpg\",\"articleSection\":[\"Kunst\"],\"inLanguage\":\"en-GB\",\"potentialAction\":[{\"@type\":\"CommentAction\",\"name\":\"Comment\",\"target\":[\"https:\\\/\\\/vr-room.ch\\\/en\\\/2018\\\/03\\\/29\\\/panik-kunst-und-virtual-reality-bei-udo-lindenberg\\\/#respond\"]}]},{\"@type\":\"WebPage\",\"@id\":\"https:\\\/\\\/vr-room.ch\\\/en\\\/2018\\\/03\\\/29\\\/panik-kunst-und-virtual-reality-bei-udo-lindenberg\\\/\",\"url\":\"https:\\\/\\\/vr-room.ch\\\/en\\\/2018\\\/03\\\/29\\\/panik-kunst-und-virtual-reality-bei-udo-lindenberg\\\/\",\"name\":\"Panik, Kunst und Virtual Reality bei Udo Lindenberg - Schweizer Virtual Reality News\",\"isPartOf\":{\"@id\":\"http:\\\/\\\/vr-room.ch\\\/en\\\/#website\"},\"primaryImageOfPage\":{\"@id\":\"https:\\\/\\\/vr-room.ch\\\/en\\\/2018\\\/03\\\/29\\\/panik-kunst-und-virtual-reality-bei-udo-lindenberg\\\/#primaryimage\"},\"image\":{\"@id\":\"https:\\\/\\\/vr-room.ch\\\/en\\\/2018\\\/03\\\/29\\\/panik-kunst-und-virtual-reality-bei-udo-lindenberg\\\/#primaryimage\"},\"thumbnailUrl\":\"https:\\\/\\\/vr-room.ch\\\/wp-content\\\/uploads\\\/2018\\\/03\\\/Panik-City-Die-Udo-Lindenberg-Experience-Hamburg-Slider-1.jpg\",\"datePublished\":\"2018-03-29T06:07:32+00:00\",\"author\":{\"@id\":\"http:\\\/\\\/vr-room.ch\\\/en\\\/#\\\/schema\\\/person\\\/1a03b3a6ced429fb4831f60fa2b37599\"},\"breadcrumb\":{\"@id\":\"https:\\\/\\\/vr-room.ch\\\/en\\\/2018\\\/03\\\/29\\\/panik-kunst-und-virtual-reality-bei-udo-lindenberg\\\/#breadcrumb\"},\"inLanguage\":\"en-GB\",\"potentialAction\":[{\"@type\":\"ReadAction\",\"target\":[\"https:\\\/\\\/vr-room.ch\\\/en\\\/2018\\\/03\\\/29\\\/panik-kunst-und-virtual-reality-bei-udo-lindenberg\\\/\"]}]},{\"@type\":\"ImageObject\",\"inLanguage\":\"en-GB\",\"@id\":\"https:\\\/\\\/vr-room.ch\\\/en\\\/2018\\\/03\\\/29\\\/panik-kunst-und-virtual-reality-bei-udo-lindenberg\\\/#primaryimage\",\"url\":\"https:\\\/\\\/vr-room.ch\\\/wp-content\\\/uploads\\\/2018\\\/03\\\/Panik-City-Die-Udo-Lindenberg-Experience-Hamburg-Slider-1.jpg\",\"contentUrl\":\"https:\\\/\\\/vr-room.ch\\\/wp-content\\\/uploads\\\/2018\\\/03\\\/Panik-City-Die-Udo-Lindenberg-Experience-Hamburg-Slider-1.jpg\",\"width\":1920,\"height\":1271},{\"@type\":\"BreadcrumbList\",\"@id\":\"https:\\\/\\\/vr-room.ch\\\/en\\\/2018\\\/03\\\/29\\\/panik-kunst-und-virtual-reality-bei-udo-lindenberg\\\/#breadcrumb\",\"itemListElement\":[{\"@type\":\"ListItem\",\"position\":1,\"name\":\"Startseite\",\"item\":\"http:\\\/\\\/vr-room.ch\\\/en\\\/\"},{\"@type\":\"ListItem\",\"position\":2,\"name\":\"Panik, Kunst und Virtual Reality bei Udo Lindenberg\"}]},{\"@type\":\"WebSite\",\"@id\":\"http:\\\/\\\/vr-room.ch\\\/en\\\/#website\",\"url\":\"http:\\\/\\\/vr-room.ch\\\/en\\\/\",\"name\":\"Schweizer Virtual Reality News\",\"description\":\"\",\"potentialAction\":[{\"@type\":\"SearchAction\",\"target\":{\"@type\":\"EntryPoint\",\"urlTemplate\":\"http:\\\/\\\/vr-room.ch\\\/en\\\/?s={search_term_string}\"},\"query-input\":{\"@type\":\"PropertyValueSpecification\",\"valueRequired\":true,\"valueName\":\"search_term_string\"}}],\"inLanguage\":\"en-GB\"},{\"@type\":\"Person\",\"@id\":\"http:\\\/\\\/vr-room.ch\\\/en\\\/#\\\/schema\\\/person\\\/1a03b3a6ced429fb4831f60fa2b37599\",\"name\":\"Nathalie\",\"image\":{\"@type\":\"ImageObject\",\"inLanguage\":\"en-GB\",\"@id\":\"https:\\\/\\\/vr-room.ch\\\/wp-content\\\/uploads\\\/2017\\\/01\\\/avatar_user_12_1484159890-96x96.jpg\",\"url\":\"https:\\\/\\\/vr-room.ch\\\/wp-content\\\/uploads\\\/2017\\\/01\\\/avatar_user_12_1484159890-96x96.jpg\",\"contentUrl\":\"https:\\\/\\\/vr-room.ch\\\/wp-content\\\/uploads\\\/2017\\\/01\\\/avatar_user_12_1484159890-96x96.jpg\",\"caption\":\"Nathalie\"},\"url\":\"https:\\\/\\\/vr-room.ch\\\/en\\\/author\\\/nathalie\\\/\"}]}<\/script>\n<!-- \/ Yoast SEO plugin. -->","yoast_head_json":{"title":"Panik, Kunst und Virtual Reality bei Udo Lindenberg - Schweizer Virtual Reality News","robots":{"index":"index","follow":"follow","max-snippet":"max-snippet:-1","max-image-preview":"max-image-preview:large","max-video-preview":"max-video-preview:-1"},"canonical":"https:\/\/vr-room.ch\/en\/2018\/03\/29\/panik-kunst-und-virtual-reality-bei-udo-lindenberg\/","og_locale":"en_GB","og_type":"article","og_title":"Panik, Kunst und Virtual Reality bei Udo Lindenberg - Schweizer Virtual Reality News","og_description":"In Hamburg sollen Leben und Wirken von Udo Lindenberg in einem multimedialen Museum erlebbar werden. Neben VR und&hellip;","og_url":"https:\/\/vr-room.ch\/en\/2018\/03\/29\/panik-kunst-und-virtual-reality-bei-udo-lindenberg\/","og_site_name":"Schweizer Virtual Reality News","article_published_time":"2018-03-29T06:07:32+00:00","og_image":[{"width":1920,"height":1271,"url":"https:\/\/vr-room.ch\/wp-content\/uploads\/2018\/03\/Panik-City-Die-Udo-Lindenberg-Experience-Hamburg-Slider-1.jpg","type":"image\/jpeg"}],"author":"Nathalie","twitter_card":"summary_large_image","twitter_misc":{"Written by":"Nathalie","Estimated reading time":"2 minutes"},"schema":{"@context":"https:\/\/schema.org","@graph":[{"@type":"Article","@id":"https:\/\/vr-room.ch\/en\/2018\/03\/29\/panik-kunst-und-virtual-reality-bei-udo-lindenberg\/#article","isPartOf":{"@id":"https:\/\/vr-room.ch\/en\/2018\/03\/29\/panik-kunst-und-virtual-reality-bei-udo-lindenberg\/"},"author":{"name":"Nathalie","@id":"http:\/\/vr-room.ch\/en\/#\/schema\/person\/1a03b3a6ced429fb4831f60fa2b37599"},"headline":"Panik, Kunst und Virtual Reality bei Udo Lindenberg","datePublished":"2018-03-29T06:07:32+00:00","mainEntityOfPage":{"@id":"https:\/\/vr-room.ch\/en\/2018\/03\/29\/panik-kunst-und-virtual-reality-bei-udo-lindenberg\/"},"wordCount":353,"commentCount":0,"image":{"@id":"https:\/\/vr-room.ch\/en\/2018\/03\/29\/panik-kunst-und-virtual-reality-bei-udo-lindenberg\/#primaryimage"},"thumbnailUrl":"https:\/\/vr-room.ch\/wp-content\/uploads\/2018\/03\/Panik-City-Die-Udo-Lindenberg-Experience-Hamburg-Slider-1.jpg","articleSection":["Kunst"],"inLanguage":"en-GB","potentialAction":[{"@type":"CommentAction","name":"Comment","target":["https:\/\/vr-room.ch\/en\/2018\/03\/29\/panik-kunst-und-virtual-reality-bei-udo-lindenberg\/#respond"]}]},{"@type":"WebPage","@id":"https:\/\/vr-room.ch\/en\/2018\/03\/29\/panik-kunst-und-virtual-reality-bei-udo-lindenberg\/","url":"https:\/\/vr-room.ch\/en\/2018\/03\/29\/panik-kunst-und-virtual-reality-bei-udo-lindenberg\/","name":"Panik, Kunst und Virtual Reality bei Udo Lindenberg - Schweizer Virtual Reality News","isPartOf":{"@id":"http:\/\/vr-room.ch\/en\/#website"},"primaryImageOfPage":{"@id":"https:\/\/vr-room.ch\/en\/2018\/03\/29\/panik-kunst-und-virtual-reality-bei-udo-lindenberg\/#primaryimage"},"image":{"@id":"https:\/\/vr-room.ch\/en\/2018\/03\/29\/panik-kunst-und-virtual-reality-bei-udo-lindenberg\/#primaryimage"},"thumbnailUrl":"https:\/\/vr-room.ch\/wp-content\/uploads\/2018\/03\/Panik-City-Die-Udo-Lindenberg-Experience-Hamburg-Slider-1.jpg","datePublished":"2018-03-29T06:07:32+00:00","author":{"@id":"http:\/\/vr-room.ch\/en\/#\/schema\/person\/1a03b3a6ced429fb4831f60fa2b37599"},"breadcrumb":{"@id":"https:\/\/vr-room.ch\/en\/2018\/03\/29\/panik-kunst-und-virtual-reality-bei-udo-lindenberg\/#breadcrumb"},"inLanguage":"en-GB","potentialAction":[{"@type":"ReadAction","target":["https:\/\/vr-room.ch\/en\/2018\/03\/29\/panik-kunst-und-virtual-reality-bei-udo-lindenberg\/"]}]},{"@type":"ImageObject","inLanguage":"en-GB","@id":"https:\/\/vr-room.ch\/en\/2018\/03\/29\/panik-kunst-und-virtual-reality-bei-udo-lindenberg\/#primaryimage","url":"https:\/\/vr-room.ch\/wp-content\/uploads\/2018\/03\/Panik-City-Die-Udo-Lindenberg-Experience-Hamburg-Slider-1.jpg","contentUrl":"https:\/\/vr-room.ch\/wp-content\/uploads\/2018\/03\/Panik-City-Die-Udo-Lindenberg-Experience-Hamburg-Slider-1.jpg","width":1920,"height":1271},{"@type":"BreadcrumbList","@id":"https:\/\/vr-room.ch\/en\/2018\/03\/29\/panik-kunst-und-virtual-reality-bei-udo-lindenberg\/#breadcrumb","itemListElement":[{"@type":"ListItem","position":1,"name":"Startseite","item":"http:\/\/vr-room.ch\/en\/"},{"@type":"ListItem","position":2,"name":"Panik, Kunst und Virtual Reality bei Udo Lindenberg"}]},{"@type":"WebSite","@id":"http:\/\/vr-room.ch\/en\/#website","url":"http:\/\/vr-room.ch\/en\/","name":"Swiss Virtual Reality News","description":"","potentialAction":[{"@type":"SearchAction","target":{"@type":"EntryPoint","urlTemplate":"http:\/\/vr-room.ch\/en\/?s={search_term_string}"},"query-input":{"@type":"PropertyValueSpecification","valueRequired":true,"valueName":"search_term_string"}}],"inLanguage":"en-GB"},{"@type":"Person","@id":"http:\/\/vr-room.ch\/en\/#\/schema\/person\/1a03b3a6ced429fb4831f60fa2b37599","name":"Nathalie","image":{"@type":"ImageObject","inLanguage":"en-GB","@id":"https:\/\/vr-room.ch\/wp-content\/uploads\/2017\/01\/avatar_user_12_1484159890-96x96.jpg","url":"https:\/\/vr-room.ch\/wp-content\/uploads\/2017\/01\/avatar_user_12_1484159890-96x96.jpg","contentUrl":"https:\/\/vr-room.ch\/wp-content\/uploads\/2017\/01\/avatar_user_12_1484159890-96x96.jpg","caption":"Nathalie"},"url":"https:\/\/vr-room.ch\/en\/author\/nathalie\/"}]}},"_links":{"self":[{"href":"https:\/\/vr-room.ch\/en\/wp-json\/wp\/v2\/posts\/9735","targetHints":{"allow":["GET"]}}],"collection":[{"href":"https:\/\/vr-room.ch\/en\/wp-json\/wp\/v2\/posts"}],"about":[{"href":"https:\/\/vr-room.ch\/en\/wp-json\/wp\/v2\/types\/post"}],"author":[{"embeddable":true,"href":"https:\/\/vr-room.ch\/en\/wp-json\/wp\/v2\/users\/12"}],"replies":[{"embeddable":true,"href":"https:\/\/vr-room.ch\/en\/wp-json\/wp\/v2\/comments?post=9735"}],"version-history":[{"count":0,"href":"https:\/\/vr-room.ch\/en\/wp-json\/wp\/v2\/posts\/9735\/revisions"}],"wp:featuredmedia":[{"embeddable":true,"href":"https:\/\/vr-room.ch\/en\/wp-json\/wp\/v2\/media\/9736"}],"wp:attachment":[{"href":"https:\/\/vr-room.ch\/en\/wp-json\/wp\/v2\/media?parent=9735"}],"wp:term":[{"taxonomy":"category","embeddable":true,"href":"https:\/\/vr-room.ch\/en\/wp-json\/wp\/v2\/categories?post=9735"},{"taxonomy":"post_tag","embeddable":true,"href":"https:\/\/vr-room.ch\/en\/wp-json\/wp\/v2\/tags?post=9735"}],"curies":[{"name":"wp","href":"https:\/\/api.w.org\/{rel}","templated":true}]}}