{"id":7805,"date":"2017-10-06T06:25:40","date_gmt":"2017-10-06T06:25:40","guid":{"rendered":"http:\/\/vr-room.ch\/?p=7805"},"modified":"2017-10-05T13:07:29","modified_gmt":"2017-10-05T13:07:29","slug":"vr-am-zuerich-filmfestival","status":"publish","type":"post","link":"https:\/\/vr-room.ch\/en\/2017\/10\/06\/vr-am-zuerich-filmfestival\/","title":{"rendered":"VR at the Zurich Film Festival"},"content":{"rendered":"<h3 id=\"der-siegeszug-der-virtual-reality-geht-ein-stueck-weiter-und-so-finden-vr-filme-in-diesem-jahr-auch-platz-im-rahmenprogramm-des-zuerich-film-festivals-welches-bereits-voll-im-gange-ist-wieso-und-wie\">The triumphal march of virtual reality continues and so VR films have a place in this year's supporting programme of the Zurich Film Festival, which is already in full swing. Why and how VR films can be brilliant, you can read here in a short plea for VR films.\u00a0<!--more--><\/h3>\n<p>In the programme of the\u00a0<a href=\"https:\/\/zff.com\/de\/programm\/rahmenveranstaltungen\/?s=virtual-reality-lab\">Virtual Reality Lab <\/a>the Zurich Film Festival is presenting the latest VR films this year. In three blocks, new artistic means of expression and a different approach to immersive formats can be explored. The ZFF VR Lab is a collaboration between Flux Laboratory, We Are cinema and ZFF. Admission is free, but a ticket must be purchased at the festival centre on Sechsel\u00e4utenplatz before the start of the screening. The number of seats is limited. The screenings will take place from 29 September to 8 October 2017. Divided into 3 thematic areas: Real Vision, Family Affairs and Beyond Reality.<\/p>\n<h3 id=\"ein-kleines-plaedoyer-fuer-vr-filme\">A small plea for VR films<\/h3>\n<p>Ich bin \u00fcberzeugt, dass VR Filme klassische Kinofilme kaum total verdr\u00e4ngen\u00a0werden. Es wird, wie es die ewigen Diskussionen in meinem Bekanntenkreis zeigen &#8211; &#8222;Gehen wir den Film in 2D, 3D oder gar 4DX schauen?&#8220; &#8211; wahrscheinlich immer Kinobesucher geben, die einfach gerne zur\u00fccklehnen und den Film flach, herk\u00f6mmlich ohne Interaktion erleben m\u00f6chten. Hat ja auch seine Berechtigung. VR Filme bringen jedoch ein grosses Potential, mit dem die Kinobesitzer ihren Kinosaal wieder f\u00fcllen k\u00f6nnen. Denn einen grossen Bildschirm hat ja mittlerweile jeder zu Hause.<\/p>\n<p>I keep hearing from friends: 360-degree panoramic view on film? Then surely I'm missing out on exactly what's important in the film! In any case, the new technologies mean that filmmakers can only direct their audience's gaze to a limited extent. But perhaps that's what makes film so appealing. Just like in real life, you can miss something and discover something else instead. And how cool it is, if you like the film, to be able to experience it again from a different perspective. Approaches where you can influence the course of the film are also exciting. This will create narrative forms that differ significantly from today's cinema experience.<\/p>\n<p>I have had the pleasure of experiencing several such films and my favourite is still <a href=\"http:\/\/vr-room.ch\/en\/2017\/01\/18\/ein-virtueller-einblick-ins-blindsein\/\">Notes on Blindness<\/a>. The VR film is a wonderful example of how film producers can guide the viewer well and also bring some interaction into the story. For example, the viewer's gaze is moved in the direction in which something important is happening by music, the voice of the speaker and sounds. Or elements are built in that you have to look at first before the film continues. Another approach assigns the viewer the role of the supporting actor, who is guided through the story by the main actor. I think there's a lot more to come.<\/p>\n<p>Source: Zurich Film Festival<\/p>\n<h2 id=\"\"><\/h2>\n<p>&nbsp;<\/p>","protected":false},"excerpt":{"rendered":"The triumphant advance of virtual reality continues and this year VR films will also find...","protected":false},"author":12,"featured_media":7806,"comment_status":"open","ping_status":"open","sticky":false,"template":"","format":"standard","meta":{"footnotes":""},"categories":[68],"tags":[],"class_list":{"0":"post-7805","1":"post","2":"type-post","3":"status-publish","4":"format-standard","5":"has-post-thumbnail","7":"category-virtual-reality-schweiz","8":"cs-entry","9":"cs-video-wrap"},"yoast_head":"<!-- This site is optimized with the Yoast SEO plugin v27.4 - https:\/\/yoast.com\/product\/yoast-seo-wordpress\/ -->\n<title>VR am Z\u00fcrich Filmfestival - Schweizer Virtual Reality News<\/title>\n<meta name=\"robots\" content=\"index, follow, max-snippet:-1, max-image-preview:large, max-video-preview:-1\" \/>\n<link rel=\"canonical\" href=\"https:\/\/vr-room.ch\/en\/2017\/10\/06\/vr-am-zuerich-filmfestival\/\" \/>\n<meta property=\"og:locale\" content=\"en_GB\" \/>\n<meta property=\"og:type\" content=\"article\" \/>\n<meta property=\"og:title\" content=\"VR am Z\u00fcrich Filmfestival - Schweizer Virtual Reality News\" \/>\n<meta property=\"og:description\" content=\"Der Siegeszug der Virtual Reality geht ein St\u00fcck weiter und so finden VR Filme in diesem Jahr auch&hellip;\" \/>\n<meta property=\"og:url\" content=\"https:\/\/vr-room.ch\/en\/2017\/10\/06\/vr-am-zuerich-filmfestival\/\" \/>\n<meta property=\"og:site_name\" content=\"Schweizer Virtual Reality News\" \/>\n<meta property=\"article:published_time\" content=\"2017-10-06T06:25:40+00:00\" \/>\n<meta property=\"og:image\" content=\"https:\/\/vr-room.ch\/wp-content\/uploads\/2017\/10\/film-festival-zurich.jpg\" \/>\n\t<meta property=\"og:image:width\" content=\"1000\" \/>\n\t<meta property=\"og:image:height\" content=\"415\" \/>\n\t<meta property=\"og:image:type\" content=\"image\/jpeg\" \/>\n<meta name=\"author\" content=\"Nathalie\" \/>\n<meta name=\"twitter:card\" content=\"summary_large_image\" \/>\n<meta name=\"twitter:label1\" content=\"Written by\" \/>\n\t<meta name=\"twitter:data1\" content=\"Nathalie\" \/>\n\t<meta name=\"twitter:label2\" content=\"Estimated reading time\" \/>\n\t<meta name=\"twitter:data2\" content=\"2 minutes\" \/>\n<script type=\"application\/ld+json\" class=\"yoast-schema-graph\">{\"@context\":\"https:\\\/\\\/schema.org\",\"@graph\":[{\"@type\":\"Article\",\"@id\":\"https:\\\/\\\/vr-room.ch\\\/fr\\\/2017\\\/10\\\/06\\\/vr-am-zuerich-filmfestival\\\/#article\",\"isPartOf\":{\"@id\":\"https:\\\/\\\/vr-room.ch\\\/fr\\\/2017\\\/10\\\/06\\\/vr-am-zuerich-filmfestival\\\/\"},\"author\":{\"name\":\"Nathalie\",\"@id\":\"http:\\\/\\\/vr-room.ch\\\/en\\\/#\\\/schema\\\/person\\\/1a03b3a6ced429fb4831f60fa2b37599\"},\"headline\":\"VR am Z\u00fcrich Filmfestival\",\"datePublished\":\"2017-10-06T06:25:40+00:00\",\"mainEntityOfPage\":{\"@id\":\"https:\\\/\\\/vr-room.ch\\\/fr\\\/2017\\\/10\\\/06\\\/vr-am-zuerich-filmfestival\\\/\"},\"wordCount\":479,\"commentCount\":0,\"image\":{\"@id\":\"https:\\\/\\\/vr-room.ch\\\/fr\\\/2017\\\/10\\\/06\\\/vr-am-zuerich-filmfestival\\\/#primaryimage\"},\"thumbnailUrl\":\"https:\\\/\\\/vr-room.ch\\\/wp-content\\\/uploads\\\/2017\\\/10\\\/film-festival-zurich.jpg\",\"articleSection\":[\"Schweiz\"],\"inLanguage\":\"en-GB\",\"potentialAction\":[{\"@type\":\"CommentAction\",\"name\":\"Comment\",\"target\":[\"https:\\\/\\\/vr-room.ch\\\/fr\\\/2017\\\/10\\\/06\\\/vr-am-zuerich-filmfestival\\\/#respond\"]}]},{\"@type\":\"WebPage\",\"@id\":\"https:\\\/\\\/vr-room.ch\\\/fr\\\/2017\\\/10\\\/06\\\/vr-am-zuerich-filmfestival\\\/\",\"url\":\"https:\\\/\\\/vr-room.ch\\\/fr\\\/2017\\\/10\\\/06\\\/vr-am-zuerich-filmfestival\\\/\",\"name\":\"VR am Z\u00fcrich Filmfestival - Schweizer Virtual Reality News\",\"isPartOf\":{\"@id\":\"http:\\\/\\\/vr-room.ch\\\/en\\\/#website\"},\"primaryImageOfPage\":{\"@id\":\"https:\\\/\\\/vr-room.ch\\\/fr\\\/2017\\\/10\\\/06\\\/vr-am-zuerich-filmfestival\\\/#primaryimage\"},\"image\":{\"@id\":\"https:\\\/\\\/vr-room.ch\\\/fr\\\/2017\\\/10\\\/06\\\/vr-am-zuerich-filmfestival\\\/#primaryimage\"},\"thumbnailUrl\":\"https:\\\/\\\/vr-room.ch\\\/wp-content\\\/uploads\\\/2017\\\/10\\\/film-festival-zurich.jpg\",\"datePublished\":\"2017-10-06T06:25:40+00:00\",\"author\":{\"@id\":\"http:\\\/\\\/vr-room.ch\\\/en\\\/#\\\/schema\\\/person\\\/1a03b3a6ced429fb4831f60fa2b37599\"},\"breadcrumb\":{\"@id\":\"https:\\\/\\\/vr-room.ch\\\/fr\\\/2017\\\/10\\\/06\\\/vr-am-zuerich-filmfestival\\\/#breadcrumb\"},\"inLanguage\":\"en-GB\",\"potentialAction\":[{\"@type\":\"ReadAction\",\"target\":[\"https:\\\/\\\/vr-room.ch\\\/fr\\\/2017\\\/10\\\/06\\\/vr-am-zuerich-filmfestival\\\/\"]}]},{\"@type\":\"ImageObject\",\"inLanguage\":\"en-GB\",\"@id\":\"https:\\\/\\\/vr-room.ch\\\/fr\\\/2017\\\/10\\\/06\\\/vr-am-zuerich-filmfestival\\\/#primaryimage\",\"url\":\"https:\\\/\\\/vr-room.ch\\\/wp-content\\\/uploads\\\/2017\\\/10\\\/film-festival-zurich.jpg\",\"contentUrl\":\"https:\\\/\\\/vr-room.ch\\\/wp-content\\\/uploads\\\/2017\\\/10\\\/film-festival-zurich.jpg\",\"width\":1000,\"height\":415},{\"@type\":\"BreadcrumbList\",\"@id\":\"https:\\\/\\\/vr-room.ch\\\/fr\\\/2017\\\/10\\\/06\\\/vr-am-zuerich-filmfestival\\\/#breadcrumb\",\"itemListElement\":[{\"@type\":\"ListItem\",\"position\":1,\"name\":\"Startseite\",\"item\":\"http:\\\/\\\/vr-room.ch\\\/en\\\/\"},{\"@type\":\"ListItem\",\"position\":2,\"name\":\"VR am Z\u00fcrich Filmfestival\"}]},{\"@type\":\"WebSite\",\"@id\":\"http:\\\/\\\/vr-room.ch\\\/en\\\/#website\",\"url\":\"http:\\\/\\\/vr-room.ch\\\/en\\\/\",\"name\":\"Schweizer Virtual Reality News\",\"description\":\"\",\"potentialAction\":[{\"@type\":\"SearchAction\",\"target\":{\"@type\":\"EntryPoint\",\"urlTemplate\":\"http:\\\/\\\/vr-room.ch\\\/en\\\/?s={search_term_string}\"},\"query-input\":{\"@type\":\"PropertyValueSpecification\",\"valueRequired\":true,\"valueName\":\"search_term_string\"}}],\"inLanguage\":\"en-GB\"},{\"@type\":\"Person\",\"@id\":\"http:\\\/\\\/vr-room.ch\\\/en\\\/#\\\/schema\\\/person\\\/1a03b3a6ced429fb4831f60fa2b37599\",\"name\":\"Nathalie\",\"image\":{\"@type\":\"ImageObject\",\"inLanguage\":\"en-GB\",\"@id\":\"https:\\\/\\\/vr-room.ch\\\/wp-content\\\/uploads\\\/2017\\\/01\\\/avatar_user_12_1484159890-96x96.jpg\",\"url\":\"https:\\\/\\\/vr-room.ch\\\/wp-content\\\/uploads\\\/2017\\\/01\\\/avatar_user_12_1484159890-96x96.jpg\",\"contentUrl\":\"https:\\\/\\\/vr-room.ch\\\/wp-content\\\/uploads\\\/2017\\\/01\\\/avatar_user_12_1484159890-96x96.jpg\",\"caption\":\"Nathalie\"},\"url\":\"https:\\\/\\\/vr-room.ch\\\/en\\\/author\\\/nathalie\\\/\"}]}<\/script>\n<!-- \/ Yoast SEO plugin. -->","yoast_head_json":{"title":"VR am Z\u00fcrich Filmfestival - Schweizer Virtual Reality News","robots":{"index":"index","follow":"follow","max-snippet":"max-snippet:-1","max-image-preview":"max-image-preview:large","max-video-preview":"max-video-preview:-1"},"canonical":"https:\/\/vr-room.ch\/en\/2017\/10\/06\/vr-am-zuerich-filmfestival\/","og_locale":"en_GB","og_type":"article","og_title":"VR am Z\u00fcrich Filmfestival - Schweizer Virtual Reality News","og_description":"Der Siegeszug der Virtual Reality geht ein St\u00fcck weiter und so finden VR Filme in diesem Jahr auch&hellip;","og_url":"https:\/\/vr-room.ch\/en\/2017\/10\/06\/vr-am-zuerich-filmfestival\/","og_site_name":"Schweizer Virtual Reality News","article_published_time":"2017-10-06T06:25:40+00:00","og_image":[{"width":1000,"height":415,"url":"https:\/\/vr-room.ch\/wp-content\/uploads\/2017\/10\/film-festival-zurich.jpg","type":"image\/jpeg"}],"author":"Nathalie","twitter_card":"summary_large_image","twitter_misc":{"Written by":"Nathalie","Estimated reading time":"2 minutes"},"schema":{"@context":"https:\/\/schema.org","@graph":[{"@type":"Article","@id":"https:\/\/vr-room.ch\/fr\/2017\/10\/06\/vr-am-zuerich-filmfestival\/#article","isPartOf":{"@id":"https:\/\/vr-room.ch\/fr\/2017\/10\/06\/vr-am-zuerich-filmfestival\/"},"author":{"name":"Nathalie","@id":"http:\/\/vr-room.ch\/en\/#\/schema\/person\/1a03b3a6ced429fb4831f60fa2b37599"},"headline":"VR am Z\u00fcrich Filmfestival","datePublished":"2017-10-06T06:25:40+00:00","mainEntityOfPage":{"@id":"https:\/\/vr-room.ch\/fr\/2017\/10\/06\/vr-am-zuerich-filmfestival\/"},"wordCount":479,"commentCount":0,"image":{"@id":"https:\/\/vr-room.ch\/fr\/2017\/10\/06\/vr-am-zuerich-filmfestival\/#primaryimage"},"thumbnailUrl":"https:\/\/vr-room.ch\/wp-content\/uploads\/2017\/10\/film-festival-zurich.jpg","articleSection":["Schweiz"],"inLanguage":"en-GB","potentialAction":[{"@type":"CommentAction","name":"Comment","target":["https:\/\/vr-room.ch\/fr\/2017\/10\/06\/vr-am-zuerich-filmfestival\/#respond"]}]},{"@type":"WebPage","@id":"https:\/\/vr-room.ch\/fr\/2017\/10\/06\/vr-am-zuerich-filmfestival\/","url":"https:\/\/vr-room.ch\/fr\/2017\/10\/06\/vr-am-zuerich-filmfestival\/","name":"VR am Z\u00fcrich Filmfestival - Schweizer Virtual Reality News","isPartOf":{"@id":"http:\/\/vr-room.ch\/en\/#website"},"primaryImageOfPage":{"@id":"https:\/\/vr-room.ch\/fr\/2017\/10\/06\/vr-am-zuerich-filmfestival\/#primaryimage"},"image":{"@id":"https:\/\/vr-room.ch\/fr\/2017\/10\/06\/vr-am-zuerich-filmfestival\/#primaryimage"},"thumbnailUrl":"https:\/\/vr-room.ch\/wp-content\/uploads\/2017\/10\/film-festival-zurich.jpg","datePublished":"2017-10-06T06:25:40+00:00","author":{"@id":"http:\/\/vr-room.ch\/en\/#\/schema\/person\/1a03b3a6ced429fb4831f60fa2b37599"},"breadcrumb":{"@id":"https:\/\/vr-room.ch\/fr\/2017\/10\/06\/vr-am-zuerich-filmfestival\/#breadcrumb"},"inLanguage":"en-GB","potentialAction":[{"@type":"ReadAction","target":["https:\/\/vr-room.ch\/fr\/2017\/10\/06\/vr-am-zuerich-filmfestival\/"]}]},{"@type":"ImageObject","inLanguage":"en-GB","@id":"https:\/\/vr-room.ch\/fr\/2017\/10\/06\/vr-am-zuerich-filmfestival\/#primaryimage","url":"https:\/\/vr-room.ch\/wp-content\/uploads\/2017\/10\/film-festival-zurich.jpg","contentUrl":"https:\/\/vr-room.ch\/wp-content\/uploads\/2017\/10\/film-festival-zurich.jpg","width":1000,"height":415},{"@type":"BreadcrumbList","@id":"https:\/\/vr-room.ch\/fr\/2017\/10\/06\/vr-am-zuerich-filmfestival\/#breadcrumb","itemListElement":[{"@type":"ListItem","position":1,"name":"Startseite","item":"http:\/\/vr-room.ch\/en\/"},{"@type":"ListItem","position":2,"name":"VR am Z\u00fcrich Filmfestival"}]},{"@type":"WebSite","@id":"http:\/\/vr-room.ch\/en\/#website","url":"http:\/\/vr-room.ch\/en\/","name":"Swiss Virtual Reality News","description":"","potentialAction":[{"@type":"SearchAction","target":{"@type":"EntryPoint","urlTemplate":"http:\/\/vr-room.ch\/en\/?s={search_term_string}"},"query-input":{"@type":"PropertyValueSpecification","valueRequired":true,"valueName":"search_term_string"}}],"inLanguage":"en-GB"},{"@type":"Person","@id":"http:\/\/vr-room.ch\/en\/#\/schema\/person\/1a03b3a6ced429fb4831f60fa2b37599","name":"Nathalie","image":{"@type":"ImageObject","inLanguage":"en-GB","@id":"https:\/\/vr-room.ch\/wp-content\/uploads\/2017\/01\/avatar_user_12_1484159890-96x96.jpg","url":"https:\/\/vr-room.ch\/wp-content\/uploads\/2017\/01\/avatar_user_12_1484159890-96x96.jpg","contentUrl":"https:\/\/vr-room.ch\/wp-content\/uploads\/2017\/01\/avatar_user_12_1484159890-96x96.jpg","caption":"Nathalie"},"url":"https:\/\/vr-room.ch\/en\/author\/nathalie\/"}]}},"_links":{"self":[{"href":"https:\/\/vr-room.ch\/en\/wp-json\/wp\/v2\/posts\/7805","targetHints":{"allow":["GET"]}}],"collection":[{"href":"https:\/\/vr-room.ch\/en\/wp-json\/wp\/v2\/posts"}],"about":[{"href":"https:\/\/vr-room.ch\/en\/wp-json\/wp\/v2\/types\/post"}],"author":[{"embeddable":true,"href":"https:\/\/vr-room.ch\/en\/wp-json\/wp\/v2\/users\/12"}],"replies":[{"embeddable":true,"href":"https:\/\/vr-room.ch\/en\/wp-json\/wp\/v2\/comments?post=7805"}],"version-history":[{"count":0,"href":"https:\/\/vr-room.ch\/en\/wp-json\/wp\/v2\/posts\/7805\/revisions"}],"wp:featuredmedia":[{"embeddable":true,"href":"https:\/\/vr-room.ch\/en\/wp-json\/wp\/v2\/media\/7806"}],"wp:attachment":[{"href":"https:\/\/vr-room.ch\/en\/wp-json\/wp\/v2\/media?parent=7805"}],"wp:term":[{"taxonomy":"category","embeddable":true,"href":"https:\/\/vr-room.ch\/en\/wp-json\/wp\/v2\/categories?post=7805"},{"taxonomy":"post_tag","embeddable":true,"href":"https:\/\/vr-room.ch\/en\/wp-json\/wp\/v2\/tags?post=7805"}],"curies":[{"name":"wp","href":"https:\/\/api.w.org\/{rel}","templated":true}]}}