{"id":17161,"date":"2020-06-18T08:33:48","date_gmt":"2020-06-18T08:33:48","guid":{"rendered":"https:\/\/vr-room.ch\/?p=17161"},"modified":"2020-06-18T08:33:48","modified_gmt":"2020-06-18T08:33:48","slug":"photo-basel-findet-virtuell-statt","status":"publish","type":"post","link":"https:\/\/vr-room.ch\/en\/2020\/06\/18\/photo-basel-findet-virtuell-statt\/","title":{"rendered":"\"photo basel\" takes place virtually"},"content":{"rendered":"<h3 id=\"eigentlich-waere-fuer-diese-woche-die-eroeffnung-der-photo-basel-geplant-gewesen-und-dies-bereits-zum-sechsten-mal-aber-die-corona-pandemie-hat-alles-durch-einander-gebracht-jetzt-haben\">The opening of \"photo basel\" was actually planned for this week, and for the sixth time already. But the coronavirus pandemic has disrupted everything. The organisers have now decided to hold a virtual edition of this important Swiss photo fair, with all the galleries and their artists originally taking part from yesterday, Wednesday 17 to Sunday 21 June 2020.<!--more--><\/h3>\n<p>From now on, you will never again have to wonder how a particular artwork will look in your home, office or collection - with a few clicks, you get the ultimate tool to experience the power of technology and instantly \"beam\" any artwork to any room of your choice, according to the Photo Basel website. As they are unable to hold the originally planned exhibition due to Corona, the 6th edition will now take place virtually.<\/p>\n<p>Augmented reality is used to experience this 3D pleasure at home on any wall or computer screen. All that is needed is a marker that <a class=\"external-link\" href=\"https:\/\/static1.squarespace.com\/static\/578356cd6b8f5b118a36a6d0\/t\/5ed75879a26cef66a9d8a8bd\/1591171194032\/marker.pdf\" target=\"_blank\" rel=\"noopener noreferrer\">downloaded here<\/a>\u00a0and can be printed out, as well as the free\u00a0<a class=\"external-link\" href=\"https:\/\/apps.apple.com\/us\/app\/kuio\/id716659745\" target=\"_blank\" rel=\"noopener noreferrer\">Kuio app on the iphone<\/a>. Then enter the name of the desired gallery, whose images are stored in the virtual state, and the virtual tour begins. To illustrate all this, there is a clip on YouTube:<\/p>\n<p><iframe loading=\"lazy\" title=\"photo basel - virtual edition - Augmented Reality\" width=\"1200\" height=\"675\" src=\"https:\/\/www.youtube.com\/embed\/c_g2h8COwTQ?feature=oembed\" frameborder=\"0\" allow=\"accelerometer; autoplay; clipboard-write; encrypted-media; gyroscope; picture-in-picture\" allowfullscreen><\/iframe><\/p>\n<p>A total of 38 selected galleries will be on display, featuring more than 850 works of art. You can search for both the galleries and the artists in the menu, or - and this is a novelty - you can take a virtual stroll through the entire fair. Each gallery stand also provides information on the exhibited works, such as size, editions and price, and you can enter into a direct dialogue with the gallery.<\/p>\n<p>There will also be a light programme with artist and curator talks, as well as two special virtual exhibitions on the theme of vintage prints and young up-and-coming talent (rookies).<\/p>\n<p>An overview of the exhibiting galleries and further information can be found on the corresponding website: <a class=\"external-link\" href=\"http:\/\/de.photo-basel.com\/\" target=\"_blank\" rel=\"noopener noreferrer\">http:\/\/de.photo-basel.com\/<\/a><\/p>\n<p>It is also great that numerous sponsors for the virtual edition are obviously still involved.<\/p>\n<p>Source: fotointern \/ Photo Basel \/ Youtube<\/p>","protected":false},"excerpt":{"rendered":"Actually, the opening of \"photo basel\" was planned for this week, and already for the sixth time....","protected":false},"author":12,"featured_media":17162,"comment_status":"open","ping_status":"open","sticky":false,"template":"","format":"standard","meta":{"footnotes":""},"categories":[68],"tags":[],"class_list":{"0":"post-17161","1":"post","2":"type-post","3":"status-publish","4":"format-standard","5":"has-post-thumbnail","7":"category-virtual-reality-schweiz","8":"cs-entry","9":"cs-video-wrap"},"yoast_head":"<!-- This site is optimized with the Yoast SEO plugin v27.4 - https:\/\/yoast.com\/product\/yoast-seo-wordpress\/ -->\n<title>\u00abphoto basel\u00bb findet virtuell statt - Schweizer Virtual Reality News<\/title>\n<meta name=\"robots\" content=\"index, follow, max-snippet:-1, max-image-preview:large, max-video-preview:-1\" \/>\n<link rel=\"canonical\" href=\"http:\/\/vr-room.ch\/en\/2020\/06\/18\/photo-basel-findet-virtuell-statt\/\" \/>\n<meta property=\"og:locale\" content=\"en_GB\" \/>\n<meta property=\"og:type\" content=\"article\" \/>\n<meta property=\"og:title\" content=\"\u00abphoto basel\u00bb findet virtuell statt - Schweizer Virtual Reality News\" \/>\n<meta property=\"og:description\" content=\"Eigentlich w\u00e4re f\u00fcr diese Woche die Er\u00f6ffnung der \u00abphoto basel\u00bb geplant gewesen, und dies bereits zum sechsten Mal.&hellip;\" \/>\n<meta property=\"og:url\" content=\"http:\/\/vr-room.ch\/en\/2020\/06\/18\/photo-basel-findet-virtuell-statt\/\" \/>\n<meta property=\"og:site_name\" content=\"Schweizer Virtual Reality News\" \/>\n<meta property=\"article:published_time\" content=\"2020-06-18T08:33:48+00:00\" \/>\n<meta property=\"og:image\" content=\"https:\/\/vr-room.ch\/wp-content\/uploads\/2020\/06\/Photo-Basel-viruell-1600.jpg\" \/>\n\t<meta property=\"og:image:width\" content=\"1600\" \/>\n\t<meta property=\"og:image:height\" content=\"590\" \/>\n\t<meta property=\"og:image:type\" content=\"image\/jpeg\" \/>\n<meta name=\"author\" content=\"Nathalie\" \/>\n<meta name=\"twitter:card\" content=\"summary_large_image\" \/>\n<meta name=\"twitter:label1\" content=\"Written by\" \/>\n\t<meta name=\"twitter:data1\" content=\"Nathalie\" \/>\n\t<meta name=\"twitter:label2\" content=\"Estimated reading time\" \/>\n\t<meta name=\"twitter:data2\" content=\"2 minutes\" \/>\n<script type=\"application\/ld+json\" class=\"yoast-schema-graph\">{\"@context\":\"https:\\\/\\\/schema.org\",\"@graph\":[{\"@type\":\"Article\",\"@id\":\"http:\\\/\\\/vr-room.ch\\\/fr\\\/2020\\\/06\\\/18\\\/photo-basel-findet-virtuell-statt\\\/#article\",\"isPartOf\":{\"@id\":\"http:\\\/\\\/vr-room.ch\\\/fr\\\/2020\\\/06\\\/18\\\/photo-basel-findet-virtuell-statt\\\/\"},\"author\":{\"name\":\"Nathalie\",\"@id\":\"http:\\\/\\\/vr-room.ch\\\/en\\\/#\\\/schema\\\/person\\\/1a03b3a6ced429fb4831f60fa2b37599\"},\"headline\":\"\u00abphoto basel\u00bb findet virtuell statt\",\"datePublished\":\"2020-06-18T08:33:48+00:00\",\"mainEntityOfPage\":{\"@id\":\"http:\\\/\\\/vr-room.ch\\\/fr\\\/2020\\\/06\\\/18\\\/photo-basel-findet-virtuell-statt\\\/\"},\"wordCount\":372,\"commentCount\":0,\"image\":{\"@id\":\"http:\\\/\\\/vr-room.ch\\\/fr\\\/2020\\\/06\\\/18\\\/photo-basel-findet-virtuell-statt\\\/#primaryimage\"},\"thumbnailUrl\":\"https:\\\/\\\/vr-room.ch\\\/wp-content\\\/uploads\\\/2020\\\/06\\\/Photo-Basel-viruell-1600.jpg\",\"articleSection\":[\"Schweiz\"],\"inLanguage\":\"en-GB\",\"potentialAction\":[{\"@type\":\"CommentAction\",\"name\":\"Comment\",\"target\":[\"http:\\\/\\\/vr-room.ch\\\/fr\\\/2020\\\/06\\\/18\\\/photo-basel-findet-virtuell-statt\\\/#respond\"]}]},{\"@type\":\"WebPage\",\"@id\":\"http:\\\/\\\/vr-room.ch\\\/fr\\\/2020\\\/06\\\/18\\\/photo-basel-findet-virtuell-statt\\\/\",\"url\":\"http:\\\/\\\/vr-room.ch\\\/fr\\\/2020\\\/06\\\/18\\\/photo-basel-findet-virtuell-statt\\\/\",\"name\":\"\u00abphoto basel\u00bb findet virtuell statt - Schweizer Virtual Reality News\",\"isPartOf\":{\"@id\":\"http:\\\/\\\/vr-room.ch\\\/en\\\/#website\"},\"primaryImageOfPage\":{\"@id\":\"http:\\\/\\\/vr-room.ch\\\/fr\\\/2020\\\/06\\\/18\\\/photo-basel-findet-virtuell-statt\\\/#primaryimage\"},\"image\":{\"@id\":\"http:\\\/\\\/vr-room.ch\\\/fr\\\/2020\\\/06\\\/18\\\/photo-basel-findet-virtuell-statt\\\/#primaryimage\"},\"thumbnailUrl\":\"https:\\\/\\\/vr-room.ch\\\/wp-content\\\/uploads\\\/2020\\\/06\\\/Photo-Basel-viruell-1600.jpg\",\"datePublished\":\"2020-06-18T08:33:48+00:00\",\"author\":{\"@id\":\"http:\\\/\\\/vr-room.ch\\\/en\\\/#\\\/schema\\\/person\\\/1a03b3a6ced429fb4831f60fa2b37599\"},\"breadcrumb\":{\"@id\":\"http:\\\/\\\/vr-room.ch\\\/fr\\\/2020\\\/06\\\/18\\\/photo-basel-findet-virtuell-statt\\\/#breadcrumb\"},\"inLanguage\":\"en-GB\",\"potentialAction\":[{\"@type\":\"ReadAction\",\"target\":[\"http:\\\/\\\/vr-room.ch\\\/fr\\\/2020\\\/06\\\/18\\\/photo-basel-findet-virtuell-statt\\\/\"]}]},{\"@type\":\"ImageObject\",\"inLanguage\":\"en-GB\",\"@id\":\"http:\\\/\\\/vr-room.ch\\\/fr\\\/2020\\\/06\\\/18\\\/photo-basel-findet-virtuell-statt\\\/#primaryimage\",\"url\":\"https:\\\/\\\/vr-room.ch\\\/wp-content\\\/uploads\\\/2020\\\/06\\\/Photo-Basel-viruell-1600.jpg\",\"contentUrl\":\"https:\\\/\\\/vr-room.ch\\\/wp-content\\\/uploads\\\/2020\\\/06\\\/Photo-Basel-viruell-1600.jpg\",\"width\":1600,\"height\":590,\"caption\":\"Photo Basel\"},{\"@type\":\"BreadcrumbList\",\"@id\":\"http:\\\/\\\/vr-room.ch\\\/fr\\\/2020\\\/06\\\/18\\\/photo-basel-findet-virtuell-statt\\\/#breadcrumb\",\"itemListElement\":[{\"@type\":\"ListItem\",\"position\":1,\"name\":\"Startseite\",\"item\":\"http:\\\/\\\/vr-room.ch\\\/en\\\/\"},{\"@type\":\"ListItem\",\"position\":2,\"name\":\"\u00abphoto basel\u00bb findet virtuell statt\"}]},{\"@type\":\"WebSite\",\"@id\":\"http:\\\/\\\/vr-room.ch\\\/en\\\/#website\",\"url\":\"http:\\\/\\\/vr-room.ch\\\/en\\\/\",\"name\":\"Schweizer Virtual Reality News\",\"description\":\"\",\"potentialAction\":[{\"@type\":\"SearchAction\",\"target\":{\"@type\":\"EntryPoint\",\"urlTemplate\":\"http:\\\/\\\/vr-room.ch\\\/en\\\/?s={search_term_string}\"},\"query-input\":{\"@type\":\"PropertyValueSpecification\",\"valueRequired\":true,\"valueName\":\"search_term_string\"}}],\"inLanguage\":\"en-GB\"},{\"@type\":\"Person\",\"@id\":\"http:\\\/\\\/vr-room.ch\\\/en\\\/#\\\/schema\\\/person\\\/1a03b3a6ced429fb4831f60fa2b37599\",\"name\":\"Nathalie\",\"image\":{\"@type\":\"ImageObject\",\"inLanguage\":\"en-GB\",\"@id\":\"https:\\\/\\\/vr-room.ch\\\/wp-content\\\/uploads\\\/2017\\\/01\\\/avatar_user_12_1484159890-96x96.jpg\",\"url\":\"https:\\\/\\\/vr-room.ch\\\/wp-content\\\/uploads\\\/2017\\\/01\\\/avatar_user_12_1484159890-96x96.jpg\",\"contentUrl\":\"https:\\\/\\\/vr-room.ch\\\/wp-content\\\/uploads\\\/2017\\\/01\\\/avatar_user_12_1484159890-96x96.jpg\",\"caption\":\"Nathalie\"},\"url\":\"https:\\\/\\\/vr-room.ch\\\/en\\\/author\\\/nathalie\\\/\"}]}<\/script>\n<!-- \/ Yoast SEO plugin. -->","yoast_head_json":{"title":"\u00abphoto basel\u00bb findet virtuell statt - Schweizer Virtual Reality News","robots":{"index":"index","follow":"follow","max-snippet":"max-snippet:-1","max-image-preview":"max-image-preview:large","max-video-preview":"max-video-preview:-1"},"canonical":"http:\/\/vr-room.ch\/en\/2020\/06\/18\/photo-basel-findet-virtuell-statt\/","og_locale":"en_GB","og_type":"article","og_title":"\u00abphoto basel\u00bb findet virtuell statt - Schweizer Virtual Reality News","og_description":"Eigentlich w\u00e4re f\u00fcr diese Woche die Er\u00f6ffnung der \u00abphoto basel\u00bb geplant gewesen, und dies bereits zum sechsten Mal.&hellip;","og_url":"http:\/\/vr-room.ch\/en\/2020\/06\/18\/photo-basel-findet-virtuell-statt\/","og_site_name":"Schweizer Virtual Reality News","article_published_time":"2020-06-18T08:33:48+00:00","og_image":[{"width":1600,"height":590,"url":"https:\/\/vr-room.ch\/wp-content\/uploads\/2020\/06\/Photo-Basel-viruell-1600.jpg","type":"image\/jpeg"}],"author":"Nathalie","twitter_card":"summary_large_image","twitter_misc":{"Written by":"Nathalie","Estimated reading time":"2 minutes"},"schema":{"@context":"https:\/\/schema.org","@graph":[{"@type":"Article","@id":"http:\/\/vr-room.ch\/fr\/2020\/06\/18\/photo-basel-findet-virtuell-statt\/#article","isPartOf":{"@id":"http:\/\/vr-room.ch\/fr\/2020\/06\/18\/photo-basel-findet-virtuell-statt\/"},"author":{"name":"Nathalie","@id":"http:\/\/vr-room.ch\/en\/#\/schema\/person\/1a03b3a6ced429fb4831f60fa2b37599"},"headline":"\u00abphoto basel\u00bb findet virtuell statt","datePublished":"2020-06-18T08:33:48+00:00","mainEntityOfPage":{"@id":"http:\/\/vr-room.ch\/fr\/2020\/06\/18\/photo-basel-findet-virtuell-statt\/"},"wordCount":372,"commentCount":0,"image":{"@id":"http:\/\/vr-room.ch\/fr\/2020\/06\/18\/photo-basel-findet-virtuell-statt\/#primaryimage"},"thumbnailUrl":"https:\/\/vr-room.ch\/wp-content\/uploads\/2020\/06\/Photo-Basel-viruell-1600.jpg","articleSection":["Schweiz"],"inLanguage":"en-GB","potentialAction":[{"@type":"CommentAction","name":"Comment","target":["http:\/\/vr-room.ch\/fr\/2020\/06\/18\/photo-basel-findet-virtuell-statt\/#respond"]}]},{"@type":"WebPage","@id":"http:\/\/vr-room.ch\/fr\/2020\/06\/18\/photo-basel-findet-virtuell-statt\/","url":"http:\/\/vr-room.ch\/fr\/2020\/06\/18\/photo-basel-findet-virtuell-statt\/","name":"\u00abphoto basel\u00bb findet virtuell statt - Schweizer Virtual Reality News","isPartOf":{"@id":"http:\/\/vr-room.ch\/en\/#website"},"primaryImageOfPage":{"@id":"http:\/\/vr-room.ch\/fr\/2020\/06\/18\/photo-basel-findet-virtuell-statt\/#primaryimage"},"image":{"@id":"http:\/\/vr-room.ch\/fr\/2020\/06\/18\/photo-basel-findet-virtuell-statt\/#primaryimage"},"thumbnailUrl":"https:\/\/vr-room.ch\/wp-content\/uploads\/2020\/06\/Photo-Basel-viruell-1600.jpg","datePublished":"2020-06-18T08:33:48+00:00","author":{"@id":"http:\/\/vr-room.ch\/en\/#\/schema\/person\/1a03b3a6ced429fb4831f60fa2b37599"},"breadcrumb":{"@id":"http:\/\/vr-room.ch\/fr\/2020\/06\/18\/photo-basel-findet-virtuell-statt\/#breadcrumb"},"inLanguage":"en-GB","potentialAction":[{"@type":"ReadAction","target":["http:\/\/vr-room.ch\/fr\/2020\/06\/18\/photo-basel-findet-virtuell-statt\/"]}]},{"@type":"ImageObject","inLanguage":"en-GB","@id":"http:\/\/vr-room.ch\/fr\/2020\/06\/18\/photo-basel-findet-virtuell-statt\/#primaryimage","url":"https:\/\/vr-room.ch\/wp-content\/uploads\/2020\/06\/Photo-Basel-viruell-1600.jpg","contentUrl":"https:\/\/vr-room.ch\/wp-content\/uploads\/2020\/06\/Photo-Basel-viruell-1600.jpg","width":1600,"height":590,"caption":"Photo Basel"},{"@type":"BreadcrumbList","@id":"http:\/\/vr-room.ch\/fr\/2020\/06\/18\/photo-basel-findet-virtuell-statt\/#breadcrumb","itemListElement":[{"@type":"ListItem","position":1,"name":"Startseite","item":"http:\/\/vr-room.ch\/en\/"},{"@type":"ListItem","position":2,"name":"\u00abphoto basel\u00bb findet virtuell statt"}]},{"@type":"WebSite","@id":"http:\/\/vr-room.ch\/en\/#website","url":"http:\/\/vr-room.ch\/en\/","name":"Swiss Virtual Reality News","description":"","potentialAction":[{"@type":"SearchAction","target":{"@type":"EntryPoint","urlTemplate":"http:\/\/vr-room.ch\/en\/?s={search_term_string}"},"query-input":{"@type":"PropertyValueSpecification","valueRequired":true,"valueName":"search_term_string"}}],"inLanguage":"en-GB"},{"@type":"Person","@id":"http:\/\/vr-room.ch\/en\/#\/schema\/person\/1a03b3a6ced429fb4831f60fa2b37599","name":"Nathalie","image":{"@type":"ImageObject","inLanguage":"en-GB","@id":"https:\/\/vr-room.ch\/wp-content\/uploads\/2017\/01\/avatar_user_12_1484159890-96x96.jpg","url":"https:\/\/vr-room.ch\/wp-content\/uploads\/2017\/01\/avatar_user_12_1484159890-96x96.jpg","contentUrl":"https:\/\/vr-room.ch\/wp-content\/uploads\/2017\/01\/avatar_user_12_1484159890-96x96.jpg","caption":"Nathalie"},"url":"https:\/\/vr-room.ch\/en\/author\/nathalie\/"}]}},"_links":{"self":[{"href":"https:\/\/vr-room.ch\/en\/wp-json\/wp\/v2\/posts\/17161","targetHints":{"allow":["GET"]}}],"collection":[{"href":"https:\/\/vr-room.ch\/en\/wp-json\/wp\/v2\/posts"}],"about":[{"href":"https:\/\/vr-room.ch\/en\/wp-json\/wp\/v2\/types\/post"}],"author":[{"embeddable":true,"href":"https:\/\/vr-room.ch\/en\/wp-json\/wp\/v2\/users\/12"}],"replies":[{"embeddable":true,"href":"https:\/\/vr-room.ch\/en\/wp-json\/wp\/v2\/comments?post=17161"}],"version-history":[{"count":0,"href":"https:\/\/vr-room.ch\/en\/wp-json\/wp\/v2\/posts\/17161\/revisions"}],"wp:featuredmedia":[{"embeddable":true,"href":"https:\/\/vr-room.ch\/en\/wp-json\/wp\/v2\/media\/17162"}],"wp:attachment":[{"href":"https:\/\/vr-room.ch\/en\/wp-json\/wp\/v2\/media?parent=17161"}],"wp:term":[{"taxonomy":"category","embeddable":true,"href":"https:\/\/vr-room.ch\/en\/wp-json\/wp\/v2\/categories?post=17161"},{"taxonomy":"post_tag","embeddable":true,"href":"https:\/\/vr-room.ch\/en\/wp-json\/wp\/v2\/tags?post=17161"}],"curies":[{"name":"wp","href":"https:\/\/api.w.org\/{rel}","templated":true}]}}