{"id":16980,"date":"2020-05-29T10:39:44","date_gmt":"2020-05-29T10:39:44","guid":{"rendered":"https:\/\/vr-room.ch\/?p=16980"},"modified":"2020-05-20T14:56:02","modified_gmt":"2020-05-20T14:56:02","slug":"weltklasse-galerie-hauser-wirth-auf-menorca-ein-virtueller-erster-blick","status":"publish","type":"post","link":"https:\/\/vr-room.ch\/en\/2020\/05\/29\/weltklasse-galerie-hauser-wirth-auf-menorca-ein-virtueller-erster-blick\/","title":{"rendered":"World-class Hauser Wirth Gallery on Menorca: a virtual first look"},"content":{"rendered":"<h3 id=\"der-galerie-ableger-hauser-wirth-auf-menorca-eroeffnet-nun-doch-erst-2021-als-vorgeschmack-auf-die-spektakulaeren-raeume-gibt-es-eine-vr-ausstellung-zu-entdecken\">The Hauser &amp; Wirth gallery branch on Menorca will not open until 2021 after all, and there is a VR exhibition to discover as a foretaste of the spectacular spaces.<\/h3>\n<p><!--more--><\/p>\n<div class=\"cuerpo_noticia\">\n<p>The location is truly royal: a new, exclusive gallery from Swiss gallery owners Iwan and Manuela Wirth is currently being built on the small island of Illa del Rei off the Menorcan capital of Ma\u00f3. The pair came third in the \"Power 100\" art ranking in 2019 and have been among the most influential personalities on the global art scene for years.<\/p>\n<p>\u201eHauser &amp; Wirth Menorca&#8220; ist nicht nur als kommerzielle Galerie gedacht. Die Vision lautet vielmehr, auf einer Fl\u00e4che von 1.500 Quadratmetern ein Kunstzentrum zu schaffen, mit acht Ausstellungsbereichen, Gartenanlagen mit einheimischen Pflanzen, einem Bildungsprogramm, einem Shop und einem Restaurant. Sowohl internationale Besucher als auch die lokale Bev\u00f6lkerung sollen von dem Angebot profitieren. Eigentlich h\u00e4tte die physische Er\u00f6ffnung bereits dieses Jahr stattfinden sollen, nun aber verz\u00f6gert sie sich bis 2021.<\/p>\n<h3 id=\"ein-erster-rundgang-durch-die-raeume-mit-vr\">A first tour of the rooms with VR<\/h3>\n<p>Die Kunstwerke sollen k\u00fcnftig in wechselnden Ausstellungen von April bis Oktober zu sehen sein, erg\u00e4nzt durch Leihgaben aus Museen, um die Kontextualisierung zu erleichtern. Doch schon jetzt l\u00e4sst sich ein Eindruck von der neuen Galerie erhaschen: Am 30. April er\u00f6ffnete Hauser &amp; Wirth die Virtual-Reality-Ausstellung \u201eBeside itself&#8220;. Sie versammelt textbasierte Arbeiten von einigen der wichtigsten K\u00fcnstler der Galerie: Louise Bourgeois, Mark Bradford, Charles Gaines, Ellen Gallagher, Jenny Holzer, Roni Horn, Luchita Hurtado, Mike Kelley, Glenn Ligon, Damon McCarthy, Paul McCarthy, Bruce Nauman, Lorna Simpson und Lawrence Weiner \u2013 eine Arbeit von Letzterem ist Titelgeber.<\/p>\n<p><a href=\"https:\/\/www.vip-hauserwirth.com\/hauser-wirth-menorca-in-vr\/\" rel=\"no-follow\">On the website<\/a> lassen sich unterdessen zwei der geplanten acht Galerien digital und interaktiv erkunden. Iwan Wirth erkl\u00e4rt dort, die urspr\u00fcnglichen Ziele dieser Visualisierung seien andere gewesen: Die Technologie diene prim\u00e4r dazu, den K\u00fcnstlern die R\u00e4ume zu verdeutlichen und erleichtere die Ausstellungsplanung, weil sich so unn\u00f6tige Reisen, Kosten und CO2-Emissionen vermeiden lassen. \u201eViele der besten Innovationen werden von der Not angetrieben&#8220;, so Wirth. Die Corona-Krise habe den Start des Projekts beschleunigt und ihm eine zus\u00e4tzliche Richtung gegeben. Denn nun k\u00f6nnen auch die Besucher von VR-Ausstellungen profitieren.<\/p>\n<p><img loading=\"lazy\" decoding=\"async\" class=\"alignnone wp-image-16981\" src=\"https:\/\/vr-room.ch\/wp-content\/uploads\/2020\/05\/hauserwirth-300x187.jpg\" alt=\"Weltklasse-Galerie Hauser &amp; Wirth auf Menorca: Ein virtueller erster Blick\" width=\"669\" height=\"417\" srcset=\"https:\/\/vr-room.ch\/wp-content\/uploads\/2020\/05\/hauserwirth-300x187.jpg 300w, https:\/\/vr-room.ch\/wp-content\/uploads\/2020\/05\/hauserwirth-539x337.jpg 539w, https:\/\/vr-room.ch\/wp-content\/uploads\/2020\/05\/hauserwirth-350x219.jpg 350w, https:\/\/vr-room.ch\/wp-content\/uploads\/2020\/05\/hauserwirth-254x159.jpg 254w, https:\/\/vr-room.ch\/wp-content\/uploads\/2020\/05\/hauserwirth-125x78.jpg 125w, https:\/\/vr-room.ch\/wp-content\/uploads\/2020\/05\/hauserwirth.jpg 690w\" sizes=\"auto, (max-width: 669px) 100vw, 669px\" \/><\/p>\n<h3 id=\"win-win-mit-wermutstropfen\">Win-win with a drop of bitterness<\/h3>\n<p>The technology used undoubtedly enables an impressive 3D experience: architectural details of the rooms, light and shadow conditions as well as the realistic reproduction of the artworks themselves bring out everything that is currently possible with VR. When you click and drag to turn and stroll through the virtual rooms, you have the art all to yourself, with no other visitors getting in the way or talking shop with your companion.<\/p>\n<p>Collectors can get an impression of the works and possibly make a purchase decision without having to be there next year. Art lovers who are looking forward to visiting the new centre can shorten their waiting time in this way. And those who are unable to travel to Menorca due to physical or financial restrictions after coronavirus will at least have virtual access to the exhibition.<\/p>\n<p>Eine Win-Win-Situation f\u00fcr die Galerie und das Publikum, k\u00f6nnte man meinen. Dass sie einen Wermutstropfen hat, wird sp\u00e4testens dann klar, wenn man versucht, Einzelheiten von Ellen Gallaghers Arbeit \u201eDeLuxe&#8220; zu erkennen \u2013 einem Gef\u00fcge aus 60 Drucken in den extravagantesten Techniken, etwa die Gravur mit T\u00e4towiermaschinen.<\/p>\n<h3 id=\"fehlt-noch-das-herz\">The heart is still missing<\/h3>\n<p>Und so wie auf dem Bild das Herz fehlt, vermisst man es auch in einer VR-Ausstellung: Sie l\u00e4sst kein N\u00e4herkommen, kein visuelles Nachforschen zu und bietet eine Kunsterfahrung, der die direkte Begegnung mit dem Original fehlt. Im Fall von \u201eHauser &amp; Wirth Menorca&#8220; kommt hinzu, dass es sich um einen aussergew\u00f6hnlichen Ort handelt, der ein wichtiges Element der Gesamterfahrung darstellt. Ein Grund mehr, das Kunstzentrum in Zukunft zu besuchen, um der virtuellen Realit\u00e4t die echte folgen zu lassen.<\/p>\n<p>Source: mallorcazeitung<\/p>\n<\/div>\n<p>&nbsp;<\/p>\n<p>&nbsp;<\/p>\n<p>&nbsp;<\/p>\n<p>&nbsp;<\/p>","protected":false},"excerpt":{"rendered":"The Hauser &amp; Wirth gallery branch on Menorca will not open until 2021 after all. As a foretaste of the spectacular rooms...","protected":false},"author":12,"featured_media":16984,"comment_status":"open","ping_status":"open","sticky":false,"template":"","format":"standard","meta":{"footnotes":""},"categories":[3,68],"tags":[],"class_list":{"0":"post-16980","1":"post","2":"type-post","3":"status-publish","4":"format-standard","5":"has-post-thumbnail","7":"category-virtual-reality-kunst","8":"category-virtual-reality-schweiz","9":"cs-entry","10":"cs-video-wrap"},"yoast_head":"<!-- This site is optimized with the Yoast SEO plugin v27.4 - https:\/\/yoast.com\/product\/yoast-seo-wordpress\/ -->\n<title>Weltklasse-Galerie Hauser Wirth auf Menorca: Ein virtueller erster Blick - Schweizer Virtual Reality News<\/title>\n<meta name=\"robots\" content=\"index, follow, max-snippet:-1, max-image-preview:large, max-video-preview:-1\" \/>\n<link rel=\"canonical\" href=\"https:\/\/vr-room.ch\/en\/2020\/05\/29\/weltklasse-galerie-hauser-wirth-auf-menorca-ein-virtueller-erster-blick\/\" \/>\n<meta property=\"og:locale\" content=\"en_GB\" \/>\n<meta property=\"og:type\" content=\"article\" \/>\n<meta property=\"og:title\" content=\"Weltklasse-Galerie Hauser Wirth auf Menorca: Ein virtueller erster Blick - Schweizer Virtual Reality News\" \/>\n<meta property=\"og:description\" content=\"Der Galerie-Ableger Hauser &amp; Wirth auf Menorca er\u00f6ffnet nun doch erst 2021. Als Vorgeschmack auf die spektakul\u00e4ren R\u00e4ume&hellip;\" \/>\n<meta property=\"og:url\" content=\"https:\/\/vr-room.ch\/en\/2020\/05\/29\/weltklasse-galerie-hauser-wirth-auf-menorca-ein-virtueller-erster-blick\/\" \/>\n<meta property=\"og:site_name\" content=\"Schweizer Virtual Reality News\" \/>\n<meta property=\"article:published_time\" content=\"2020-05-29T10:39:44+00:00\" \/>\n<meta property=\"og:image\" content=\"https:\/\/vr-room.ch\/wp-content\/uploads\/2020\/05\/Screenshot_2020-05-20-Hauser-Wirth-Menorca-in-VR-Hauser-Wirth.jpg\" \/>\n\t<meta property=\"og:image:width\" content=\"1747\" \/>\n\t<meta property=\"og:image:height\" content=\"749\" \/>\n\t<meta property=\"og:image:type\" content=\"image\/jpeg\" \/>\n<meta name=\"author\" content=\"Nathalie\" \/>\n<meta name=\"twitter:card\" content=\"summary_large_image\" \/>\n<meta name=\"twitter:label1\" content=\"Written by\" \/>\n\t<meta name=\"twitter:data1\" content=\"Nathalie\" \/>\n\t<meta name=\"twitter:label2\" content=\"Estimated reading time\" \/>\n\t<meta name=\"twitter:data2\" content=\"3 minutes\" \/>\n<script type=\"application\/ld+json\" class=\"yoast-schema-graph\">{\"@context\":\"https:\\\/\\\/schema.org\",\"@graph\":[{\"@type\":\"Article\",\"@id\":\"https:\\\/\\\/vr-room.ch\\\/2020\\\/05\\\/29\\\/weltklasse-galerie-hauser-wirth-auf-menorca-ein-virtueller-erster-blick\\\/#article\",\"isPartOf\":{\"@id\":\"https:\\\/\\\/vr-room.ch\\\/2020\\\/05\\\/29\\\/weltklasse-galerie-hauser-wirth-auf-menorca-ein-virtueller-erster-blick\\\/\"},\"author\":{\"name\":\"Nathalie\",\"@id\":\"http:\\\/\\\/vr-room.ch\\\/en\\\/#\\\/schema\\\/person\\\/1a03b3a6ced429fb4831f60fa2b37599\"},\"headline\":\"Weltklasse-Galerie Hauser Wirth auf Menorca: Ein virtueller erster Blick\",\"datePublished\":\"2020-05-29T10:39:44+00:00\",\"mainEntityOfPage\":{\"@id\":\"https:\\\/\\\/vr-room.ch\\\/2020\\\/05\\\/29\\\/weltklasse-galerie-hauser-wirth-auf-menorca-ein-virtueller-erster-blick\\\/\"},\"wordCount\":652,\"commentCount\":0,\"image\":{\"@id\":\"https:\\\/\\\/vr-room.ch\\\/2020\\\/05\\\/29\\\/weltklasse-galerie-hauser-wirth-auf-menorca-ein-virtueller-erster-blick\\\/#primaryimage\"},\"thumbnailUrl\":\"https:\\\/\\\/vr-room.ch\\\/wp-content\\\/uploads\\\/2020\\\/05\\\/Screenshot_2020-05-20-Hauser-Wirth-Menorca-in-VR-Hauser-Wirth.jpg\",\"articleSection\":[\"Kunst\",\"Schweiz\"],\"inLanguage\":\"en-GB\",\"potentialAction\":[{\"@type\":\"CommentAction\",\"name\":\"Comment\",\"target\":[\"https:\\\/\\\/vr-room.ch\\\/2020\\\/05\\\/29\\\/weltklasse-galerie-hauser-wirth-auf-menorca-ein-virtueller-erster-blick\\\/#respond\"]}]},{\"@type\":\"WebPage\",\"@id\":\"https:\\\/\\\/vr-room.ch\\\/2020\\\/05\\\/29\\\/weltklasse-galerie-hauser-wirth-auf-menorca-ein-virtueller-erster-blick\\\/\",\"url\":\"https:\\\/\\\/vr-room.ch\\\/2020\\\/05\\\/29\\\/weltklasse-galerie-hauser-wirth-auf-menorca-ein-virtueller-erster-blick\\\/\",\"name\":\"Weltklasse-Galerie Hauser Wirth auf Menorca: Ein virtueller erster Blick - Schweizer Virtual Reality News\",\"isPartOf\":{\"@id\":\"http:\\\/\\\/vr-room.ch\\\/en\\\/#website\"},\"primaryImageOfPage\":{\"@id\":\"https:\\\/\\\/vr-room.ch\\\/2020\\\/05\\\/29\\\/weltklasse-galerie-hauser-wirth-auf-menorca-ein-virtueller-erster-blick\\\/#primaryimage\"},\"image\":{\"@id\":\"https:\\\/\\\/vr-room.ch\\\/2020\\\/05\\\/29\\\/weltklasse-galerie-hauser-wirth-auf-menorca-ein-virtueller-erster-blick\\\/#primaryimage\"},\"thumbnailUrl\":\"https:\\\/\\\/vr-room.ch\\\/wp-content\\\/uploads\\\/2020\\\/05\\\/Screenshot_2020-05-20-Hauser-Wirth-Menorca-in-VR-Hauser-Wirth.jpg\",\"datePublished\":\"2020-05-29T10:39:44+00:00\",\"author\":{\"@id\":\"http:\\\/\\\/vr-room.ch\\\/en\\\/#\\\/schema\\\/person\\\/1a03b3a6ced429fb4831f60fa2b37599\"},\"breadcrumb\":{\"@id\":\"https:\\\/\\\/vr-room.ch\\\/2020\\\/05\\\/29\\\/weltklasse-galerie-hauser-wirth-auf-menorca-ein-virtueller-erster-blick\\\/#breadcrumb\"},\"inLanguage\":\"en-GB\",\"potentialAction\":[{\"@type\":\"ReadAction\",\"target\":[\"https:\\\/\\\/vr-room.ch\\\/2020\\\/05\\\/29\\\/weltklasse-galerie-hauser-wirth-auf-menorca-ein-virtueller-erster-blick\\\/\"]}]},{\"@type\":\"ImageObject\",\"inLanguage\":\"en-GB\",\"@id\":\"https:\\\/\\\/vr-room.ch\\\/2020\\\/05\\\/29\\\/weltklasse-galerie-hauser-wirth-auf-menorca-ein-virtueller-erster-blick\\\/#primaryimage\",\"url\":\"https:\\\/\\\/vr-room.ch\\\/wp-content\\\/uploads\\\/2020\\\/05\\\/Screenshot_2020-05-20-Hauser-Wirth-Menorca-in-VR-Hauser-Wirth.jpg\",\"contentUrl\":\"https:\\\/\\\/vr-room.ch\\\/wp-content\\\/uploads\\\/2020\\\/05\\\/Screenshot_2020-05-20-Hauser-Wirth-Menorca-in-VR-Hauser-Wirth.jpg\",\"width\":1747,\"height\":749,\"caption\":\"Virtual Reality Exhibition Hauser & Wirth Menorca\"},{\"@type\":\"BreadcrumbList\",\"@id\":\"https:\\\/\\\/vr-room.ch\\\/2020\\\/05\\\/29\\\/weltklasse-galerie-hauser-wirth-auf-menorca-ein-virtueller-erster-blick\\\/#breadcrumb\",\"itemListElement\":[{\"@type\":\"ListItem\",\"position\":1,\"name\":\"Startseite\",\"item\":\"http:\\\/\\\/vr-room.ch\\\/en\\\/\"},{\"@type\":\"ListItem\",\"position\":2,\"name\":\"Weltklasse-Galerie Hauser Wirth auf Menorca: Ein virtueller erster Blick\"}]},{\"@type\":\"WebSite\",\"@id\":\"http:\\\/\\\/vr-room.ch\\\/en\\\/#website\",\"url\":\"http:\\\/\\\/vr-room.ch\\\/en\\\/\",\"name\":\"Schweizer Virtual Reality News\",\"description\":\"\",\"potentialAction\":[{\"@type\":\"SearchAction\",\"target\":{\"@type\":\"EntryPoint\",\"urlTemplate\":\"http:\\\/\\\/vr-room.ch\\\/en\\\/?s={search_term_string}\"},\"query-input\":{\"@type\":\"PropertyValueSpecification\",\"valueRequired\":true,\"valueName\":\"search_term_string\"}}],\"inLanguage\":\"en-GB\"},{\"@type\":\"Person\",\"@id\":\"http:\\\/\\\/vr-room.ch\\\/en\\\/#\\\/schema\\\/person\\\/1a03b3a6ced429fb4831f60fa2b37599\",\"name\":\"Nathalie\",\"image\":{\"@type\":\"ImageObject\",\"inLanguage\":\"en-GB\",\"@id\":\"https:\\\/\\\/vr-room.ch\\\/wp-content\\\/uploads\\\/2017\\\/01\\\/avatar_user_12_1484159890-96x96.jpg\",\"url\":\"https:\\\/\\\/vr-room.ch\\\/wp-content\\\/uploads\\\/2017\\\/01\\\/avatar_user_12_1484159890-96x96.jpg\",\"contentUrl\":\"https:\\\/\\\/vr-room.ch\\\/wp-content\\\/uploads\\\/2017\\\/01\\\/avatar_user_12_1484159890-96x96.jpg\",\"caption\":\"Nathalie\"},\"url\":\"https:\\\/\\\/vr-room.ch\\\/en\\\/author\\\/nathalie\\\/\"}]}<\/script>\n<!-- \/ Yoast SEO plugin. -->","yoast_head_json":{"title":"Weltklasse-Galerie Hauser Wirth auf Menorca: Ein virtueller erster Blick - Schweizer Virtual Reality News","robots":{"index":"index","follow":"follow","max-snippet":"max-snippet:-1","max-image-preview":"max-image-preview:large","max-video-preview":"max-video-preview:-1"},"canonical":"https:\/\/vr-room.ch\/en\/2020\/05\/29\/weltklasse-galerie-hauser-wirth-auf-menorca-ein-virtueller-erster-blick\/","og_locale":"en_GB","og_type":"article","og_title":"Weltklasse-Galerie Hauser Wirth auf Menorca: Ein virtueller erster Blick - Schweizer Virtual Reality News","og_description":"Der Galerie-Ableger Hauser &amp; Wirth auf Menorca er\u00f6ffnet nun doch erst 2021. Als Vorgeschmack auf die spektakul\u00e4ren R\u00e4ume&hellip;","og_url":"https:\/\/vr-room.ch\/en\/2020\/05\/29\/weltklasse-galerie-hauser-wirth-auf-menorca-ein-virtueller-erster-blick\/","og_site_name":"Schweizer Virtual Reality News","article_published_time":"2020-05-29T10:39:44+00:00","og_image":[{"width":1747,"height":749,"url":"https:\/\/vr-room.ch\/wp-content\/uploads\/2020\/05\/Screenshot_2020-05-20-Hauser-Wirth-Menorca-in-VR-Hauser-Wirth.jpg","type":"image\/jpeg"}],"author":"Nathalie","twitter_card":"summary_large_image","twitter_misc":{"Written by":"Nathalie","Estimated reading time":"3 minutes"},"schema":{"@context":"https:\/\/schema.org","@graph":[{"@type":"Article","@id":"https:\/\/vr-room.ch\/2020\/05\/29\/weltklasse-galerie-hauser-wirth-auf-menorca-ein-virtueller-erster-blick\/#article","isPartOf":{"@id":"https:\/\/vr-room.ch\/2020\/05\/29\/weltklasse-galerie-hauser-wirth-auf-menorca-ein-virtueller-erster-blick\/"},"author":{"name":"Nathalie","@id":"http:\/\/vr-room.ch\/en\/#\/schema\/person\/1a03b3a6ced429fb4831f60fa2b37599"},"headline":"Weltklasse-Galerie Hauser Wirth auf Menorca: Ein virtueller erster Blick","datePublished":"2020-05-29T10:39:44+00:00","mainEntityOfPage":{"@id":"https:\/\/vr-room.ch\/2020\/05\/29\/weltklasse-galerie-hauser-wirth-auf-menorca-ein-virtueller-erster-blick\/"},"wordCount":652,"commentCount":0,"image":{"@id":"https:\/\/vr-room.ch\/2020\/05\/29\/weltklasse-galerie-hauser-wirth-auf-menorca-ein-virtueller-erster-blick\/#primaryimage"},"thumbnailUrl":"https:\/\/vr-room.ch\/wp-content\/uploads\/2020\/05\/Screenshot_2020-05-20-Hauser-Wirth-Menorca-in-VR-Hauser-Wirth.jpg","articleSection":["Kunst","Schweiz"],"inLanguage":"en-GB","potentialAction":[{"@type":"CommentAction","name":"Comment","target":["https:\/\/vr-room.ch\/2020\/05\/29\/weltklasse-galerie-hauser-wirth-auf-menorca-ein-virtueller-erster-blick\/#respond"]}]},{"@type":"WebPage","@id":"https:\/\/vr-room.ch\/2020\/05\/29\/weltklasse-galerie-hauser-wirth-auf-menorca-ein-virtueller-erster-blick\/","url":"https:\/\/vr-room.ch\/2020\/05\/29\/weltklasse-galerie-hauser-wirth-auf-menorca-ein-virtueller-erster-blick\/","name":"Weltklasse-Galerie Hauser Wirth auf Menorca: Ein virtueller erster Blick - Schweizer Virtual Reality News","isPartOf":{"@id":"http:\/\/vr-room.ch\/en\/#website"},"primaryImageOfPage":{"@id":"https:\/\/vr-room.ch\/2020\/05\/29\/weltklasse-galerie-hauser-wirth-auf-menorca-ein-virtueller-erster-blick\/#primaryimage"},"image":{"@id":"https:\/\/vr-room.ch\/2020\/05\/29\/weltklasse-galerie-hauser-wirth-auf-menorca-ein-virtueller-erster-blick\/#primaryimage"},"thumbnailUrl":"https:\/\/vr-room.ch\/wp-content\/uploads\/2020\/05\/Screenshot_2020-05-20-Hauser-Wirth-Menorca-in-VR-Hauser-Wirth.jpg","datePublished":"2020-05-29T10:39:44+00:00","author":{"@id":"http:\/\/vr-room.ch\/en\/#\/schema\/person\/1a03b3a6ced429fb4831f60fa2b37599"},"breadcrumb":{"@id":"https:\/\/vr-room.ch\/2020\/05\/29\/weltklasse-galerie-hauser-wirth-auf-menorca-ein-virtueller-erster-blick\/#breadcrumb"},"inLanguage":"en-GB","potentialAction":[{"@type":"ReadAction","target":["https:\/\/vr-room.ch\/2020\/05\/29\/weltklasse-galerie-hauser-wirth-auf-menorca-ein-virtueller-erster-blick\/"]}]},{"@type":"ImageObject","inLanguage":"en-GB","@id":"https:\/\/vr-room.ch\/2020\/05\/29\/weltklasse-galerie-hauser-wirth-auf-menorca-ein-virtueller-erster-blick\/#primaryimage","url":"https:\/\/vr-room.ch\/wp-content\/uploads\/2020\/05\/Screenshot_2020-05-20-Hauser-Wirth-Menorca-in-VR-Hauser-Wirth.jpg","contentUrl":"https:\/\/vr-room.ch\/wp-content\/uploads\/2020\/05\/Screenshot_2020-05-20-Hauser-Wirth-Menorca-in-VR-Hauser-Wirth.jpg","width":1747,"height":749,"caption":"Virtual Reality Exhibition Hauser & Wirth Menorca"},{"@type":"BreadcrumbList","@id":"https:\/\/vr-room.ch\/2020\/05\/29\/weltklasse-galerie-hauser-wirth-auf-menorca-ein-virtueller-erster-blick\/#breadcrumb","itemListElement":[{"@type":"ListItem","position":1,"name":"Startseite","item":"http:\/\/vr-room.ch\/en\/"},{"@type":"ListItem","position":2,"name":"Weltklasse-Galerie Hauser Wirth auf Menorca: Ein virtueller erster Blick"}]},{"@type":"WebSite","@id":"http:\/\/vr-room.ch\/en\/#website","url":"http:\/\/vr-room.ch\/en\/","name":"Swiss Virtual Reality News","description":"","potentialAction":[{"@type":"SearchAction","target":{"@type":"EntryPoint","urlTemplate":"http:\/\/vr-room.ch\/en\/?s={search_term_string}"},"query-input":{"@type":"PropertyValueSpecification","valueRequired":true,"valueName":"search_term_string"}}],"inLanguage":"en-GB"},{"@type":"Person","@id":"http:\/\/vr-room.ch\/en\/#\/schema\/person\/1a03b3a6ced429fb4831f60fa2b37599","name":"Nathalie","image":{"@type":"ImageObject","inLanguage":"en-GB","@id":"https:\/\/vr-room.ch\/wp-content\/uploads\/2017\/01\/avatar_user_12_1484159890-96x96.jpg","url":"https:\/\/vr-room.ch\/wp-content\/uploads\/2017\/01\/avatar_user_12_1484159890-96x96.jpg","contentUrl":"https:\/\/vr-room.ch\/wp-content\/uploads\/2017\/01\/avatar_user_12_1484159890-96x96.jpg","caption":"Nathalie"},"url":"https:\/\/vr-room.ch\/en\/author\/nathalie\/"}]}},"_links":{"self":[{"href":"https:\/\/vr-room.ch\/en\/wp-json\/wp\/v2\/posts\/16980","targetHints":{"allow":["GET"]}}],"collection":[{"href":"https:\/\/vr-room.ch\/en\/wp-json\/wp\/v2\/posts"}],"about":[{"href":"https:\/\/vr-room.ch\/en\/wp-json\/wp\/v2\/types\/post"}],"author":[{"embeddable":true,"href":"https:\/\/vr-room.ch\/en\/wp-json\/wp\/v2\/users\/12"}],"replies":[{"embeddable":true,"href":"https:\/\/vr-room.ch\/en\/wp-json\/wp\/v2\/comments?post=16980"}],"version-history":[{"count":0,"href":"https:\/\/vr-room.ch\/en\/wp-json\/wp\/v2\/posts\/16980\/revisions"}],"wp:featuredmedia":[{"embeddable":true,"href":"https:\/\/vr-room.ch\/en\/wp-json\/wp\/v2\/media\/16984"}],"wp:attachment":[{"href":"https:\/\/vr-room.ch\/en\/wp-json\/wp\/v2\/media?parent=16980"}],"wp:term":[{"taxonomy":"category","embeddable":true,"href":"https:\/\/vr-room.ch\/en\/wp-json\/wp\/v2\/categories?post=16980"},{"taxonomy":"post_tag","embeddable":true,"href":"https:\/\/vr-room.ch\/en\/wp-json\/wp\/v2\/tags?post=16980"}],"curies":[{"name":"wp","href":"https:\/\/api.w.org\/{rel}","templated":true}]}}