{"id":14783,"date":"2019-08-15T07:41:06","date_gmt":"2019-08-15T07:41:06","guid":{"rendered":"https:\/\/vr-room.ch\/?p=14783"},"modified":"2019-08-15T07:41:06","modified_gmt":"2019-08-15T07:41:06","slug":"alle-gruender-haben-oculus-verlassen","status":"publish","type":"post","link":"https:\/\/vr-room.ch\/en\/2019\/08\/15\/alle-gruender-haben-oculus-verlassen\/","title":{"rendered":"All founders have left Oculus"},"content":{"rendered":"<p>None of the six original founding members of <a href=\"https:\/\/en.wikipedia.org\/wiki\/Oculus_VR\">Oculus<\/a> is no longer employed by the virtual reality company. The last member to leave is Nate Mitchell. He was most recently Head of VR Product.<\/p>\n<p>Nate Mitchell said that he is taking some time off to travel, spend time with his family and recharge his batteries. He also mentioned that he plans to remain part of the Oculus community in some capacity. However, he will have a much smaller role in the future. Nate Mitchell was not more specific.<\/p>\n<p>Nate Mitchell glaubt, dass Facebook, das Oculus im Jahr 2014 f\u00fcr zwei Milliarden US-Dollar gekauft hat, die Fans weiterhin mit Virtual-Reality-Plattformen \u00fcberraschen und begeistern wird. &#8222;Ich kann es kaum erwarten zu sehen, was als n\u00e4chstes kommt,&#8220; so der Mann. Palmer Luckey hat Oculus bereits 2017 verlassen. In diesem Jahr ging ausserdem auch Michael Antonov (Mai 2019).<\/p>\n<p>Source: <a href=\"https:\/\/www.gamesindustry.biz\/articles\/2019-08-13-nate-mitchell-leaves-oculus\">GamesIndustry.biz<\/a><\/p>","protected":false},"excerpt":{"rendered":"None of the six original founding members of Oculus are still employed by the virtual reality company. The last member to leave was...","protected":false},"author":11,"featured_media":4702,"comment_status":"open","ping_status":"open","sticky":false,"template":"","format":"standard","meta":{"footnotes":""},"categories":[11],"tags":[],"class_list":{"0":"post-14783","1":"post","2":"type-post","3":"status-publish","4":"format-standard","5":"has-post-thumbnail","7":"category-virtual-reality-industrie","8":"cs-entry","9":"cs-video-wrap"},"yoast_head":"<!-- This site is optimized with the Yoast SEO plugin v27.4 - https:\/\/yoast.com\/product\/yoast-seo-wordpress\/ -->\n<title>Alle Gr\u00fcnder haben Oculus verlassen - Schweizer Virtual Reality News<\/title>\n<meta name=\"robots\" content=\"index, follow, max-snippet:-1, max-image-preview:large, max-video-preview:-1\" \/>\n<link rel=\"canonical\" href=\"http:\/\/vr-room.ch\/en\/2019\/08\/15\/alle-gruender-haben-oculus-verlassen\/\" \/>\n<meta property=\"og:locale\" content=\"en_GB\" \/>\n<meta property=\"og:type\" content=\"article\" \/>\n<meta property=\"og:title\" content=\"Alle Gr\u00fcnder haben Oculus verlassen - Schweizer Virtual Reality News\" \/>\n<meta property=\"og:description\" content=\"Keines der sechs urspr\u00fcnglichen Gr\u00fcndungsmitglieder von Oculus ist mehr im Virtual-Reality-Unternehmen angestellt. Das letzte Mitglied, das gegangen ist,&hellip;\" \/>\n<meta property=\"og:url\" content=\"http:\/\/vr-room.ch\/en\/2019\/08\/15\/alle-gruender-haben-oculus-verlassen\/\" \/>\n<meta property=\"og:site_name\" content=\"Schweizer Virtual Reality News\" \/>\n<meta property=\"article:published_time\" content=\"2019-08-15T07:41:06+00:00\" \/>\n<meta property=\"og:image\" content=\"https:\/\/vr-room.ch\/wp-content\/uploads\/2017\/03\/Oculus.jpg\" \/>\n\t<meta property=\"og:image:width\" content=\"1175\" \/>\n\t<meta property=\"og:image:height\" content=\"655\" \/>\n\t<meta property=\"og:image:type\" content=\"image\/jpeg\" \/>\n<meta name=\"author\" content=\"Michael\" \/>\n<meta name=\"twitter:card\" content=\"summary_large_image\" \/>\n<meta name=\"twitter:label1\" content=\"Written by\" \/>\n\t<meta name=\"twitter:data1\" content=\"Michael\" \/>\n\t<meta name=\"twitter:label2\" content=\"Estimated reading time\" \/>\n\t<meta name=\"twitter:data2\" content=\"1 minute\" \/>\n<script type=\"application\/ld+json\" class=\"yoast-schema-graph\">{\"@context\":\"https:\\\/\\\/schema.org\",\"@graph\":[{\"@type\":\"Article\",\"@id\":\"http:\\\/\\\/vr-room.ch\\\/it\\\/2019\\\/08\\\/15\\\/alle-gruender-haben-oculus-verlassen\\\/#article\",\"isPartOf\":{\"@id\":\"http:\\\/\\\/vr-room.ch\\\/it\\\/2019\\\/08\\\/15\\\/alle-gruender-haben-oculus-verlassen\\\/\"},\"author\":{\"name\":\"Michael\",\"@id\":\"http:\\\/\\\/vr-room.ch\\\/en\\\/#\\\/schema\\\/person\\\/4022b4e1fba06681ac263b25c0f1e3d2\"},\"headline\":\"Alle Gr\u00fcnder haben Oculus verlassen\",\"datePublished\":\"2019-08-15T07:41:06+00:00\",\"mainEntityOfPage\":{\"@id\":\"http:\\\/\\\/vr-room.ch\\\/it\\\/2019\\\/08\\\/15\\\/alle-gruender-haben-oculus-verlassen\\\/\"},\"wordCount\":150,\"commentCount\":0,\"image\":{\"@id\":\"http:\\\/\\\/vr-room.ch\\\/it\\\/2019\\\/08\\\/15\\\/alle-gruender-haben-oculus-verlassen\\\/#primaryimage\"},\"thumbnailUrl\":\"https:\\\/\\\/vr-room.ch\\\/wp-content\\\/uploads\\\/2017\\\/03\\\/Oculus.jpg\",\"articleSection\":[\"Industrie\"],\"inLanguage\":\"en-GB\",\"potentialAction\":[{\"@type\":\"CommentAction\",\"name\":\"Comment\",\"target\":[\"http:\\\/\\\/vr-room.ch\\\/it\\\/2019\\\/08\\\/15\\\/alle-gruender-haben-oculus-verlassen\\\/#respond\"]}]},{\"@type\":\"WebPage\",\"@id\":\"http:\\\/\\\/vr-room.ch\\\/it\\\/2019\\\/08\\\/15\\\/alle-gruender-haben-oculus-verlassen\\\/\",\"url\":\"http:\\\/\\\/vr-room.ch\\\/it\\\/2019\\\/08\\\/15\\\/alle-gruender-haben-oculus-verlassen\\\/\",\"name\":\"Alle Gr\u00fcnder haben Oculus verlassen - Schweizer Virtual Reality News\",\"isPartOf\":{\"@id\":\"http:\\\/\\\/vr-room.ch\\\/en\\\/#website\"},\"primaryImageOfPage\":{\"@id\":\"http:\\\/\\\/vr-room.ch\\\/it\\\/2019\\\/08\\\/15\\\/alle-gruender-haben-oculus-verlassen\\\/#primaryimage\"},\"image\":{\"@id\":\"http:\\\/\\\/vr-room.ch\\\/it\\\/2019\\\/08\\\/15\\\/alle-gruender-haben-oculus-verlassen\\\/#primaryimage\"},\"thumbnailUrl\":\"https:\\\/\\\/vr-room.ch\\\/wp-content\\\/uploads\\\/2017\\\/03\\\/Oculus.jpg\",\"datePublished\":\"2019-08-15T07:41:06+00:00\",\"author\":{\"@id\":\"http:\\\/\\\/vr-room.ch\\\/en\\\/#\\\/schema\\\/person\\\/4022b4e1fba06681ac263b25c0f1e3d2\"},\"breadcrumb\":{\"@id\":\"http:\\\/\\\/vr-room.ch\\\/it\\\/2019\\\/08\\\/15\\\/alle-gruender-haben-oculus-verlassen\\\/#breadcrumb\"},\"inLanguage\":\"en-GB\",\"potentialAction\":[{\"@type\":\"ReadAction\",\"target\":[\"http:\\\/\\\/vr-room.ch\\\/it\\\/2019\\\/08\\\/15\\\/alle-gruender-haben-oculus-verlassen\\\/\"]}]},{\"@type\":\"ImageObject\",\"inLanguage\":\"en-GB\",\"@id\":\"http:\\\/\\\/vr-room.ch\\\/it\\\/2019\\\/08\\\/15\\\/alle-gruender-haben-oculus-verlassen\\\/#primaryimage\",\"url\":\"https:\\\/\\\/vr-room.ch\\\/wp-content\\\/uploads\\\/2017\\\/03\\\/Oculus.jpg\",\"contentUrl\":\"https:\\\/\\\/vr-room.ch\\\/wp-content\\\/uploads\\\/2017\\\/03\\\/Oculus.jpg\",\"width\":1175,\"height\":655},{\"@type\":\"BreadcrumbList\",\"@id\":\"http:\\\/\\\/vr-room.ch\\\/it\\\/2019\\\/08\\\/15\\\/alle-gruender-haben-oculus-verlassen\\\/#breadcrumb\",\"itemListElement\":[{\"@type\":\"ListItem\",\"position\":1,\"name\":\"Startseite\",\"item\":\"http:\\\/\\\/vr-room.ch\\\/en\\\/\"},{\"@type\":\"ListItem\",\"position\":2,\"name\":\"Alle Gr\u00fcnder haben Oculus verlassen\"}]},{\"@type\":\"WebSite\",\"@id\":\"http:\\\/\\\/vr-room.ch\\\/en\\\/#website\",\"url\":\"http:\\\/\\\/vr-room.ch\\\/en\\\/\",\"name\":\"Schweizer Virtual Reality News\",\"description\":\"\",\"potentialAction\":[{\"@type\":\"SearchAction\",\"target\":{\"@type\":\"EntryPoint\",\"urlTemplate\":\"http:\\\/\\\/vr-room.ch\\\/en\\\/?s={search_term_string}\"},\"query-input\":{\"@type\":\"PropertyValueSpecification\",\"valueRequired\":true,\"valueName\":\"search_term_string\"}}],\"inLanguage\":\"en-GB\"},{\"@type\":\"Person\",\"@id\":\"http:\\\/\\\/vr-room.ch\\\/en\\\/#\\\/schema\\\/person\\\/4022b4e1fba06681ac263b25c0f1e3d2\",\"name\":\"Michael\",\"image\":{\"@type\":\"ImageObject\",\"inLanguage\":\"en-GB\",\"@id\":\"https:\\\/\\\/vr-room.ch\\\/wp-content\\\/uploads\\\/2019\\\/05\\\/avatar_user_11_1558711168-96x96.jpg\",\"url\":\"https:\\\/\\\/vr-room.ch\\\/wp-content\\\/uploads\\\/2019\\\/05\\\/avatar_user_11_1558711168-96x96.jpg\",\"contentUrl\":\"https:\\\/\\\/vr-room.ch\\\/wp-content\\\/uploads\\\/2019\\\/05\\\/avatar_user_11_1558711168-96x96.jpg\",\"caption\":\"Michael\"},\"url\":\"https:\\\/\\\/vr-room.ch\\\/en\\\/author\\\/michael\\\/\"}]}<\/script>\n<!-- \/ Yoast SEO plugin. -->","yoast_head_json":{"title":"Alle Gr\u00fcnder haben Oculus verlassen - Schweizer Virtual Reality News","robots":{"index":"index","follow":"follow","max-snippet":"max-snippet:-1","max-image-preview":"max-image-preview:large","max-video-preview":"max-video-preview:-1"},"canonical":"http:\/\/vr-room.ch\/en\/2019\/08\/15\/alle-gruender-haben-oculus-verlassen\/","og_locale":"en_GB","og_type":"article","og_title":"Alle Gr\u00fcnder haben Oculus verlassen - Schweizer Virtual Reality News","og_description":"Keines der sechs urspr\u00fcnglichen Gr\u00fcndungsmitglieder von Oculus ist mehr im Virtual-Reality-Unternehmen angestellt. Das letzte Mitglied, das gegangen ist,&hellip;","og_url":"http:\/\/vr-room.ch\/en\/2019\/08\/15\/alle-gruender-haben-oculus-verlassen\/","og_site_name":"Schweizer Virtual Reality News","article_published_time":"2019-08-15T07:41:06+00:00","og_image":[{"width":1175,"height":655,"url":"https:\/\/vr-room.ch\/wp-content\/uploads\/2017\/03\/Oculus.jpg","type":"image\/jpeg"}],"author":"Michael","twitter_card":"summary_large_image","twitter_misc":{"Written by":"Michael","Estimated reading time":"1 minute"},"schema":{"@context":"https:\/\/schema.org","@graph":[{"@type":"Article","@id":"http:\/\/vr-room.ch\/it\/2019\/08\/15\/alle-gruender-haben-oculus-verlassen\/#article","isPartOf":{"@id":"http:\/\/vr-room.ch\/it\/2019\/08\/15\/alle-gruender-haben-oculus-verlassen\/"},"author":{"name":"Michael","@id":"http:\/\/vr-room.ch\/en\/#\/schema\/person\/4022b4e1fba06681ac263b25c0f1e3d2"},"headline":"Alle Gr\u00fcnder haben Oculus verlassen","datePublished":"2019-08-15T07:41:06+00:00","mainEntityOfPage":{"@id":"http:\/\/vr-room.ch\/it\/2019\/08\/15\/alle-gruender-haben-oculus-verlassen\/"},"wordCount":150,"commentCount":0,"image":{"@id":"http:\/\/vr-room.ch\/it\/2019\/08\/15\/alle-gruender-haben-oculus-verlassen\/#primaryimage"},"thumbnailUrl":"https:\/\/vr-room.ch\/wp-content\/uploads\/2017\/03\/Oculus.jpg","articleSection":["Industrie"],"inLanguage":"en-GB","potentialAction":[{"@type":"CommentAction","name":"Comment","target":["http:\/\/vr-room.ch\/it\/2019\/08\/15\/alle-gruender-haben-oculus-verlassen\/#respond"]}]},{"@type":"WebPage","@id":"http:\/\/vr-room.ch\/it\/2019\/08\/15\/alle-gruender-haben-oculus-verlassen\/","url":"http:\/\/vr-room.ch\/it\/2019\/08\/15\/alle-gruender-haben-oculus-verlassen\/","name":"Alle Gr\u00fcnder haben Oculus verlassen - Schweizer Virtual Reality News","isPartOf":{"@id":"http:\/\/vr-room.ch\/en\/#website"},"primaryImageOfPage":{"@id":"http:\/\/vr-room.ch\/it\/2019\/08\/15\/alle-gruender-haben-oculus-verlassen\/#primaryimage"},"image":{"@id":"http:\/\/vr-room.ch\/it\/2019\/08\/15\/alle-gruender-haben-oculus-verlassen\/#primaryimage"},"thumbnailUrl":"https:\/\/vr-room.ch\/wp-content\/uploads\/2017\/03\/Oculus.jpg","datePublished":"2019-08-15T07:41:06+00:00","author":{"@id":"http:\/\/vr-room.ch\/en\/#\/schema\/person\/4022b4e1fba06681ac263b25c0f1e3d2"},"breadcrumb":{"@id":"http:\/\/vr-room.ch\/it\/2019\/08\/15\/alle-gruender-haben-oculus-verlassen\/#breadcrumb"},"inLanguage":"en-GB","potentialAction":[{"@type":"ReadAction","target":["http:\/\/vr-room.ch\/it\/2019\/08\/15\/alle-gruender-haben-oculus-verlassen\/"]}]},{"@type":"ImageObject","inLanguage":"en-GB","@id":"http:\/\/vr-room.ch\/it\/2019\/08\/15\/alle-gruender-haben-oculus-verlassen\/#primaryimage","url":"https:\/\/vr-room.ch\/wp-content\/uploads\/2017\/03\/Oculus.jpg","contentUrl":"https:\/\/vr-room.ch\/wp-content\/uploads\/2017\/03\/Oculus.jpg","width":1175,"height":655},{"@type":"BreadcrumbList","@id":"http:\/\/vr-room.ch\/it\/2019\/08\/15\/alle-gruender-haben-oculus-verlassen\/#breadcrumb","itemListElement":[{"@type":"ListItem","position":1,"name":"Startseite","item":"http:\/\/vr-room.ch\/en\/"},{"@type":"ListItem","position":2,"name":"Alle Gr\u00fcnder haben Oculus verlassen"}]},{"@type":"WebSite","@id":"http:\/\/vr-room.ch\/en\/#website","url":"http:\/\/vr-room.ch\/en\/","name":"Swiss Virtual Reality News","description":"","potentialAction":[{"@type":"SearchAction","target":{"@type":"EntryPoint","urlTemplate":"http:\/\/vr-room.ch\/en\/?s={search_term_string}"},"query-input":{"@type":"PropertyValueSpecification","valueRequired":true,"valueName":"search_term_string"}}],"inLanguage":"en-GB"},{"@type":"Person","@id":"http:\/\/vr-room.ch\/en\/#\/schema\/person\/4022b4e1fba06681ac263b25c0f1e3d2","name":"Michael","image":{"@type":"ImageObject","inLanguage":"en-GB","@id":"https:\/\/vr-room.ch\/wp-content\/uploads\/2019\/05\/avatar_user_11_1558711168-96x96.jpg","url":"https:\/\/vr-room.ch\/wp-content\/uploads\/2019\/05\/avatar_user_11_1558711168-96x96.jpg","contentUrl":"https:\/\/vr-room.ch\/wp-content\/uploads\/2019\/05\/avatar_user_11_1558711168-96x96.jpg","caption":"Michael"},"url":"https:\/\/vr-room.ch\/en\/author\/michael\/"}]}},"_links":{"self":[{"href":"https:\/\/vr-room.ch\/en\/wp-json\/wp\/v2\/posts\/14783","targetHints":{"allow":["GET"]}}],"collection":[{"href":"https:\/\/vr-room.ch\/en\/wp-json\/wp\/v2\/posts"}],"about":[{"href":"https:\/\/vr-room.ch\/en\/wp-json\/wp\/v2\/types\/post"}],"author":[{"embeddable":true,"href":"https:\/\/vr-room.ch\/en\/wp-json\/wp\/v2\/users\/11"}],"replies":[{"embeddable":true,"href":"https:\/\/vr-room.ch\/en\/wp-json\/wp\/v2\/comments?post=14783"}],"version-history":[{"count":0,"href":"https:\/\/vr-room.ch\/en\/wp-json\/wp\/v2\/posts\/14783\/revisions"}],"wp:featuredmedia":[{"embeddable":true,"href":"https:\/\/vr-room.ch\/en\/wp-json\/wp\/v2\/media\/4702"}],"wp:attachment":[{"href":"https:\/\/vr-room.ch\/en\/wp-json\/wp\/v2\/media?parent=14783"}],"wp:term":[{"taxonomy":"category","embeddable":true,"href":"https:\/\/vr-room.ch\/en\/wp-json\/wp\/v2\/categories?post=14783"},{"taxonomy":"post_tag","embeddable":true,"href":"https:\/\/vr-room.ch\/en\/wp-json\/wp\/v2\/tags?post=14783"}],"curies":[{"name":"wp","href":"https:\/\/api.w.org\/{rel}","templated":true}]}}