{"id":14773,"date":"2019-08-12T07:25:48","date_gmt":"2019-08-12T07:25:48","guid":{"rendered":"https:\/\/vr-room.ch\/?p=14773"},"modified":"2019-08-12T07:25:48","modified_gmt":"2019-08-12T07:25:48","slug":"ar-kunstausstellung-apple","status":"publish","type":"post","link":"https:\/\/vr-room.ch\/en\/2019\/08\/12\/ar-kunstausstellung-apple\/","title":{"rendered":"AR art exhibition from Apple"},"content":{"rendered":"<p>Apple veranstaltet eine interessante und vor allem kostenlose<a href=\"https:\/\/vr-room.ch\/virtual-reality-glossar\/#A\"> Augmented Reality<\/a>-Kunstausstellung namens &#8222;[AR]T&#8220;. Das passiert in den St\u00e4dten New York, San Francisco, London, Paris, Hong Kong und Tokio.<\/p>\n<p>K\u00fcnstler wie Nick Cave, Nathalie Djurberg, Hans Berg, Cao Fei, Carsten H\u00f6ller, Pipilotti Rist und John Giorno stellen f\u00fcr diesen Zweck ihre digitalen Kunstwerke zur Verf\u00fcgung. Diese sind dann in den jeweiligen St\u00e4dten und in Apple Stores verf\u00fcgbar. Alle Informationen findet man auf der <a href=\"https:\/\/www.apple.com\/today\/feature\/augmentedrealities\/\">offiziellen Seite<\/a> von Apple.<\/p>\n<p>Die AR-Kunsttour beginnt stets in einem Apple Store. Dort bekommen interessierte Personen ein iPhone und Kopfh\u00f6rer zur Verf\u00fcgung gestellt, denn man kann die Tour leider nicht mit dem eigenen iPhone erleben.<\/p>\n<p>In New York geht es beispielsweise in den Central Park. An ausgew\u00e4hlten Pl\u00e4tzen erlebt man dann verschiedene Kunstwerke auf dem Bildschirm des iPhones, die sich in die reale Umgebung einf\u00fcgen. So wird ein normaler Weg schnell zu einem Regenbogenpfad und einige der Kunstwerke sind sogar interaktiv.<\/p>\n<div style=\"width: 640px;\" class=\"wp-video\"><video class=\"wp-video-shortcode\" id=\"video-14773-1\" width=\"640\" height=\"360\" loop preload=\"metadata\" controls=\"controls\"><source type=\"video\/youtube\" src=\"https:\/\/www.youtube.com\/watch?v=_GHU5Gm9hd4&#038;_=1\" \/><a href=\"https:\/\/www.youtube.com\/watch?v=_GHU5Gm9hd4\">https:\/\/www.youtube.com\/watch?v=_GHU5Gm9hd4<\/a><\/video><\/div>\n<p>Quelle: Mixed<\/p>\n","protected":false},"excerpt":{"rendered":"Apple veranstaltet eine interessante und vor allem kostenlose Augmented Reality-Kunstausstellung namens &#8222;[AR]T&#8220;. Das passiert in den St\u00e4dten New&hellip;\n","protected":false},"author":11,"featured_media":14774,"comment_status":"open","ping_status":"open","sticky":false,"template":"","format":"standard","meta":{"footnotes":""},"categories":[3],"tags":[],"class_list":{"0":"post-14773","1":"post","2":"type-post","3":"status-publish","4":"format-standard","5":"has-post-thumbnail","7":"category-virtual-reality-kunst","8":"cs-entry","9":"cs-video-wrap"},"yoast_head":"<!-- This site is optimized with the Yoast SEO plugin v27.4 - https:\/\/yoast.com\/product\/yoast-seo-wordpress\/ -->\n<title>AR-Kunstausstellung von Apple - Schweizer Virtual Reality News<\/title>\n<meta name=\"robots\" content=\"index, follow, max-snippet:-1, max-image-preview:large, max-video-preview:-1\" \/>\n<link rel=\"canonical\" href=\"http:\/\/vr-room.ch\/en\/2019\/08\/12\/ar-kunstausstellung-apple\/\" \/>\n<meta property=\"og:locale\" content=\"en_GB\" \/>\n<meta property=\"og:type\" content=\"article\" \/>\n<meta property=\"og:title\" content=\"AR-Kunstausstellung von Apple - Schweizer Virtual Reality News\" \/>\n<meta property=\"og:description\" content=\"Apple veranstaltet eine interessante und vor allem kostenlose Augmented Reality-Kunstausstellung namens &#8222;[AR]T&#8220;. Das passiert in den St\u00e4dten New&hellip;\" \/>\n<meta property=\"og:url\" content=\"http:\/\/vr-room.ch\/en\/2019\/08\/12\/ar-kunstausstellung-apple\/\" \/>\n<meta property=\"og:site_name\" content=\"Schweizer Virtual Reality News\" \/>\n<meta property=\"article:published_time\" content=\"2019-08-12T07:25:48+00:00\" \/>\n<meta property=\"og:image\" content=\"https:\/\/vr-room.ch\/wp-content\/uploads\/2019\/08\/Apple-AR.png\" \/>\n\t<meta property=\"og:image:width\" content=\"980\" \/>\n\t<meta property=\"og:image:height\" content=\"551\" \/>\n\t<meta property=\"og:image:type\" content=\"image\/png\" \/>\n<meta name=\"author\" content=\"Michael\" \/>\n<meta name=\"twitter:card\" content=\"summary_large_image\" \/>\n<meta name=\"twitter:label1\" content=\"Written by\" \/>\n\t<meta name=\"twitter:data1\" content=\"Michael\" \/>\n\t<meta name=\"twitter:label2\" content=\"Estimated reading time\" \/>\n\t<meta name=\"twitter:data2\" content=\"1 minute\" \/>\n<script type=\"application\/ld+json\" class=\"yoast-schema-graph\">{\"@context\":\"https:\\\/\\\/schema.org\",\"@graph\":[{\"@type\":\"Article\",\"@id\":\"http:\\\/\\\/vr-room.ch\\\/fr\\\/2019\\\/08\\\/12\\\/ar-kunstausstellung-apple\\\/#article\",\"isPartOf\":{\"@id\":\"http:\\\/\\\/vr-room.ch\\\/fr\\\/2019\\\/08\\\/12\\\/ar-kunstausstellung-apple\\\/\"},\"author\":{\"name\":\"Michael\",\"@id\":\"http:\\\/\\\/vr-room.ch\\\/en\\\/#\\\/schema\\\/person\\\/4022b4e1fba06681ac263b25c0f1e3d2\"},\"headline\":\"AR-Kunstausstellung von Apple\",\"datePublished\":\"2019-08-12T07:25:48+00:00\",\"mainEntityOfPage\":{\"@id\":\"http:\\\/\\\/vr-room.ch\\\/fr\\\/2019\\\/08\\\/12\\\/ar-kunstausstellung-apple\\\/\"},\"wordCount\":185,\"commentCount\":0,\"image\":{\"@id\":\"http:\\\/\\\/vr-room.ch\\\/fr\\\/2019\\\/08\\\/12\\\/ar-kunstausstellung-apple\\\/#primaryimage\"},\"thumbnailUrl\":\"https:\\\/\\\/vr-room.ch\\\/wp-content\\\/uploads\\\/2019\\\/08\\\/Apple-AR.png\",\"articleSection\":[\"Kunst\"],\"inLanguage\":\"en-GB\",\"potentialAction\":[{\"@type\":\"CommentAction\",\"name\":\"Comment\",\"target\":[\"http:\\\/\\\/vr-room.ch\\\/fr\\\/2019\\\/08\\\/12\\\/ar-kunstausstellung-apple\\\/#respond\"]}]},{\"@type\":\"WebPage\",\"@id\":\"http:\\\/\\\/vr-room.ch\\\/fr\\\/2019\\\/08\\\/12\\\/ar-kunstausstellung-apple\\\/\",\"url\":\"http:\\\/\\\/vr-room.ch\\\/fr\\\/2019\\\/08\\\/12\\\/ar-kunstausstellung-apple\\\/\",\"name\":\"AR-Kunstausstellung von Apple - Schweizer Virtual Reality News\",\"isPartOf\":{\"@id\":\"http:\\\/\\\/vr-room.ch\\\/en\\\/#website\"},\"primaryImageOfPage\":{\"@id\":\"http:\\\/\\\/vr-room.ch\\\/fr\\\/2019\\\/08\\\/12\\\/ar-kunstausstellung-apple\\\/#primaryimage\"},\"image\":{\"@id\":\"http:\\\/\\\/vr-room.ch\\\/fr\\\/2019\\\/08\\\/12\\\/ar-kunstausstellung-apple\\\/#primaryimage\"},\"thumbnailUrl\":\"https:\\\/\\\/vr-room.ch\\\/wp-content\\\/uploads\\\/2019\\\/08\\\/Apple-AR.png\",\"datePublished\":\"2019-08-12T07:25:48+00:00\",\"author\":{\"@id\":\"http:\\\/\\\/vr-room.ch\\\/en\\\/#\\\/schema\\\/person\\\/4022b4e1fba06681ac263b25c0f1e3d2\"},\"breadcrumb\":{\"@id\":\"http:\\\/\\\/vr-room.ch\\\/fr\\\/2019\\\/08\\\/12\\\/ar-kunstausstellung-apple\\\/#breadcrumb\"},\"inLanguage\":\"en-GB\",\"potentialAction\":[{\"@type\":\"ReadAction\",\"target\":[\"http:\\\/\\\/vr-room.ch\\\/fr\\\/2019\\\/08\\\/12\\\/ar-kunstausstellung-apple\\\/\"]}]},{\"@type\":\"ImageObject\",\"inLanguage\":\"en-GB\",\"@id\":\"http:\\\/\\\/vr-room.ch\\\/fr\\\/2019\\\/08\\\/12\\\/ar-kunstausstellung-apple\\\/#primaryimage\",\"url\":\"https:\\\/\\\/vr-room.ch\\\/wp-content\\\/uploads\\\/2019\\\/08\\\/Apple-AR.png\",\"contentUrl\":\"https:\\\/\\\/vr-room.ch\\\/wp-content\\\/uploads\\\/2019\\\/08\\\/Apple-AR.png\",\"width\":980,\"height\":551},{\"@type\":\"BreadcrumbList\",\"@id\":\"http:\\\/\\\/vr-room.ch\\\/fr\\\/2019\\\/08\\\/12\\\/ar-kunstausstellung-apple\\\/#breadcrumb\",\"itemListElement\":[{\"@type\":\"ListItem\",\"position\":1,\"name\":\"Startseite\",\"item\":\"http:\\\/\\\/vr-room.ch\\\/en\\\/\"},{\"@type\":\"ListItem\",\"position\":2,\"name\":\"AR-Kunstausstellung von Apple\"}]},{\"@type\":\"WebSite\",\"@id\":\"http:\\\/\\\/vr-room.ch\\\/en\\\/#website\",\"url\":\"http:\\\/\\\/vr-room.ch\\\/en\\\/\",\"name\":\"Schweizer Virtual Reality News\",\"description\":\"\",\"potentialAction\":[{\"@type\":\"SearchAction\",\"target\":{\"@type\":\"EntryPoint\",\"urlTemplate\":\"http:\\\/\\\/vr-room.ch\\\/en\\\/?s={search_term_string}\"},\"query-input\":{\"@type\":\"PropertyValueSpecification\",\"valueRequired\":true,\"valueName\":\"search_term_string\"}}],\"inLanguage\":\"en-GB\"},{\"@type\":\"Person\",\"@id\":\"http:\\\/\\\/vr-room.ch\\\/en\\\/#\\\/schema\\\/person\\\/4022b4e1fba06681ac263b25c0f1e3d2\",\"name\":\"Michael\",\"image\":{\"@type\":\"ImageObject\",\"inLanguage\":\"en-GB\",\"@id\":\"https:\\\/\\\/vr-room.ch\\\/wp-content\\\/uploads\\\/2019\\\/05\\\/avatar_user_11_1558711168-96x96.jpg\",\"url\":\"https:\\\/\\\/vr-room.ch\\\/wp-content\\\/uploads\\\/2019\\\/05\\\/avatar_user_11_1558711168-96x96.jpg\",\"contentUrl\":\"https:\\\/\\\/vr-room.ch\\\/wp-content\\\/uploads\\\/2019\\\/05\\\/avatar_user_11_1558711168-96x96.jpg\",\"caption\":\"Michael\"},\"url\":\"https:\\\/\\\/vr-room.ch\\\/en\\\/author\\\/michael\\\/\"}]}<\/script>\n<!-- \/ Yoast SEO plugin. -->","yoast_head_json":{"title":"AR-Kunstausstellung von Apple - Schweizer Virtual Reality News","robots":{"index":"index","follow":"follow","max-snippet":"max-snippet:-1","max-image-preview":"max-image-preview:large","max-video-preview":"max-video-preview:-1"},"canonical":"http:\/\/vr-room.ch\/en\/2019\/08\/12\/ar-kunstausstellung-apple\/","og_locale":"en_GB","og_type":"article","og_title":"AR-Kunstausstellung von Apple - Schweizer Virtual Reality News","og_description":"Apple veranstaltet eine interessante und vor allem kostenlose Augmented Reality-Kunstausstellung namens &#8222;[AR]T&#8220;. Das passiert in den St\u00e4dten New&hellip;","og_url":"http:\/\/vr-room.ch\/en\/2019\/08\/12\/ar-kunstausstellung-apple\/","og_site_name":"Schweizer Virtual Reality News","article_published_time":"2019-08-12T07:25:48+00:00","og_image":[{"width":980,"height":551,"url":"https:\/\/vr-room.ch\/wp-content\/uploads\/2019\/08\/Apple-AR.png","type":"image\/png"}],"author":"Michael","twitter_card":"summary_large_image","twitter_misc":{"Written by":"Michael","Estimated reading time":"1 minute"},"schema":{"@context":"https:\/\/schema.org","@graph":[{"@type":"Article","@id":"http:\/\/vr-room.ch\/fr\/2019\/08\/12\/ar-kunstausstellung-apple\/#article","isPartOf":{"@id":"http:\/\/vr-room.ch\/fr\/2019\/08\/12\/ar-kunstausstellung-apple\/"},"author":{"name":"Michael","@id":"http:\/\/vr-room.ch\/en\/#\/schema\/person\/4022b4e1fba06681ac263b25c0f1e3d2"},"headline":"AR-Kunstausstellung von Apple","datePublished":"2019-08-12T07:25:48+00:00","mainEntityOfPage":{"@id":"http:\/\/vr-room.ch\/fr\/2019\/08\/12\/ar-kunstausstellung-apple\/"},"wordCount":185,"commentCount":0,"image":{"@id":"http:\/\/vr-room.ch\/fr\/2019\/08\/12\/ar-kunstausstellung-apple\/#primaryimage"},"thumbnailUrl":"https:\/\/vr-room.ch\/wp-content\/uploads\/2019\/08\/Apple-AR.png","articleSection":["Kunst"],"inLanguage":"en-GB","potentialAction":[{"@type":"CommentAction","name":"Comment","target":["http:\/\/vr-room.ch\/fr\/2019\/08\/12\/ar-kunstausstellung-apple\/#respond"]}]},{"@type":"WebPage","@id":"http:\/\/vr-room.ch\/fr\/2019\/08\/12\/ar-kunstausstellung-apple\/","url":"http:\/\/vr-room.ch\/fr\/2019\/08\/12\/ar-kunstausstellung-apple\/","name":"AR-Kunstausstellung von Apple - Schweizer Virtual Reality News","isPartOf":{"@id":"http:\/\/vr-room.ch\/en\/#website"},"primaryImageOfPage":{"@id":"http:\/\/vr-room.ch\/fr\/2019\/08\/12\/ar-kunstausstellung-apple\/#primaryimage"},"image":{"@id":"http:\/\/vr-room.ch\/fr\/2019\/08\/12\/ar-kunstausstellung-apple\/#primaryimage"},"thumbnailUrl":"https:\/\/vr-room.ch\/wp-content\/uploads\/2019\/08\/Apple-AR.png","datePublished":"2019-08-12T07:25:48+00:00","author":{"@id":"http:\/\/vr-room.ch\/en\/#\/schema\/person\/4022b4e1fba06681ac263b25c0f1e3d2"},"breadcrumb":{"@id":"http:\/\/vr-room.ch\/fr\/2019\/08\/12\/ar-kunstausstellung-apple\/#breadcrumb"},"inLanguage":"en-GB","potentialAction":[{"@type":"ReadAction","target":["http:\/\/vr-room.ch\/fr\/2019\/08\/12\/ar-kunstausstellung-apple\/"]}]},{"@type":"ImageObject","inLanguage":"en-GB","@id":"http:\/\/vr-room.ch\/fr\/2019\/08\/12\/ar-kunstausstellung-apple\/#primaryimage","url":"https:\/\/vr-room.ch\/wp-content\/uploads\/2019\/08\/Apple-AR.png","contentUrl":"https:\/\/vr-room.ch\/wp-content\/uploads\/2019\/08\/Apple-AR.png","width":980,"height":551},{"@type":"BreadcrumbList","@id":"http:\/\/vr-room.ch\/fr\/2019\/08\/12\/ar-kunstausstellung-apple\/#breadcrumb","itemListElement":[{"@type":"ListItem","position":1,"name":"Startseite","item":"http:\/\/vr-room.ch\/en\/"},{"@type":"ListItem","position":2,"name":"AR-Kunstausstellung von Apple"}]},{"@type":"WebSite","@id":"http:\/\/vr-room.ch\/en\/#website","url":"http:\/\/vr-room.ch\/en\/","name":"Swiss Virtual Reality News","description":"","potentialAction":[{"@type":"SearchAction","target":{"@type":"EntryPoint","urlTemplate":"http:\/\/vr-room.ch\/en\/?s={search_term_string}"},"query-input":{"@type":"PropertyValueSpecification","valueRequired":true,"valueName":"search_term_string"}}],"inLanguage":"en-GB"},{"@type":"Person","@id":"http:\/\/vr-room.ch\/en\/#\/schema\/person\/4022b4e1fba06681ac263b25c0f1e3d2","name":"Michael","image":{"@type":"ImageObject","inLanguage":"en-GB","@id":"https:\/\/vr-room.ch\/wp-content\/uploads\/2019\/05\/avatar_user_11_1558711168-96x96.jpg","url":"https:\/\/vr-room.ch\/wp-content\/uploads\/2019\/05\/avatar_user_11_1558711168-96x96.jpg","contentUrl":"https:\/\/vr-room.ch\/wp-content\/uploads\/2019\/05\/avatar_user_11_1558711168-96x96.jpg","caption":"Michael"},"url":"https:\/\/vr-room.ch\/en\/author\/michael\/"}]}},"_links":{"self":[{"href":"https:\/\/vr-room.ch\/en\/wp-json\/wp\/v2\/posts\/14773","targetHints":{"allow":["GET"]}}],"collection":[{"href":"https:\/\/vr-room.ch\/en\/wp-json\/wp\/v2\/posts"}],"about":[{"href":"https:\/\/vr-room.ch\/en\/wp-json\/wp\/v2\/types\/post"}],"author":[{"embeddable":true,"href":"https:\/\/vr-room.ch\/en\/wp-json\/wp\/v2\/users\/11"}],"replies":[{"embeddable":true,"href":"https:\/\/vr-room.ch\/en\/wp-json\/wp\/v2\/comments?post=14773"}],"version-history":[{"count":0,"href":"https:\/\/vr-room.ch\/en\/wp-json\/wp\/v2\/posts\/14773\/revisions"}],"wp:featuredmedia":[{"embeddable":true,"href":"https:\/\/vr-room.ch\/en\/wp-json\/wp\/v2\/media\/14774"}],"wp:attachment":[{"href":"https:\/\/vr-room.ch\/en\/wp-json\/wp\/v2\/media?parent=14773"}],"wp:term":[{"taxonomy":"category","embeddable":true,"href":"https:\/\/vr-room.ch\/en\/wp-json\/wp\/v2\/categories?post=14773"},{"taxonomy":"post_tag","embeddable":true,"href":"https:\/\/vr-room.ch\/en\/wp-json\/wp\/v2\/tags?post=14773"}],"curies":[{"name":"wp","href":"https:\/\/api.w.org\/{rel}","templated":true}]}}