{"id":14261,"date":"2019-06-11T14:41:48","date_gmt":"2019-06-11T14:41:48","guid":{"rendered":"https:\/\/vr-room.ch\/?p=14261"},"modified":"2019-06-09T15:14:50","modified_gmt":"2019-06-09T15:14:50","slug":"15-millionen-euro-bayern-gruendet-zentren-fuer-vr","status":"publish","type":"post","link":"https:\/\/vr-room.ch\/en\/2019\/06\/11\/15-millionen-euro-bayern-gruendet-zentren-fuer-vr\/","title":{"rendered":"1.5 million euros - Bavaria establishes centres for VR"},"content":{"rendered":"<div class=\"Tart__articleBody\">\n<h3 id=\"mit-drei-neuen-zentren-in-muenchen-wuerzburg-und-nuernberg-will-der-freistaat-bayern-die-entwicklung-von-sogenannter-virtual-reality-und-augmented-reality-voranbringen-damit-werden-verschiedene-dars\">With three new centres in Munich, W\u00fcrzburg and Nuremberg, the Free State of Bavaria wants to promote the development of virtual reality and augmented reality. This describes various representations of computer-generated, artificially created worlds.<\/h3>\n<\/div>\n<p><!--more--><\/p>\n<p>Im aktuellen Doppelhaushalt st\u00fcnden f\u00fcr diese Technologien 1,5 Millionen Euro zur Verf\u00fcgung, sagte Digitalministerin Judith Gerlach (CSU) am Donnerstag im Wirtschaftsausschuss des bayerischen Landtags in M\u00fcnchen. Ziel sei es, neue Anwendungen in der Bildung, in Museen, im Gesundheitswesen und in der Industrie m\u00f6glich zu machen. &#8222;Virtual Reality und Augmented Reality &#8222;Made in Bavaria&#8220; soll national und international eine Marke werden&#8220;, betonte Gerlach.<\/p>\n<p>Bis September soll zun\u00e4chst in M\u00fcnchen das Anwenderzentrum &#8222;XR Hub&#8220; angesiedelt werden &#8211; es wird j\u00e4hrlich mit 500 000 Euro unterst\u00fctzt, im M\u00e4rz 2020 folgen die regionalen Zentren f\u00fcr Unter- und Mittelfranken. Beide erhalten f\u00fcr das Jahr ebenfalls in Summe eine halbe Million Euro. &#8222;Allerdings ben\u00f6tigen wir hierf\u00fcr eine dauerhafte Finanzierung und bitten dabei auch um Ihre Unterst\u00fctzung&#8220;, sagte Gerlach an die Abgeordneten gerichtet.<\/p>\n<p>Gerlach also announced that 300 women had applied for the first talent promotion programme for more women in digital professions. Every year, 50 young women between the ages of 18 and 30 will take part in the programme. They will be supported by mentors from the industry, including Sabine Bendiek, CEO of Microsoft Germany, and Professor Sami Haddadin from the Chair of Robotics at the Technical University of Munich.<\/p>\n<p>Source: T-Online \/ aerzteblatt<\/p>","protected":false},"excerpt":{"rendered":"With three new centres in Munich, W\u00fcrzburg and Nuremberg, the Free State of Bavaria wants to promote the development of so-called virtual...","protected":false},"author":12,"featured_media":14262,"comment_status":"open","ping_status":"open","sticky":false,"template":"","format":"standard","meta":{"footnotes":""},"categories":[67],"tags":[],"class_list":{"0":"post-14261","1":"post","2":"type-post","3":"status-publish","4":"format-standard","5":"has-post-thumbnail","7":"category-virtual-reality-gesellschaft","8":"cs-entry","9":"cs-video-wrap"},"yoast_head":"<!-- This site is optimized with the Yoast SEO plugin v27.4 - https:\/\/yoast.com\/product\/yoast-seo-wordpress\/ -->\n<title>1,5 Millionen Euro - Bayern gr\u00fcndet Zentren f\u00fcr VR - Schweizer Virtual Reality News<\/title>\n<meta name=\"robots\" content=\"index, follow, max-snippet:-1, max-image-preview:large, max-video-preview:-1\" \/>\n<link rel=\"canonical\" href=\"http:\/\/vr-room.ch\/en\/2019\/06\/11\/15-millionen-euro-bayern-gruendet-zentren-fuer-vr\/\" \/>\n<meta property=\"og:locale\" content=\"en_GB\" \/>\n<meta property=\"og:type\" content=\"article\" \/>\n<meta property=\"og:title\" content=\"1,5 Millionen Euro - Bayern gr\u00fcndet Zentren f\u00fcr VR - Schweizer Virtual Reality News\" \/>\n<meta property=\"og:description\" content=\"Mit drei neuen Zentren in M\u00fcnchen, W\u00fcrzburg und N\u00fcrnberg will der Freistaat Bayern die Entwicklung von sogenannter Virtual&hellip;\" \/>\n<meta property=\"og:url\" content=\"http:\/\/vr-room.ch\/en\/2019\/06\/11\/15-millionen-euro-bayern-gruendet-zentren-fuer-vr\/\" \/>\n<meta property=\"og:site_name\" content=\"Schweizer Virtual Reality News\" \/>\n<meta property=\"article:published_time\" content=\"2019-06-11T14:41:48+00:00\" \/>\n<meta property=\"og:image\" content=\"https:\/\/vr-room.ch\/wp-content\/uploads\/2019\/06\/img137823868.jpg\" \/>\n\t<meta property=\"og:image:width\" content=\"2240\" \/>\n\t<meta property=\"og:image:height\" content=\"1200\" \/>\n\t<meta property=\"og:image:type\" content=\"image\/jpeg\" \/>\n<meta name=\"author\" content=\"Nathalie\" \/>\n<meta name=\"twitter:card\" content=\"summary_large_image\" \/>\n<meta name=\"twitter:label1\" content=\"Written by\" \/>\n\t<meta name=\"twitter:data1\" content=\"Nathalie\" \/>\n\t<meta name=\"twitter:label2\" content=\"Estimated reading time\" \/>\n\t<meta name=\"twitter:data2\" content=\"1 minute\" \/>\n<script type=\"application\/ld+json\" class=\"yoast-schema-graph\">{\"@context\":\"https:\\\/\\\/schema.org\",\"@graph\":[{\"@type\":\"Article\",\"@id\":\"http:\\\/\\\/vr-room.ch\\\/it\\\/2019\\\/06\\\/11\\\/15-millionen-euro-bayern-gruendet-zentren-fuer-vr\\\/#article\",\"isPartOf\":{\"@id\":\"http:\\\/\\\/vr-room.ch\\\/it\\\/2019\\\/06\\\/11\\\/15-millionen-euro-bayern-gruendet-zentren-fuer-vr\\\/\"},\"author\":{\"name\":\"Nathalie\",\"@id\":\"http:\\\/\\\/vr-room.ch\\\/en\\\/#\\\/schema\\\/person\\\/1a03b3a6ced429fb4831f60fa2b37599\"},\"headline\":\"1,5 Millionen Euro &#8211; Bayern gr\u00fcndet Zentren f\u00fcr VR\",\"datePublished\":\"2019-06-11T14:41:48+00:00\",\"mainEntityOfPage\":{\"@id\":\"http:\\\/\\\/vr-room.ch\\\/it\\\/2019\\\/06\\\/11\\\/15-millionen-euro-bayern-gruendet-zentren-fuer-vr\\\/\"},\"wordCount\":250,\"commentCount\":0,\"image\":{\"@id\":\"http:\\\/\\\/vr-room.ch\\\/it\\\/2019\\\/06\\\/11\\\/15-millionen-euro-bayern-gruendet-zentren-fuer-vr\\\/#primaryimage\"},\"thumbnailUrl\":\"https:\\\/\\\/vr-room.ch\\\/wp-content\\\/uploads\\\/2019\\\/06\\\/img137823868.jpg\",\"articleSection\":[\"Gesellschaft\"],\"inLanguage\":\"en-GB\",\"potentialAction\":[{\"@type\":\"CommentAction\",\"name\":\"Comment\",\"target\":[\"http:\\\/\\\/vr-room.ch\\\/it\\\/2019\\\/06\\\/11\\\/15-millionen-euro-bayern-gruendet-zentren-fuer-vr\\\/#respond\"]}]},{\"@type\":\"WebPage\",\"@id\":\"http:\\\/\\\/vr-room.ch\\\/it\\\/2019\\\/06\\\/11\\\/15-millionen-euro-bayern-gruendet-zentren-fuer-vr\\\/\",\"url\":\"http:\\\/\\\/vr-room.ch\\\/it\\\/2019\\\/06\\\/11\\\/15-millionen-euro-bayern-gruendet-zentren-fuer-vr\\\/\",\"name\":\"1,5 Millionen Euro - Bayern gr\u00fcndet Zentren f\u00fcr VR - Schweizer Virtual Reality News\",\"isPartOf\":{\"@id\":\"http:\\\/\\\/vr-room.ch\\\/en\\\/#website\"},\"primaryImageOfPage\":{\"@id\":\"http:\\\/\\\/vr-room.ch\\\/it\\\/2019\\\/06\\\/11\\\/15-millionen-euro-bayern-gruendet-zentren-fuer-vr\\\/#primaryimage\"},\"image\":{\"@id\":\"http:\\\/\\\/vr-room.ch\\\/it\\\/2019\\\/06\\\/11\\\/15-millionen-euro-bayern-gruendet-zentren-fuer-vr\\\/#primaryimage\"},\"thumbnailUrl\":\"https:\\\/\\\/vr-room.ch\\\/wp-content\\\/uploads\\\/2019\\\/06\\\/img137823868.jpg\",\"datePublished\":\"2019-06-11T14:41:48+00:00\",\"author\":{\"@id\":\"http:\\\/\\\/vr-room.ch\\\/en\\\/#\\\/schema\\\/person\\\/1a03b3a6ced429fb4831f60fa2b37599\"},\"breadcrumb\":{\"@id\":\"http:\\\/\\\/vr-room.ch\\\/it\\\/2019\\\/06\\\/11\\\/15-millionen-euro-bayern-gruendet-zentren-fuer-vr\\\/#breadcrumb\"},\"inLanguage\":\"en-GB\",\"potentialAction\":[{\"@type\":\"ReadAction\",\"target\":[\"http:\\\/\\\/vr-room.ch\\\/it\\\/2019\\\/06\\\/11\\\/15-millionen-euro-bayern-gruendet-zentren-fuer-vr\\\/\"]}]},{\"@type\":\"ImageObject\",\"inLanguage\":\"en-GB\",\"@id\":\"http:\\\/\\\/vr-room.ch\\\/it\\\/2019\\\/06\\\/11\\\/15-millionen-euro-bayern-gruendet-zentren-fuer-vr\\\/#primaryimage\",\"url\":\"https:\\\/\\\/vr-room.ch\\\/wp-content\\\/uploads\\\/2019\\\/06\\\/img137823868.jpg\",\"contentUrl\":\"https:\\\/\\\/vr-room.ch\\\/wp-content\\\/uploads\\\/2019\\\/06\\\/img137823868.jpg\",\"width\":2240,\"height\":1200,\"caption\":\"Girl in virtual reality glasses\"},{\"@type\":\"BreadcrumbList\",\"@id\":\"http:\\\/\\\/vr-room.ch\\\/it\\\/2019\\\/06\\\/11\\\/15-millionen-euro-bayern-gruendet-zentren-fuer-vr\\\/#breadcrumb\",\"itemListElement\":[{\"@type\":\"ListItem\",\"position\":1,\"name\":\"Startseite\",\"item\":\"http:\\\/\\\/vr-room.ch\\\/en\\\/\"},{\"@type\":\"ListItem\",\"position\":2,\"name\":\"1,5 Millionen Euro &#8211; Bayern gr\u00fcndet Zentren f\u00fcr VR\"}]},{\"@type\":\"WebSite\",\"@id\":\"http:\\\/\\\/vr-room.ch\\\/en\\\/#website\",\"url\":\"http:\\\/\\\/vr-room.ch\\\/en\\\/\",\"name\":\"Schweizer Virtual Reality News\",\"description\":\"\",\"potentialAction\":[{\"@type\":\"SearchAction\",\"target\":{\"@type\":\"EntryPoint\",\"urlTemplate\":\"http:\\\/\\\/vr-room.ch\\\/en\\\/?s={search_term_string}\"},\"query-input\":{\"@type\":\"PropertyValueSpecification\",\"valueRequired\":true,\"valueName\":\"search_term_string\"}}],\"inLanguage\":\"en-GB\"},{\"@type\":\"Person\",\"@id\":\"http:\\\/\\\/vr-room.ch\\\/en\\\/#\\\/schema\\\/person\\\/1a03b3a6ced429fb4831f60fa2b37599\",\"name\":\"Nathalie\",\"image\":{\"@type\":\"ImageObject\",\"inLanguage\":\"en-GB\",\"@id\":\"https:\\\/\\\/vr-room.ch\\\/wp-content\\\/uploads\\\/2017\\\/01\\\/avatar_user_12_1484159890-96x96.jpg\",\"url\":\"https:\\\/\\\/vr-room.ch\\\/wp-content\\\/uploads\\\/2017\\\/01\\\/avatar_user_12_1484159890-96x96.jpg\",\"contentUrl\":\"https:\\\/\\\/vr-room.ch\\\/wp-content\\\/uploads\\\/2017\\\/01\\\/avatar_user_12_1484159890-96x96.jpg\",\"caption\":\"Nathalie\"},\"url\":\"https:\\\/\\\/vr-room.ch\\\/en\\\/author\\\/nathalie\\\/\"}]}<\/script>\n<!-- \/ Yoast SEO plugin. -->","yoast_head_json":{"title":"1,5 Millionen Euro - Bayern gr\u00fcndet Zentren f\u00fcr VR - Schweizer Virtual Reality News","robots":{"index":"index","follow":"follow","max-snippet":"max-snippet:-1","max-image-preview":"max-image-preview:large","max-video-preview":"max-video-preview:-1"},"canonical":"http:\/\/vr-room.ch\/en\/2019\/06\/11\/15-millionen-euro-bayern-gruendet-zentren-fuer-vr\/","og_locale":"en_GB","og_type":"article","og_title":"1,5 Millionen Euro - Bayern gr\u00fcndet Zentren f\u00fcr VR - Schweizer Virtual Reality News","og_description":"Mit drei neuen Zentren in M\u00fcnchen, W\u00fcrzburg und N\u00fcrnberg will der Freistaat Bayern die Entwicklung von sogenannter Virtual&hellip;","og_url":"http:\/\/vr-room.ch\/en\/2019\/06\/11\/15-millionen-euro-bayern-gruendet-zentren-fuer-vr\/","og_site_name":"Schweizer Virtual Reality News","article_published_time":"2019-06-11T14:41:48+00:00","og_image":[{"width":2240,"height":1200,"url":"https:\/\/vr-room.ch\/wp-content\/uploads\/2019\/06\/img137823868.jpg","type":"image\/jpeg"}],"author":"Nathalie","twitter_card":"summary_large_image","twitter_misc":{"Written by":"Nathalie","Estimated reading time":"1 minute"},"schema":{"@context":"https:\/\/schema.org","@graph":[{"@type":"Article","@id":"http:\/\/vr-room.ch\/it\/2019\/06\/11\/15-millionen-euro-bayern-gruendet-zentren-fuer-vr\/#article","isPartOf":{"@id":"http:\/\/vr-room.ch\/it\/2019\/06\/11\/15-millionen-euro-bayern-gruendet-zentren-fuer-vr\/"},"author":{"name":"Nathalie","@id":"http:\/\/vr-room.ch\/en\/#\/schema\/person\/1a03b3a6ced429fb4831f60fa2b37599"},"headline":"1,5 Millionen Euro &#8211; Bayern gr\u00fcndet Zentren f\u00fcr VR","datePublished":"2019-06-11T14:41:48+00:00","mainEntityOfPage":{"@id":"http:\/\/vr-room.ch\/it\/2019\/06\/11\/15-millionen-euro-bayern-gruendet-zentren-fuer-vr\/"},"wordCount":250,"commentCount":0,"image":{"@id":"http:\/\/vr-room.ch\/it\/2019\/06\/11\/15-millionen-euro-bayern-gruendet-zentren-fuer-vr\/#primaryimage"},"thumbnailUrl":"https:\/\/vr-room.ch\/wp-content\/uploads\/2019\/06\/img137823868.jpg","articleSection":["Gesellschaft"],"inLanguage":"en-GB","potentialAction":[{"@type":"CommentAction","name":"Comment","target":["http:\/\/vr-room.ch\/it\/2019\/06\/11\/15-millionen-euro-bayern-gruendet-zentren-fuer-vr\/#respond"]}]},{"@type":"WebPage","@id":"http:\/\/vr-room.ch\/it\/2019\/06\/11\/15-millionen-euro-bayern-gruendet-zentren-fuer-vr\/","url":"http:\/\/vr-room.ch\/it\/2019\/06\/11\/15-millionen-euro-bayern-gruendet-zentren-fuer-vr\/","name":"1,5 Millionen Euro - Bayern gr\u00fcndet Zentren f\u00fcr VR - Schweizer Virtual Reality News","isPartOf":{"@id":"http:\/\/vr-room.ch\/en\/#website"},"primaryImageOfPage":{"@id":"http:\/\/vr-room.ch\/it\/2019\/06\/11\/15-millionen-euro-bayern-gruendet-zentren-fuer-vr\/#primaryimage"},"image":{"@id":"http:\/\/vr-room.ch\/it\/2019\/06\/11\/15-millionen-euro-bayern-gruendet-zentren-fuer-vr\/#primaryimage"},"thumbnailUrl":"https:\/\/vr-room.ch\/wp-content\/uploads\/2019\/06\/img137823868.jpg","datePublished":"2019-06-11T14:41:48+00:00","author":{"@id":"http:\/\/vr-room.ch\/en\/#\/schema\/person\/1a03b3a6ced429fb4831f60fa2b37599"},"breadcrumb":{"@id":"http:\/\/vr-room.ch\/it\/2019\/06\/11\/15-millionen-euro-bayern-gruendet-zentren-fuer-vr\/#breadcrumb"},"inLanguage":"en-GB","potentialAction":[{"@type":"ReadAction","target":["http:\/\/vr-room.ch\/it\/2019\/06\/11\/15-millionen-euro-bayern-gruendet-zentren-fuer-vr\/"]}]},{"@type":"ImageObject","inLanguage":"en-GB","@id":"http:\/\/vr-room.ch\/it\/2019\/06\/11\/15-millionen-euro-bayern-gruendet-zentren-fuer-vr\/#primaryimage","url":"https:\/\/vr-room.ch\/wp-content\/uploads\/2019\/06\/img137823868.jpg","contentUrl":"https:\/\/vr-room.ch\/wp-content\/uploads\/2019\/06\/img137823868.jpg","width":2240,"height":1200,"caption":"Girl in virtual reality glasses"},{"@type":"BreadcrumbList","@id":"http:\/\/vr-room.ch\/it\/2019\/06\/11\/15-millionen-euro-bayern-gruendet-zentren-fuer-vr\/#breadcrumb","itemListElement":[{"@type":"ListItem","position":1,"name":"Startseite","item":"http:\/\/vr-room.ch\/en\/"},{"@type":"ListItem","position":2,"name":"1,5 Millionen Euro &#8211; Bayern gr\u00fcndet Zentren f\u00fcr VR"}]},{"@type":"WebSite","@id":"http:\/\/vr-room.ch\/en\/#website","url":"http:\/\/vr-room.ch\/en\/","name":"Swiss Virtual Reality News","description":"","potentialAction":[{"@type":"SearchAction","target":{"@type":"EntryPoint","urlTemplate":"http:\/\/vr-room.ch\/en\/?s={search_term_string}"},"query-input":{"@type":"PropertyValueSpecification","valueRequired":true,"valueName":"search_term_string"}}],"inLanguage":"en-GB"},{"@type":"Person","@id":"http:\/\/vr-room.ch\/en\/#\/schema\/person\/1a03b3a6ced429fb4831f60fa2b37599","name":"Nathalie","image":{"@type":"ImageObject","inLanguage":"en-GB","@id":"https:\/\/vr-room.ch\/wp-content\/uploads\/2017\/01\/avatar_user_12_1484159890-96x96.jpg","url":"https:\/\/vr-room.ch\/wp-content\/uploads\/2017\/01\/avatar_user_12_1484159890-96x96.jpg","contentUrl":"https:\/\/vr-room.ch\/wp-content\/uploads\/2017\/01\/avatar_user_12_1484159890-96x96.jpg","caption":"Nathalie"},"url":"https:\/\/vr-room.ch\/en\/author\/nathalie\/"}]}},"_links":{"self":[{"href":"https:\/\/vr-room.ch\/en\/wp-json\/wp\/v2\/posts\/14261","targetHints":{"allow":["GET"]}}],"collection":[{"href":"https:\/\/vr-room.ch\/en\/wp-json\/wp\/v2\/posts"}],"about":[{"href":"https:\/\/vr-room.ch\/en\/wp-json\/wp\/v2\/types\/post"}],"author":[{"embeddable":true,"href":"https:\/\/vr-room.ch\/en\/wp-json\/wp\/v2\/users\/12"}],"replies":[{"embeddable":true,"href":"https:\/\/vr-room.ch\/en\/wp-json\/wp\/v2\/comments?post=14261"}],"version-history":[{"count":0,"href":"https:\/\/vr-room.ch\/en\/wp-json\/wp\/v2\/posts\/14261\/revisions"}],"wp:featuredmedia":[{"embeddable":true,"href":"https:\/\/vr-room.ch\/en\/wp-json\/wp\/v2\/media\/14262"}],"wp:attachment":[{"href":"https:\/\/vr-room.ch\/en\/wp-json\/wp\/v2\/media?parent=14261"}],"wp:term":[{"taxonomy":"category","embeddable":true,"href":"https:\/\/vr-room.ch\/en\/wp-json\/wp\/v2\/categories?post=14261"},{"taxonomy":"post_tag","embeddable":true,"href":"https:\/\/vr-room.ch\/en\/wp-json\/wp\/v2\/tags?post=14261"}],"curies":[{"name":"wp","href":"https:\/\/api.w.org\/{rel}","templated":true}]}}