{"id":12697,"date":"2019-01-24T10:10:14","date_gmt":"2019-01-24T10:10:14","guid":{"rendered":"http:\/\/vr-room.ch\/?p=12697"},"modified":"2019-01-24T10:10:14","modified_gmt":"2019-01-24T10:10:14","slug":"vr-film-eminem-marshall-from-detroit","status":"publish","type":"post","link":"https:\/\/vr-room.ch\/en\/2019\/01\/24\/vr-film-eminem-marshall-from-detroit\/","title":{"rendered":"VR film with Eminem"},"content":{"rendered":"<p>The <a href=\"https:\/\/www.felixandpaul.com\/\">Felix &amp; Paul Studios<\/a> provide the <a href=\"http:\/\/www.sundance.org\/projects\/marshall-from-detroit\">Sundance Film Festival<\/a> einen Besuch ab, um eine VR-Doku \u00fcber den ber\u00fchmten Rapper Eminem vorzustellen. Der 360-Grad-Film &#8222;Marshall From Detroit&#8220; ist 21 Minuten lang. Der Regisseur ist Caleb Slain.<\/p>\n<p>In &#8222;Marshall From Detroit&#8220; erkundet man Detroit, die Heimatstadt von Eminem, durch die Augen des Rappers. Ein Trailer liefert Impressionen. &#8222;Unsere Idee war es, die von VR gebotene Vertrautheit \u00fcber einen einmaligen Ritt mit Marshall hinaus zu erweitern, um euch eine mystischere Version von Detroit vorzustellen, die ihr nie selbst erleben k\u00f6nntet. Wir wollten die &#8218;Realit\u00e4t&#8216; aus VR herausnehmen und sie in etwas Unwirklicheres, aber auch Wahrhaftiges verwandeln,&#8220; so Caleb Slain.<\/p>\n<p>&#8222;Unser Studio hat eine Historie, in der es die Technologie einsetzt, um Geschichten auf neue, eindringlichere Weise zu erz\u00e4hlen, um Erlebnisse zu erschaffen, die an der Schnittstelle von Vertrautem und Aussergew\u00f6hnlichem liegen. Marshall From Detroit ist ein funkelnder Ausdruck daf\u00fcr und l\u00e4dt euch zu einer surrealen Fahrt durch Detroit mit Eminem selbst ein,&#8220; erg\u00e4nzt Paul Raphael, Mitbegr\u00fcnder der Felix &amp; Paul Studios. &#8222;Marshall From Detroit&#8220; wird im Februar 2019 f\u00fcr Oculus Go und Oculus Rift erscheinen.<\/p>\n<div style=\"width: 640px;\" class=\"wp-video\"><video class=\"wp-video-shortcode\" id=\"video-12697-1\" width=\"640\" height=\"360\" loop preload=\"metadata\" controls=\"controls\"><source type=\"video\/youtube\" src=\"https:\/\/www.youtube.com\/watch?v=X2l4y3RQtDE&#038;_=1\" \/><a href=\"https:\/\/www.youtube.com\/watch?v=X2l4y3RQtDE\">https:\/\/www.youtube.com\/watch?v=X2l4y3RQtDE<\/a><\/video><\/div>\n<p>Source: <a href=\"https:\/\/variety.com\/2019\/digital\/news\/eminem-marshall-from-detroit-trailer-1203113703\/\">Variety<\/a><\/p>","protected":false},"excerpt":{"rendered":"Felix &amp; Paul Studios pay a visit to the Sundance Film Festival to make a VR documentary about the...","protected":false},"author":11,"featured_media":12699,"comment_status":"open","ping_status":"open","sticky":false,"template":"","format":"standard","meta":{"footnotes":""},"categories":[4],"tags":[],"class_list":{"0":"post-12697","1":"post","2":"type-post","3":"status-publish","4":"format-standard","5":"has-post-thumbnail","7":"category-virtual-reality-entertainment","8":"cs-entry","9":"cs-video-wrap"},"yoast_head":"<!-- This site is optimized with the Yoast SEO plugin v27.4 - https:\/\/yoast.com\/product\/yoast-seo-wordpress\/ -->\n<title>VR-Film mit Eminem - Schweizer Virtual Reality News<\/title>\n<meta name=\"robots\" content=\"index, follow, max-snippet:-1, max-image-preview:large, max-video-preview:-1\" \/>\n<link rel=\"canonical\" href=\"https:\/\/vr-room.ch\/en\/2019\/01\/24\/vr-film-eminem-marshall-from-detroit\/\" \/>\n<meta property=\"og:locale\" content=\"en_GB\" \/>\n<meta property=\"og:type\" content=\"article\" \/>\n<meta property=\"og:title\" content=\"VR-Film mit Eminem - Schweizer Virtual Reality News\" \/>\n<meta property=\"og:description\" content=\"Die Felix &amp; Paul Studios statten dem Sundance Film Festival einen Besuch ab, um eine VR-Doku \u00fcber den&hellip;\" \/>\n<meta property=\"og:url\" content=\"https:\/\/vr-room.ch\/en\/2019\/01\/24\/vr-film-eminem-marshall-from-detroit\/\" \/>\n<meta property=\"og:site_name\" content=\"Schweizer Virtual Reality News\" \/>\n<meta property=\"article:published_time\" content=\"2019-01-24T10:10:14+00:00\" \/>\n<meta property=\"og:image\" content=\"https:\/\/vr-room.ch\/wp-content\/uploads\/2019\/01\/Eminem.jpg\" \/>\n\t<meta property=\"og:image:width\" content=\"1100\" \/>\n\t<meta property=\"og:image:height\" content=\"619\" \/>\n\t<meta property=\"og:image:type\" content=\"image\/jpeg\" \/>\n<meta name=\"author\" content=\"Michael\" \/>\n<meta name=\"twitter:card\" content=\"summary_large_image\" \/>\n<meta name=\"twitter:label1\" content=\"Written by\" \/>\n\t<meta name=\"twitter:data1\" content=\"Michael\" \/>\n\t<meta name=\"twitter:label2\" content=\"Estimated reading time\" \/>\n\t<meta name=\"twitter:data2\" content=\"1 minute\" \/>\n<script type=\"application\/ld+json\" class=\"yoast-schema-graph\">{\"@context\":\"https:\\\/\\\/schema.org\",\"@graph\":[{\"@type\":\"Article\",\"@id\":\"https:\\\/\\\/vr-room.ch\\\/en\\\/2019\\\/01\\\/24\\\/vr-film-eminem-marshall-from-detroit\\\/#article\",\"isPartOf\":{\"@id\":\"https:\\\/\\\/vr-room.ch\\\/en\\\/2019\\\/01\\\/24\\\/vr-film-eminem-marshall-from-detroit\\\/\"},\"author\":{\"name\":\"Michael\",\"@id\":\"http:\\\/\\\/vr-room.ch\\\/en\\\/#\\\/schema\\\/person\\\/4022b4e1fba06681ac263b25c0f1e3d2\"},\"headline\":\"VR-Film mit Eminem\",\"datePublished\":\"2019-01-24T10:10:14+00:00\",\"mainEntityOfPage\":{\"@id\":\"https:\\\/\\\/vr-room.ch\\\/en\\\/2019\\\/01\\\/24\\\/vr-film-eminem-marshall-from-detroit\\\/\"},\"wordCount\":212,\"commentCount\":0,\"image\":{\"@id\":\"https:\\\/\\\/vr-room.ch\\\/en\\\/2019\\\/01\\\/24\\\/vr-film-eminem-marshall-from-detroit\\\/#primaryimage\"},\"thumbnailUrl\":\"https:\\\/\\\/vr-room.ch\\\/wp-content\\\/uploads\\\/2019\\\/01\\\/Eminem.jpg\",\"articleSection\":[\"Entertainment\"],\"inLanguage\":\"en-GB\",\"potentialAction\":[{\"@type\":\"CommentAction\",\"name\":\"Comment\",\"target\":[\"https:\\\/\\\/vr-room.ch\\\/en\\\/2019\\\/01\\\/24\\\/vr-film-eminem-marshall-from-detroit\\\/#respond\"]}]},{\"@type\":\"WebPage\",\"@id\":\"https:\\\/\\\/vr-room.ch\\\/en\\\/2019\\\/01\\\/24\\\/vr-film-eminem-marshall-from-detroit\\\/\",\"url\":\"https:\\\/\\\/vr-room.ch\\\/en\\\/2019\\\/01\\\/24\\\/vr-film-eminem-marshall-from-detroit\\\/\",\"name\":\"VR-Film mit Eminem - Schweizer Virtual Reality News\",\"isPartOf\":{\"@id\":\"http:\\\/\\\/vr-room.ch\\\/en\\\/#website\"},\"primaryImageOfPage\":{\"@id\":\"https:\\\/\\\/vr-room.ch\\\/en\\\/2019\\\/01\\\/24\\\/vr-film-eminem-marshall-from-detroit\\\/#primaryimage\"},\"image\":{\"@id\":\"https:\\\/\\\/vr-room.ch\\\/en\\\/2019\\\/01\\\/24\\\/vr-film-eminem-marshall-from-detroit\\\/#primaryimage\"},\"thumbnailUrl\":\"https:\\\/\\\/vr-room.ch\\\/wp-content\\\/uploads\\\/2019\\\/01\\\/Eminem.jpg\",\"datePublished\":\"2019-01-24T10:10:14+00:00\",\"author\":{\"@id\":\"http:\\\/\\\/vr-room.ch\\\/en\\\/#\\\/schema\\\/person\\\/4022b4e1fba06681ac263b25c0f1e3d2\"},\"breadcrumb\":{\"@id\":\"https:\\\/\\\/vr-room.ch\\\/en\\\/2019\\\/01\\\/24\\\/vr-film-eminem-marshall-from-detroit\\\/#breadcrumb\"},\"inLanguage\":\"en-GB\",\"potentialAction\":[{\"@type\":\"ReadAction\",\"target\":[\"https:\\\/\\\/vr-room.ch\\\/en\\\/2019\\\/01\\\/24\\\/vr-film-eminem-marshall-from-detroit\\\/\"]}]},{\"@type\":\"ImageObject\",\"inLanguage\":\"en-GB\",\"@id\":\"https:\\\/\\\/vr-room.ch\\\/en\\\/2019\\\/01\\\/24\\\/vr-film-eminem-marshall-from-detroit\\\/#primaryimage\",\"url\":\"https:\\\/\\\/vr-room.ch\\\/wp-content\\\/uploads\\\/2019\\\/01\\\/Eminem.jpg\",\"contentUrl\":\"https:\\\/\\\/vr-room.ch\\\/wp-content\\\/uploads\\\/2019\\\/01\\\/Eminem.jpg\",\"width\":1100,\"height\":619},{\"@type\":\"BreadcrumbList\",\"@id\":\"https:\\\/\\\/vr-room.ch\\\/en\\\/2019\\\/01\\\/24\\\/vr-film-eminem-marshall-from-detroit\\\/#breadcrumb\",\"itemListElement\":[{\"@type\":\"ListItem\",\"position\":1,\"name\":\"Startseite\",\"item\":\"http:\\\/\\\/vr-room.ch\\\/en\\\/\"},{\"@type\":\"ListItem\",\"position\":2,\"name\":\"VR-Film mit Eminem\"}]},{\"@type\":\"WebSite\",\"@id\":\"http:\\\/\\\/vr-room.ch\\\/en\\\/#website\",\"url\":\"http:\\\/\\\/vr-room.ch\\\/en\\\/\",\"name\":\"Schweizer Virtual Reality News\",\"description\":\"\",\"potentialAction\":[{\"@type\":\"SearchAction\",\"target\":{\"@type\":\"EntryPoint\",\"urlTemplate\":\"http:\\\/\\\/vr-room.ch\\\/en\\\/?s={search_term_string}\"},\"query-input\":{\"@type\":\"PropertyValueSpecification\",\"valueRequired\":true,\"valueName\":\"search_term_string\"}}],\"inLanguage\":\"en-GB\"},{\"@type\":\"Person\",\"@id\":\"http:\\\/\\\/vr-room.ch\\\/en\\\/#\\\/schema\\\/person\\\/4022b4e1fba06681ac263b25c0f1e3d2\",\"name\":\"Michael\",\"image\":{\"@type\":\"ImageObject\",\"inLanguage\":\"en-GB\",\"@id\":\"https:\\\/\\\/vr-room.ch\\\/wp-content\\\/uploads\\\/2019\\\/05\\\/avatar_user_11_1558711168-96x96.jpg\",\"url\":\"https:\\\/\\\/vr-room.ch\\\/wp-content\\\/uploads\\\/2019\\\/05\\\/avatar_user_11_1558711168-96x96.jpg\",\"contentUrl\":\"https:\\\/\\\/vr-room.ch\\\/wp-content\\\/uploads\\\/2019\\\/05\\\/avatar_user_11_1558711168-96x96.jpg\",\"caption\":\"Michael\"},\"url\":\"https:\\\/\\\/vr-room.ch\\\/en\\\/author\\\/michael\\\/\"}]}<\/script>\n<!-- \/ Yoast SEO plugin. -->","yoast_head_json":{"title":"VR-Film mit Eminem - Schweizer Virtual Reality News","robots":{"index":"index","follow":"follow","max-snippet":"max-snippet:-1","max-image-preview":"max-image-preview:large","max-video-preview":"max-video-preview:-1"},"canonical":"https:\/\/vr-room.ch\/en\/2019\/01\/24\/vr-film-eminem-marshall-from-detroit\/","og_locale":"en_GB","og_type":"article","og_title":"VR-Film mit Eminem - Schweizer Virtual Reality News","og_description":"Die Felix &amp; Paul Studios statten dem Sundance Film Festival einen Besuch ab, um eine VR-Doku \u00fcber den&hellip;","og_url":"https:\/\/vr-room.ch\/en\/2019\/01\/24\/vr-film-eminem-marshall-from-detroit\/","og_site_name":"Schweizer Virtual Reality News","article_published_time":"2019-01-24T10:10:14+00:00","og_image":[{"width":1100,"height":619,"url":"https:\/\/vr-room.ch\/wp-content\/uploads\/2019\/01\/Eminem.jpg","type":"image\/jpeg"}],"author":"Michael","twitter_card":"summary_large_image","twitter_misc":{"Written by":"Michael","Estimated reading time":"1 minute"},"schema":{"@context":"https:\/\/schema.org","@graph":[{"@type":"Article","@id":"https:\/\/vr-room.ch\/en\/2019\/01\/24\/vr-film-eminem-marshall-from-detroit\/#article","isPartOf":{"@id":"https:\/\/vr-room.ch\/en\/2019\/01\/24\/vr-film-eminem-marshall-from-detroit\/"},"author":{"name":"Michael","@id":"http:\/\/vr-room.ch\/en\/#\/schema\/person\/4022b4e1fba06681ac263b25c0f1e3d2"},"headline":"VR-Film mit Eminem","datePublished":"2019-01-24T10:10:14+00:00","mainEntityOfPage":{"@id":"https:\/\/vr-room.ch\/en\/2019\/01\/24\/vr-film-eminem-marshall-from-detroit\/"},"wordCount":212,"commentCount":0,"image":{"@id":"https:\/\/vr-room.ch\/en\/2019\/01\/24\/vr-film-eminem-marshall-from-detroit\/#primaryimage"},"thumbnailUrl":"https:\/\/vr-room.ch\/wp-content\/uploads\/2019\/01\/Eminem.jpg","articleSection":["Entertainment"],"inLanguage":"en-GB","potentialAction":[{"@type":"CommentAction","name":"Comment","target":["https:\/\/vr-room.ch\/en\/2019\/01\/24\/vr-film-eminem-marshall-from-detroit\/#respond"]}]},{"@type":"WebPage","@id":"https:\/\/vr-room.ch\/en\/2019\/01\/24\/vr-film-eminem-marshall-from-detroit\/","url":"https:\/\/vr-room.ch\/en\/2019\/01\/24\/vr-film-eminem-marshall-from-detroit\/","name":"VR-Film mit Eminem - Schweizer Virtual Reality News","isPartOf":{"@id":"http:\/\/vr-room.ch\/en\/#website"},"primaryImageOfPage":{"@id":"https:\/\/vr-room.ch\/en\/2019\/01\/24\/vr-film-eminem-marshall-from-detroit\/#primaryimage"},"image":{"@id":"https:\/\/vr-room.ch\/en\/2019\/01\/24\/vr-film-eminem-marshall-from-detroit\/#primaryimage"},"thumbnailUrl":"https:\/\/vr-room.ch\/wp-content\/uploads\/2019\/01\/Eminem.jpg","datePublished":"2019-01-24T10:10:14+00:00","author":{"@id":"http:\/\/vr-room.ch\/en\/#\/schema\/person\/4022b4e1fba06681ac263b25c0f1e3d2"},"breadcrumb":{"@id":"https:\/\/vr-room.ch\/en\/2019\/01\/24\/vr-film-eminem-marshall-from-detroit\/#breadcrumb"},"inLanguage":"en-GB","potentialAction":[{"@type":"ReadAction","target":["https:\/\/vr-room.ch\/en\/2019\/01\/24\/vr-film-eminem-marshall-from-detroit\/"]}]},{"@type":"ImageObject","inLanguage":"en-GB","@id":"https:\/\/vr-room.ch\/en\/2019\/01\/24\/vr-film-eminem-marshall-from-detroit\/#primaryimage","url":"https:\/\/vr-room.ch\/wp-content\/uploads\/2019\/01\/Eminem.jpg","contentUrl":"https:\/\/vr-room.ch\/wp-content\/uploads\/2019\/01\/Eminem.jpg","width":1100,"height":619},{"@type":"BreadcrumbList","@id":"https:\/\/vr-room.ch\/en\/2019\/01\/24\/vr-film-eminem-marshall-from-detroit\/#breadcrumb","itemListElement":[{"@type":"ListItem","position":1,"name":"Startseite","item":"http:\/\/vr-room.ch\/en\/"},{"@type":"ListItem","position":2,"name":"VR-Film mit Eminem"}]},{"@type":"WebSite","@id":"http:\/\/vr-room.ch\/en\/#website","url":"http:\/\/vr-room.ch\/en\/","name":"Swiss Virtual Reality News","description":"","potentialAction":[{"@type":"SearchAction","target":{"@type":"EntryPoint","urlTemplate":"http:\/\/vr-room.ch\/en\/?s={search_term_string}"},"query-input":{"@type":"PropertyValueSpecification","valueRequired":true,"valueName":"search_term_string"}}],"inLanguage":"en-GB"},{"@type":"Person","@id":"http:\/\/vr-room.ch\/en\/#\/schema\/person\/4022b4e1fba06681ac263b25c0f1e3d2","name":"Michael","image":{"@type":"ImageObject","inLanguage":"en-GB","@id":"https:\/\/vr-room.ch\/wp-content\/uploads\/2019\/05\/avatar_user_11_1558711168-96x96.jpg","url":"https:\/\/vr-room.ch\/wp-content\/uploads\/2019\/05\/avatar_user_11_1558711168-96x96.jpg","contentUrl":"https:\/\/vr-room.ch\/wp-content\/uploads\/2019\/05\/avatar_user_11_1558711168-96x96.jpg","caption":"Michael"},"url":"https:\/\/vr-room.ch\/en\/author\/michael\/"}]}},"_links":{"self":[{"href":"https:\/\/vr-room.ch\/en\/wp-json\/wp\/v2\/posts\/12697","targetHints":{"allow":["GET"]}}],"collection":[{"href":"https:\/\/vr-room.ch\/en\/wp-json\/wp\/v2\/posts"}],"about":[{"href":"https:\/\/vr-room.ch\/en\/wp-json\/wp\/v2\/types\/post"}],"author":[{"embeddable":true,"href":"https:\/\/vr-room.ch\/en\/wp-json\/wp\/v2\/users\/11"}],"replies":[{"embeddable":true,"href":"https:\/\/vr-room.ch\/en\/wp-json\/wp\/v2\/comments?post=12697"}],"version-history":[{"count":0,"href":"https:\/\/vr-room.ch\/en\/wp-json\/wp\/v2\/posts\/12697\/revisions"}],"wp:featuredmedia":[{"embeddable":true,"href":"https:\/\/vr-room.ch\/en\/wp-json\/wp\/v2\/media\/12699"}],"wp:attachment":[{"href":"https:\/\/vr-room.ch\/en\/wp-json\/wp\/v2\/media?parent=12697"}],"wp:term":[{"taxonomy":"category","embeddable":true,"href":"https:\/\/vr-room.ch\/en\/wp-json\/wp\/v2\/categories?post=12697"},{"taxonomy":"post_tag","embeddable":true,"href":"https:\/\/vr-room.ch\/en\/wp-json\/wp\/v2\/tags?post=12697"}],"curies":[{"name":"wp","href":"https:\/\/api.w.org\/{rel}","templated":true}]}}