{"id":12596,"date":"2019-01-19T11:49:19","date_gmt":"2019-01-19T11:49:19","guid":{"rendered":"http:\/\/vr-room.ch\/?p=12596"},"modified":"2019-01-19T11:52:36","modified_gmt":"2019-01-19T11:52:36","slug":"vr-konzert-hikaru-utada","status":"publish","type":"post","link":"https:\/\/vr-room.ch\/en\/2019\/01\/19\/vr-konzert-hikaru-utada\/","title":{"rendered":"VR Concert with Hikaru Utada"},"content":{"rendered":"<p>Zu Hikaru Utadas Konzert &#8222;Hikaru Utada\u2019s Laughter in the Dark Tour 2018&#8220; wurde ein VR-Erlebnis aufgenommen (&#8222;Hikari &amp; Chikai VR&#8220;). Das ist jetzt kostenlos f\u00fcr PlayStation VR erh\u00e4ltlich (via PlayStation Store).<\/p>\n<p>The concert was recorded on 7 November 2018 in the Yokohama Arena. In the VR experience perfroms <a href=\"https:\/\/de.wikipedia.org\/wiki\/Hikaru_Utada\">Hikaru Utada<\/a> two songs from the role-playing game <a href=\"https:\/\/www.kingdomhearts.com\/3\/de\/home\/\">&#8222;Kingdom Hearts 3&#8220;<\/a>. Es sind &#8222;Hikari&#8220; (Theme-Song) und &#8222;Chikai&#8220; (Ending-Theme-Song). Um das Erlebnis realistischer zu gestalten, wurden drei verschiedene Kameras und Aufnahmestile verwendet.<\/p>\n<p>Dazu heisst es: &#8222;Zuerst wurde mit einer 4K Stereo\/3D Kran-Kamera w\u00e4hrend der Vorw\u00e4rts- und R\u00fcckw\u00e4rtsbewegung gedreht. Dann wurde die gleiche Kran-Kamera verwendet, um links und rechts herum von Hikaru Utada zu filmen. Zum Schluss wurden 6K-180-Grad-Kameras verwendet, um aus gr\u00f6sserer Entfernung und mittlerer Entfernung aufzunehmen und gleichzeitig zu zoomen. Jede Szene wurde mit den neuesten Ger\u00e4ten von Sony PCL gedreht.&#8220;<\/p>\n<p><a href=\"https:\/\/blog.de.playstation.com\/2019\/01\/17\/hikaru-utada-performt-hikari-und-chikai-in-playstation-vr\/\">Sony's Takao Uehara says<\/a>: &#8222;Dieses VR-Erlebnis vermittelt euch das Gef\u00fchl, direkt in der Arena zu sein. Ihr k\u00f6nnt sehen, wie sie die beiden Songs aus verschiedenen Blickwinkeln spielt. Schaut zu, wie sie direkt vor euren Augen oder aus weiter Entfernung begeistert singt, um euch einen gr\u00f6sseren \u00dcberblick \u00fcber den gesamten Veranstaltungsort zu verschaffen.&#8220; Ein Trailer liefert musikalische Impressionen.<\/p>\n<div style=\"width: 640px;\" class=\"wp-video\"><video class=\"wp-video-shortcode\" id=\"video-12596-1\" width=\"640\" height=\"360\" loop preload=\"metadata\" controls=\"controls\"><source type=\"video\/youtube\" src=\"https:\/\/www.youtube.com\/watch?v=2Izxsp2Ut4U&#038;_=1\" \/><a href=\"https:\/\/www.youtube.com\/watch?v=2Izxsp2Ut4U\">https:\/\/www.youtube.com\/watch?v=2Izxsp2Ut4U<\/a><\/video><\/div>\n<p>Source: <a href=\"https:\/\/blog.de.playstation.com\/2019\/01\/17\/hikaru-utada-performt-hikari-und-chikai-in-playstation-vr\/\">Official PlayStation Blog<\/a><\/p>\n<p>&nbsp;<\/p>","protected":false},"excerpt":{"rendered":"Zu Hikaru Utadas Konzert &#8222;Hikaru Utada\u2019s Laughter in the Dark Tour 2018&#8220; wurde ein VR-Erlebnis aufgenommen (&#8222;Hikari &amp;&hellip;","protected":false},"author":11,"featured_media":12597,"comment_status":"open","ping_status":"open","sticky":false,"template":"","format":"standard","meta":{"footnotes":""},"categories":[4],"tags":[],"class_list":{"0":"post-12596","1":"post","2":"type-post","3":"status-publish","4":"format-standard","5":"has-post-thumbnail","7":"category-virtual-reality-entertainment","8":"cs-entry","9":"cs-video-wrap"},"yoast_head":"<!-- This site is optimized with the Yoast SEO plugin v27.4 - https:\/\/yoast.com\/product\/yoast-seo-wordpress\/ -->\n<title>VR-Konzert mit Hikaru Utada - Schweizer Virtual Reality News<\/title>\n<meta name=\"robots\" content=\"index, follow, max-snippet:-1, max-image-preview:large, max-video-preview:-1\" \/>\n<link rel=\"canonical\" href=\"https:\/\/vr-room.ch\/en\/2019\/01\/19\/vr-konzert-hikaru-utada\/\" \/>\n<meta property=\"og:locale\" content=\"en_GB\" \/>\n<meta property=\"og:type\" content=\"article\" \/>\n<meta property=\"og:title\" content=\"VR-Konzert mit Hikaru Utada - Schweizer Virtual Reality News\" \/>\n<meta property=\"og:description\" content=\"Zu Hikaru Utadas Konzert &#8222;Hikaru Utada\u2019s Laughter in the Dark Tour 2018&#8220; wurde ein VR-Erlebnis aufgenommen (&#8222;Hikari &amp;&hellip;\" \/>\n<meta property=\"og:url\" content=\"https:\/\/vr-room.ch\/en\/2019\/01\/19\/vr-konzert-hikaru-utada\/\" \/>\n<meta property=\"og:site_name\" content=\"Schweizer Virtual Reality News\" \/>\n<meta property=\"article:published_time\" content=\"2019-01-19T11:49:19+00:00\" \/>\n<meta property=\"article:modified_time\" content=\"2019-01-19T11:52:36+00:00\" \/>\n<meta property=\"og:image\" content=\"https:\/\/vr-room.ch\/wp-content\/uploads\/2019\/01\/Hikaru-Utada-scaled.jpg\" \/>\n\t<meta property=\"og:image:width\" content=\"2560\" \/>\n\t<meta property=\"og:image:height\" content=\"1707\" \/>\n\t<meta property=\"og:image:type\" content=\"image\/jpeg\" \/>\n<meta name=\"author\" content=\"Michael\" \/>\n<meta name=\"twitter:card\" content=\"summary_large_image\" \/>\n<meta name=\"twitter:label1\" content=\"Written by\" \/>\n\t<meta name=\"twitter:data1\" content=\"Michael\" \/>\n\t<meta name=\"twitter:label2\" content=\"Estimated reading time\" \/>\n\t<meta name=\"twitter:data2\" content=\"1 minute\" \/>\n<script type=\"application\/ld+json\" class=\"yoast-schema-graph\">{\"@context\":\"https:\\\/\\\/schema.org\",\"@graph\":[{\"@type\":\"Article\",\"@id\":\"https:\\\/\\\/vr-room.ch\\\/it\\\/2019\\\/01\\\/19\\\/vr-konzert-hikaru-utada\\\/#article\",\"isPartOf\":{\"@id\":\"https:\\\/\\\/vr-room.ch\\\/it\\\/2019\\\/01\\\/19\\\/vr-konzert-hikaru-utada\\\/\"},\"author\":{\"name\":\"Michael\",\"@id\":\"http:\\\/\\\/vr-room.ch\\\/en\\\/#\\\/schema\\\/person\\\/4022b4e1fba06681ac263b25c0f1e3d2\"},\"headline\":\"VR-Konzert mit Hikaru Utada\",\"datePublished\":\"2019-01-19T11:49:19+00:00\",\"dateModified\":\"2019-01-19T11:52:36+00:00\",\"mainEntityOfPage\":{\"@id\":\"https:\\\/\\\/vr-room.ch\\\/it\\\/2019\\\/01\\\/19\\\/vr-konzert-hikaru-utada\\\/\"},\"wordCount\":229,\"commentCount\":0,\"image\":{\"@id\":\"https:\\\/\\\/vr-room.ch\\\/it\\\/2019\\\/01\\\/19\\\/vr-konzert-hikaru-utada\\\/#primaryimage\"},\"thumbnailUrl\":\"https:\\\/\\\/vr-room.ch\\\/wp-content\\\/uploads\\\/2019\\\/01\\\/Hikaru-Utada-scaled.jpg\",\"articleSection\":[\"Entertainment\"],\"inLanguage\":\"en-GB\",\"potentialAction\":[{\"@type\":\"CommentAction\",\"name\":\"Comment\",\"target\":[\"https:\\\/\\\/vr-room.ch\\\/it\\\/2019\\\/01\\\/19\\\/vr-konzert-hikaru-utada\\\/#respond\"]}]},{\"@type\":\"WebPage\",\"@id\":\"https:\\\/\\\/vr-room.ch\\\/it\\\/2019\\\/01\\\/19\\\/vr-konzert-hikaru-utada\\\/\",\"url\":\"https:\\\/\\\/vr-room.ch\\\/it\\\/2019\\\/01\\\/19\\\/vr-konzert-hikaru-utada\\\/\",\"name\":\"VR-Konzert mit Hikaru Utada - Schweizer Virtual Reality News\",\"isPartOf\":{\"@id\":\"http:\\\/\\\/vr-room.ch\\\/en\\\/#website\"},\"primaryImageOfPage\":{\"@id\":\"https:\\\/\\\/vr-room.ch\\\/it\\\/2019\\\/01\\\/19\\\/vr-konzert-hikaru-utada\\\/#primaryimage\"},\"image\":{\"@id\":\"https:\\\/\\\/vr-room.ch\\\/it\\\/2019\\\/01\\\/19\\\/vr-konzert-hikaru-utada\\\/#primaryimage\"},\"thumbnailUrl\":\"https:\\\/\\\/vr-room.ch\\\/wp-content\\\/uploads\\\/2019\\\/01\\\/Hikaru-Utada-scaled.jpg\",\"datePublished\":\"2019-01-19T11:49:19+00:00\",\"dateModified\":\"2019-01-19T11:52:36+00:00\",\"author\":{\"@id\":\"http:\\\/\\\/vr-room.ch\\\/en\\\/#\\\/schema\\\/person\\\/4022b4e1fba06681ac263b25c0f1e3d2\"},\"breadcrumb\":{\"@id\":\"https:\\\/\\\/vr-room.ch\\\/it\\\/2019\\\/01\\\/19\\\/vr-konzert-hikaru-utada\\\/#breadcrumb\"},\"inLanguage\":\"en-GB\",\"potentialAction\":[{\"@type\":\"ReadAction\",\"target\":[\"https:\\\/\\\/vr-room.ch\\\/it\\\/2019\\\/01\\\/19\\\/vr-konzert-hikaru-utada\\\/\"]}]},{\"@type\":\"ImageObject\",\"inLanguage\":\"en-GB\",\"@id\":\"https:\\\/\\\/vr-room.ch\\\/it\\\/2019\\\/01\\\/19\\\/vr-konzert-hikaru-utada\\\/#primaryimage\",\"url\":\"https:\\\/\\\/vr-room.ch\\\/wp-content\\\/uploads\\\/2019\\\/01\\\/Hikaru-Utada-scaled.jpg\",\"contentUrl\":\"https:\\\/\\\/vr-room.ch\\\/wp-content\\\/uploads\\\/2019\\\/01\\\/Hikaru-Utada-scaled.jpg\",\"width\":2560,\"height\":1707},{\"@type\":\"BreadcrumbList\",\"@id\":\"https:\\\/\\\/vr-room.ch\\\/it\\\/2019\\\/01\\\/19\\\/vr-konzert-hikaru-utada\\\/#breadcrumb\",\"itemListElement\":[{\"@type\":\"ListItem\",\"position\":1,\"name\":\"Startseite\",\"item\":\"http:\\\/\\\/vr-room.ch\\\/en\\\/\"},{\"@type\":\"ListItem\",\"position\":2,\"name\":\"VR-Konzert mit Hikaru Utada\"}]},{\"@type\":\"WebSite\",\"@id\":\"http:\\\/\\\/vr-room.ch\\\/en\\\/#website\",\"url\":\"http:\\\/\\\/vr-room.ch\\\/en\\\/\",\"name\":\"Schweizer Virtual Reality News\",\"description\":\"\",\"potentialAction\":[{\"@type\":\"SearchAction\",\"target\":{\"@type\":\"EntryPoint\",\"urlTemplate\":\"http:\\\/\\\/vr-room.ch\\\/en\\\/?s={search_term_string}\"},\"query-input\":{\"@type\":\"PropertyValueSpecification\",\"valueRequired\":true,\"valueName\":\"search_term_string\"}}],\"inLanguage\":\"en-GB\"},{\"@type\":\"Person\",\"@id\":\"http:\\\/\\\/vr-room.ch\\\/en\\\/#\\\/schema\\\/person\\\/4022b4e1fba06681ac263b25c0f1e3d2\",\"name\":\"Michael\",\"image\":{\"@type\":\"ImageObject\",\"inLanguage\":\"en-GB\",\"@id\":\"https:\\\/\\\/vr-room.ch\\\/wp-content\\\/uploads\\\/2019\\\/05\\\/avatar_user_11_1558711168-96x96.jpg\",\"url\":\"https:\\\/\\\/vr-room.ch\\\/wp-content\\\/uploads\\\/2019\\\/05\\\/avatar_user_11_1558711168-96x96.jpg\",\"contentUrl\":\"https:\\\/\\\/vr-room.ch\\\/wp-content\\\/uploads\\\/2019\\\/05\\\/avatar_user_11_1558711168-96x96.jpg\",\"caption\":\"Michael\"},\"url\":\"https:\\\/\\\/vr-room.ch\\\/en\\\/author\\\/michael\\\/\"}]}<\/script>\n<!-- \/ Yoast SEO plugin. -->","yoast_head_json":{"title":"VR-Konzert mit Hikaru Utada - Schweizer Virtual Reality News","robots":{"index":"index","follow":"follow","max-snippet":"max-snippet:-1","max-image-preview":"max-image-preview:large","max-video-preview":"max-video-preview:-1"},"canonical":"https:\/\/vr-room.ch\/en\/2019\/01\/19\/vr-konzert-hikaru-utada\/","og_locale":"en_GB","og_type":"article","og_title":"VR-Konzert mit Hikaru Utada - Schweizer Virtual Reality News","og_description":"Zu Hikaru Utadas Konzert &#8222;Hikaru Utada\u2019s Laughter in the Dark Tour 2018&#8220; wurde ein VR-Erlebnis aufgenommen (&#8222;Hikari &amp;&hellip;","og_url":"https:\/\/vr-room.ch\/en\/2019\/01\/19\/vr-konzert-hikaru-utada\/","og_site_name":"Schweizer Virtual Reality News","article_published_time":"2019-01-19T11:49:19+00:00","article_modified_time":"2019-01-19T11:52:36+00:00","og_image":[{"width":2560,"height":1707,"url":"https:\/\/vr-room.ch\/wp-content\/uploads\/2019\/01\/Hikaru-Utada-scaled.jpg","type":"image\/jpeg"}],"author":"Michael","twitter_card":"summary_large_image","twitter_misc":{"Written by":"Michael","Estimated reading time":"1 minute"},"schema":{"@context":"https:\/\/schema.org","@graph":[{"@type":"Article","@id":"https:\/\/vr-room.ch\/it\/2019\/01\/19\/vr-konzert-hikaru-utada\/#article","isPartOf":{"@id":"https:\/\/vr-room.ch\/it\/2019\/01\/19\/vr-konzert-hikaru-utada\/"},"author":{"name":"Michael","@id":"http:\/\/vr-room.ch\/en\/#\/schema\/person\/4022b4e1fba06681ac263b25c0f1e3d2"},"headline":"VR-Konzert mit Hikaru Utada","datePublished":"2019-01-19T11:49:19+00:00","dateModified":"2019-01-19T11:52:36+00:00","mainEntityOfPage":{"@id":"https:\/\/vr-room.ch\/it\/2019\/01\/19\/vr-konzert-hikaru-utada\/"},"wordCount":229,"commentCount":0,"image":{"@id":"https:\/\/vr-room.ch\/it\/2019\/01\/19\/vr-konzert-hikaru-utada\/#primaryimage"},"thumbnailUrl":"https:\/\/vr-room.ch\/wp-content\/uploads\/2019\/01\/Hikaru-Utada-scaled.jpg","articleSection":["Entertainment"],"inLanguage":"en-GB","potentialAction":[{"@type":"CommentAction","name":"Comment","target":["https:\/\/vr-room.ch\/it\/2019\/01\/19\/vr-konzert-hikaru-utada\/#respond"]}]},{"@type":"WebPage","@id":"https:\/\/vr-room.ch\/it\/2019\/01\/19\/vr-konzert-hikaru-utada\/","url":"https:\/\/vr-room.ch\/it\/2019\/01\/19\/vr-konzert-hikaru-utada\/","name":"VR-Konzert mit Hikaru Utada - Schweizer Virtual Reality News","isPartOf":{"@id":"http:\/\/vr-room.ch\/en\/#website"},"primaryImageOfPage":{"@id":"https:\/\/vr-room.ch\/it\/2019\/01\/19\/vr-konzert-hikaru-utada\/#primaryimage"},"image":{"@id":"https:\/\/vr-room.ch\/it\/2019\/01\/19\/vr-konzert-hikaru-utada\/#primaryimage"},"thumbnailUrl":"https:\/\/vr-room.ch\/wp-content\/uploads\/2019\/01\/Hikaru-Utada-scaled.jpg","datePublished":"2019-01-19T11:49:19+00:00","dateModified":"2019-01-19T11:52:36+00:00","author":{"@id":"http:\/\/vr-room.ch\/en\/#\/schema\/person\/4022b4e1fba06681ac263b25c0f1e3d2"},"breadcrumb":{"@id":"https:\/\/vr-room.ch\/it\/2019\/01\/19\/vr-konzert-hikaru-utada\/#breadcrumb"},"inLanguage":"en-GB","potentialAction":[{"@type":"ReadAction","target":["https:\/\/vr-room.ch\/it\/2019\/01\/19\/vr-konzert-hikaru-utada\/"]}]},{"@type":"ImageObject","inLanguage":"en-GB","@id":"https:\/\/vr-room.ch\/it\/2019\/01\/19\/vr-konzert-hikaru-utada\/#primaryimage","url":"https:\/\/vr-room.ch\/wp-content\/uploads\/2019\/01\/Hikaru-Utada-scaled.jpg","contentUrl":"https:\/\/vr-room.ch\/wp-content\/uploads\/2019\/01\/Hikaru-Utada-scaled.jpg","width":2560,"height":1707},{"@type":"BreadcrumbList","@id":"https:\/\/vr-room.ch\/it\/2019\/01\/19\/vr-konzert-hikaru-utada\/#breadcrumb","itemListElement":[{"@type":"ListItem","position":1,"name":"Startseite","item":"http:\/\/vr-room.ch\/en\/"},{"@type":"ListItem","position":2,"name":"VR-Konzert mit Hikaru Utada"}]},{"@type":"WebSite","@id":"http:\/\/vr-room.ch\/en\/#website","url":"http:\/\/vr-room.ch\/en\/","name":"Swiss Virtual Reality News","description":"","potentialAction":[{"@type":"SearchAction","target":{"@type":"EntryPoint","urlTemplate":"http:\/\/vr-room.ch\/en\/?s={search_term_string}"},"query-input":{"@type":"PropertyValueSpecification","valueRequired":true,"valueName":"search_term_string"}}],"inLanguage":"en-GB"},{"@type":"Person","@id":"http:\/\/vr-room.ch\/en\/#\/schema\/person\/4022b4e1fba06681ac263b25c0f1e3d2","name":"Michael","image":{"@type":"ImageObject","inLanguage":"en-GB","@id":"https:\/\/vr-room.ch\/wp-content\/uploads\/2019\/05\/avatar_user_11_1558711168-96x96.jpg","url":"https:\/\/vr-room.ch\/wp-content\/uploads\/2019\/05\/avatar_user_11_1558711168-96x96.jpg","contentUrl":"https:\/\/vr-room.ch\/wp-content\/uploads\/2019\/05\/avatar_user_11_1558711168-96x96.jpg","caption":"Michael"},"url":"https:\/\/vr-room.ch\/en\/author\/michael\/"}]}},"_links":{"self":[{"href":"https:\/\/vr-room.ch\/en\/wp-json\/wp\/v2\/posts\/12596","targetHints":{"allow":["GET"]}}],"collection":[{"href":"https:\/\/vr-room.ch\/en\/wp-json\/wp\/v2\/posts"}],"about":[{"href":"https:\/\/vr-room.ch\/en\/wp-json\/wp\/v2\/types\/post"}],"author":[{"embeddable":true,"href":"https:\/\/vr-room.ch\/en\/wp-json\/wp\/v2\/users\/11"}],"replies":[{"embeddable":true,"href":"https:\/\/vr-room.ch\/en\/wp-json\/wp\/v2\/comments?post=12596"}],"version-history":[{"count":0,"href":"https:\/\/vr-room.ch\/en\/wp-json\/wp\/v2\/posts\/12596\/revisions"}],"wp:featuredmedia":[{"embeddable":true,"href":"https:\/\/vr-room.ch\/en\/wp-json\/wp\/v2\/media\/12597"}],"wp:attachment":[{"href":"https:\/\/vr-room.ch\/en\/wp-json\/wp\/v2\/media?parent=12596"}],"wp:term":[{"taxonomy":"category","embeddable":true,"href":"https:\/\/vr-room.ch\/en\/wp-json\/wp\/v2\/categories?post=12596"},{"taxonomy":"post_tag","embeddable":true,"href":"https:\/\/vr-room.ch\/en\/wp-json\/wp\/v2\/tags?post=12596"}],"curies":[{"name":"wp","href":"https:\/\/api.w.org\/{rel}","templated":true}]}}