{"id":11817,"date":"2018-11-16T10:00:37","date_gmt":"2018-11-16T10:00:37","guid":{"rendered":"http:\/\/vr-room.ch\/?p=11817"},"modified":"2018-11-16T10:02:27","modified_gmt":"2018-11-16T10:02:27","slug":"vr-animationskurzfilm-crow-the-legend-oprah-winfrey","status":"publish","type":"post","link":"https:\/\/vr-room.ch\/en\/2018\/11\/16\/vr-animationskurzfilm-crow-the-legend-oprah-winfrey\/","title":{"rendered":"VR animation short film Crow: The Legend with Oprah Winfrey"},"content":{"rendered":"<p>Der VR-Animationskurzfilm &#8222;Crow: The Legend&#8220; wurde ver\u00f6ffentlicht. Der Film mit den Hauptdarstellern John Legend, Oprah Winfrey und Constance Wu ist eine neue Zusammenarbeit zwischen den <a href=\"https:\/\/www.baobabstudios.com\/\">Baobab Studios<\/a> and Oculus Studios.<\/p>\n<p>&#8222;Crow: The Legend&#8220; gibt dem Nutzer die aktive Rolle \u00fcber eine Kr\u00e4he mit der M\u00f6glichkeit, Wetter und Umwelt mit Touch-Controllern zu beeinflussen. &#8222;Crow: The Legend bringt das Geschichtenerz\u00e4hlen und Musik auf eine Weise zusammen, die noch niemand sonst in der virtuellen Realit\u00e4t in dieser Form getan hat. Es ist ein unglaubliches Medium, um eine Reise der Selbstfindung anzuregen und den Weg in Zeiten der Dunkelheit zu finden,&#8220; erkl\u00e4rt John Legend. &#8222;In Anbetracht dessen, was in der heutigen Welt passiert, ist es eine Botschaft von tiefer Bedeutung, die Menschen aus allen Bereichen des Lebens annehmen k\u00f6nnen.&#8220;<\/p>\n<p>Um die Geschichte von &#8222;Crow: The Legend&#8220; zu erz\u00e4hlen, sind die Baobab Studios eine Partnerschaft mit den Native Americans in Philanthropy (NAP) eingegangen. Sarah Eagle Heart, CEO von NAP: &#8222;Wir teilen diese Weisheit durch Geschichtenerz\u00e4hlen, mit Geschichten, die \u00fcber Tausende von Jahren hinweg \u00fcber viele Generationen weitergegeben wurden. Wir sind emotional, physisch und spirituell mit diesen Geschichten verbunden, die uns Recht vom Unrecht lehren und einen Rahmen f\u00fcr ein erf\u00fclltes, mitf\u00fchlendes und engagiertes Leben bieten.&#8220;<\/p>\n<p>&#8222;Crow: The Legend&#8220; kann \u00fcber <a href=\"https:\/\/www.youtube.com\/watch?v=KYFrgc6OiLg\">YouTube<\/a> can be viewed. Or you can get the free VR app for <a href=\"https:\/\/www.oculus.com\/experiences\/rift\/1939359989460713\/\">Oculus Rift<\/a>, <a href=\"https:\/\/www.oculus.com\/experiences\/gear-vr\/2600000103359534\/\">Oculus Go<\/a> and <a href=\"https:\/\/www.oculus.com\/experiences\/gear-vr\/2600000103359534\/\">Samsung Gear VR<\/a>. Further information is available on the <a href=\"https:\/\/www.baobabstudios.com\/download\">official side<\/a> available.<\/p>\n<div style=\"width: 640px;\" class=\"wp-video\"><video class=\"wp-video-shortcode\" id=\"video-11817-1\" width=\"640\" height=\"360\" loop preload=\"metadata\" controls=\"controls\"><source type=\"video\/youtube\" src=\"https:\/\/www.youtube.com\/watch?v=G5H9kKtlCiI&#038;_=1\" \/><a href=\"https:\/\/www.youtube.com\/watch?v=G5H9kKtlCiI\">https:\/\/www.youtube.com\/watch?v=G5H9kKtlCiI<\/a><\/video><\/div>\n<div style=\"width: 640px;\" class=\"wp-video\"><video class=\"wp-video-shortcode\" id=\"video-11817-2\" width=\"640\" height=\"360\" loop preload=\"metadata\" controls=\"controls\"><source type=\"video\/youtube\" src=\"https:\/\/www.youtube.com\/watch?v=KYFrgc6OiLg&#038;_=2\" \/><a href=\"https:\/\/www.youtube.com\/watch?v=KYFrgc6OiLg\">https:\/\/www.youtube.com\/watch?v=KYFrgc6OiLg<\/a><\/video><\/div>\n<p>Source: Press release<\/p>","protected":false},"excerpt":{"rendered":"Der VR-Animationskurzfilm &#8222;Crow: The Legend&#8220; wurde ver\u00f6ffentlicht. Der Film mit den Hauptdarstellern John Legend, Oprah Winfrey und Constance&hellip;","protected":false},"author":11,"featured_media":11821,"comment_status":"open","ping_status":"open","sticky":false,"template":"","format":"standard","meta":{"footnotes":""},"categories":[4],"tags":[],"class_list":{"0":"post-11817","1":"post","2":"type-post","3":"status-publish","4":"format-standard","5":"has-post-thumbnail","7":"category-virtual-reality-entertainment","8":"cs-entry","9":"cs-video-wrap"},"yoast_head":"<!-- This site is optimized with the Yoast SEO plugin v27.4 - https:\/\/yoast.com\/product\/yoast-seo-wordpress\/ -->\n<title>VR-Animationskurzfilm Crow: The Legend mit Oprah Winfrey - Schweizer Virtual Reality News<\/title>\n<meta name=\"robots\" content=\"index, follow, max-snippet:-1, max-image-preview:large, max-video-preview:-1\" \/>\n<link rel=\"canonical\" href=\"http:\/\/vr-room.ch\/en\/2018\/11\/16\/vr-animationskurzfilm-crow-the-legend-oprah-winfrey\/\" \/>\n<meta property=\"og:locale\" content=\"en_GB\" \/>\n<meta property=\"og:type\" content=\"article\" \/>\n<meta property=\"og:title\" content=\"VR-Animationskurzfilm Crow: The Legend mit Oprah Winfrey - Schweizer Virtual Reality News\" \/>\n<meta property=\"og:description\" content=\"Der VR-Animationskurzfilm &#8222;Crow: The Legend&#8220; wurde ver\u00f6ffentlicht. Der Film mit den Hauptdarstellern John Legend, Oprah Winfrey und Constance&hellip;\" \/>\n<meta property=\"og:url\" content=\"http:\/\/vr-room.ch\/en\/2018\/11\/16\/vr-animationskurzfilm-crow-the-legend-oprah-winfrey\/\" \/>\n<meta property=\"og:site_name\" content=\"Schweizer Virtual Reality News\" \/>\n<meta property=\"article:published_time\" content=\"2018-11-16T10:00:37+00:00\" \/>\n<meta property=\"article:modified_time\" content=\"2018-11-16T10:02:27+00:00\" \/>\n<meta property=\"og:image\" content=\"https:\/\/vr-room.ch\/wp-content\/uploads\/2018\/11\/Crow-scaled.jpg\" \/>\n\t<meta property=\"og:image:width\" content=\"2560\" \/>\n\t<meta property=\"og:image:height\" content=\"1463\" \/>\n\t<meta property=\"og:image:type\" content=\"image\/jpeg\" \/>\n<meta name=\"author\" content=\"Michael\" \/>\n<meta name=\"twitter:card\" content=\"summary_large_image\" \/>\n<meta name=\"twitter:label1\" content=\"Written by\" \/>\n\t<meta name=\"twitter:data1\" content=\"Michael\" \/>\n\t<meta name=\"twitter:label2\" content=\"Estimated reading time\" \/>\n\t<meta name=\"twitter:data2\" content=\"1 minute\" \/>\n<script type=\"application\/ld+json\" class=\"yoast-schema-graph\">{\"@context\":\"https:\\\/\\\/schema.org\",\"@graph\":[{\"@type\":\"Article\",\"@id\":\"http:\\\/\\\/vr-room.ch\\\/fr\\\/2018\\\/11\\\/16\\\/vr-animationskurzfilm-crow-the-legend-oprah-winfrey\\\/#article\",\"isPartOf\":{\"@id\":\"http:\\\/\\\/vr-room.ch\\\/fr\\\/2018\\\/11\\\/16\\\/vr-animationskurzfilm-crow-the-legend-oprah-winfrey\\\/\"},\"author\":{\"name\":\"Michael\",\"@id\":\"http:\\\/\\\/vr-room.ch\\\/en\\\/#\\\/schema\\\/person\\\/4022b4e1fba06681ac263b25c0f1e3d2\"},\"headline\":\"VR-Animationskurzfilm Crow: The Legend mit Oprah Winfrey\",\"datePublished\":\"2018-11-16T10:00:37+00:00\",\"dateModified\":\"2018-11-16T10:02:27+00:00\",\"mainEntityOfPage\":{\"@id\":\"http:\\\/\\\/vr-room.ch\\\/fr\\\/2018\\\/11\\\/16\\\/vr-animationskurzfilm-crow-the-legend-oprah-winfrey\\\/\"},\"wordCount\":286,\"commentCount\":0,\"image\":{\"@id\":\"http:\\\/\\\/vr-room.ch\\\/fr\\\/2018\\\/11\\\/16\\\/vr-animationskurzfilm-crow-the-legend-oprah-winfrey\\\/#primaryimage\"},\"thumbnailUrl\":\"https:\\\/\\\/vr-room.ch\\\/wp-content\\\/uploads\\\/2018\\\/11\\\/Crow-scaled.jpg\",\"articleSection\":[\"Entertainment\"],\"inLanguage\":\"en-GB\",\"potentialAction\":[{\"@type\":\"CommentAction\",\"name\":\"Comment\",\"target\":[\"http:\\\/\\\/vr-room.ch\\\/fr\\\/2018\\\/11\\\/16\\\/vr-animationskurzfilm-crow-the-legend-oprah-winfrey\\\/#respond\"]}]},{\"@type\":\"WebPage\",\"@id\":\"http:\\\/\\\/vr-room.ch\\\/fr\\\/2018\\\/11\\\/16\\\/vr-animationskurzfilm-crow-the-legend-oprah-winfrey\\\/\",\"url\":\"http:\\\/\\\/vr-room.ch\\\/fr\\\/2018\\\/11\\\/16\\\/vr-animationskurzfilm-crow-the-legend-oprah-winfrey\\\/\",\"name\":\"VR-Animationskurzfilm Crow: The Legend mit Oprah Winfrey - Schweizer Virtual Reality News\",\"isPartOf\":{\"@id\":\"http:\\\/\\\/vr-room.ch\\\/en\\\/#website\"},\"primaryImageOfPage\":{\"@id\":\"http:\\\/\\\/vr-room.ch\\\/fr\\\/2018\\\/11\\\/16\\\/vr-animationskurzfilm-crow-the-legend-oprah-winfrey\\\/#primaryimage\"},\"image\":{\"@id\":\"http:\\\/\\\/vr-room.ch\\\/fr\\\/2018\\\/11\\\/16\\\/vr-animationskurzfilm-crow-the-legend-oprah-winfrey\\\/#primaryimage\"},\"thumbnailUrl\":\"https:\\\/\\\/vr-room.ch\\\/wp-content\\\/uploads\\\/2018\\\/11\\\/Crow-scaled.jpg\",\"datePublished\":\"2018-11-16T10:00:37+00:00\",\"dateModified\":\"2018-11-16T10:02:27+00:00\",\"author\":{\"@id\":\"http:\\\/\\\/vr-room.ch\\\/en\\\/#\\\/schema\\\/person\\\/4022b4e1fba06681ac263b25c0f1e3d2\"},\"breadcrumb\":{\"@id\":\"http:\\\/\\\/vr-room.ch\\\/fr\\\/2018\\\/11\\\/16\\\/vr-animationskurzfilm-crow-the-legend-oprah-winfrey\\\/#breadcrumb\"},\"inLanguage\":\"en-GB\",\"potentialAction\":[{\"@type\":\"ReadAction\",\"target\":[\"http:\\\/\\\/vr-room.ch\\\/fr\\\/2018\\\/11\\\/16\\\/vr-animationskurzfilm-crow-the-legend-oprah-winfrey\\\/\"]}]},{\"@type\":\"ImageObject\",\"inLanguage\":\"en-GB\",\"@id\":\"http:\\\/\\\/vr-room.ch\\\/fr\\\/2018\\\/11\\\/16\\\/vr-animationskurzfilm-crow-the-legend-oprah-winfrey\\\/#primaryimage\",\"url\":\"https:\\\/\\\/vr-room.ch\\\/wp-content\\\/uploads\\\/2018\\\/11\\\/Crow-scaled.jpg\",\"contentUrl\":\"https:\\\/\\\/vr-room.ch\\\/wp-content\\\/uploads\\\/2018\\\/11\\\/Crow-scaled.jpg\",\"width\":2560,\"height\":1463},{\"@type\":\"BreadcrumbList\",\"@id\":\"http:\\\/\\\/vr-room.ch\\\/fr\\\/2018\\\/11\\\/16\\\/vr-animationskurzfilm-crow-the-legend-oprah-winfrey\\\/#breadcrumb\",\"itemListElement\":[{\"@type\":\"ListItem\",\"position\":1,\"name\":\"Startseite\",\"item\":\"http:\\\/\\\/vr-room.ch\\\/en\\\/\"},{\"@type\":\"ListItem\",\"position\":2,\"name\":\"VR-Animationskurzfilm Crow: The Legend mit Oprah Winfrey\"}]},{\"@type\":\"WebSite\",\"@id\":\"http:\\\/\\\/vr-room.ch\\\/en\\\/#website\",\"url\":\"http:\\\/\\\/vr-room.ch\\\/en\\\/\",\"name\":\"Schweizer Virtual Reality News\",\"description\":\"\",\"potentialAction\":[{\"@type\":\"SearchAction\",\"target\":{\"@type\":\"EntryPoint\",\"urlTemplate\":\"http:\\\/\\\/vr-room.ch\\\/en\\\/?s={search_term_string}\"},\"query-input\":{\"@type\":\"PropertyValueSpecification\",\"valueRequired\":true,\"valueName\":\"search_term_string\"}}],\"inLanguage\":\"en-GB\"},{\"@type\":\"Person\",\"@id\":\"http:\\\/\\\/vr-room.ch\\\/en\\\/#\\\/schema\\\/person\\\/4022b4e1fba06681ac263b25c0f1e3d2\",\"name\":\"Michael\",\"image\":{\"@type\":\"ImageObject\",\"inLanguage\":\"en-GB\",\"@id\":\"https:\\\/\\\/vr-room.ch\\\/wp-content\\\/uploads\\\/2019\\\/05\\\/avatar_user_11_1558711168-96x96.jpg\",\"url\":\"https:\\\/\\\/vr-room.ch\\\/wp-content\\\/uploads\\\/2019\\\/05\\\/avatar_user_11_1558711168-96x96.jpg\",\"contentUrl\":\"https:\\\/\\\/vr-room.ch\\\/wp-content\\\/uploads\\\/2019\\\/05\\\/avatar_user_11_1558711168-96x96.jpg\",\"caption\":\"Michael\"},\"url\":\"https:\\\/\\\/vr-room.ch\\\/en\\\/author\\\/michael\\\/\"}]}<\/script>\n<!-- \/ Yoast SEO plugin. -->","yoast_head_json":{"title":"VR-Animationskurzfilm Crow: The Legend mit Oprah Winfrey - Schweizer Virtual Reality News","robots":{"index":"index","follow":"follow","max-snippet":"max-snippet:-1","max-image-preview":"max-image-preview:large","max-video-preview":"max-video-preview:-1"},"canonical":"http:\/\/vr-room.ch\/en\/2018\/11\/16\/vr-animationskurzfilm-crow-the-legend-oprah-winfrey\/","og_locale":"en_GB","og_type":"article","og_title":"VR-Animationskurzfilm Crow: The Legend mit Oprah Winfrey - Schweizer Virtual Reality News","og_description":"Der VR-Animationskurzfilm &#8222;Crow: The Legend&#8220; wurde ver\u00f6ffentlicht. Der Film mit den Hauptdarstellern John Legend, Oprah Winfrey und Constance&hellip;","og_url":"http:\/\/vr-room.ch\/en\/2018\/11\/16\/vr-animationskurzfilm-crow-the-legend-oprah-winfrey\/","og_site_name":"Schweizer Virtual Reality News","article_published_time":"2018-11-16T10:00:37+00:00","article_modified_time":"2018-11-16T10:02:27+00:00","og_image":[{"width":2560,"height":1463,"url":"https:\/\/vr-room.ch\/wp-content\/uploads\/2018\/11\/Crow-scaled.jpg","type":"image\/jpeg"}],"author":"Michael","twitter_card":"summary_large_image","twitter_misc":{"Written by":"Michael","Estimated reading time":"1 minute"},"schema":{"@context":"https:\/\/schema.org","@graph":[{"@type":"Article","@id":"http:\/\/vr-room.ch\/fr\/2018\/11\/16\/vr-animationskurzfilm-crow-the-legend-oprah-winfrey\/#article","isPartOf":{"@id":"http:\/\/vr-room.ch\/fr\/2018\/11\/16\/vr-animationskurzfilm-crow-the-legend-oprah-winfrey\/"},"author":{"name":"Michael","@id":"http:\/\/vr-room.ch\/en\/#\/schema\/person\/4022b4e1fba06681ac263b25c0f1e3d2"},"headline":"VR-Animationskurzfilm Crow: The Legend mit Oprah Winfrey","datePublished":"2018-11-16T10:00:37+00:00","dateModified":"2018-11-16T10:02:27+00:00","mainEntityOfPage":{"@id":"http:\/\/vr-room.ch\/fr\/2018\/11\/16\/vr-animationskurzfilm-crow-the-legend-oprah-winfrey\/"},"wordCount":286,"commentCount":0,"image":{"@id":"http:\/\/vr-room.ch\/fr\/2018\/11\/16\/vr-animationskurzfilm-crow-the-legend-oprah-winfrey\/#primaryimage"},"thumbnailUrl":"https:\/\/vr-room.ch\/wp-content\/uploads\/2018\/11\/Crow-scaled.jpg","articleSection":["Entertainment"],"inLanguage":"en-GB","potentialAction":[{"@type":"CommentAction","name":"Comment","target":["http:\/\/vr-room.ch\/fr\/2018\/11\/16\/vr-animationskurzfilm-crow-the-legend-oprah-winfrey\/#respond"]}]},{"@type":"WebPage","@id":"http:\/\/vr-room.ch\/fr\/2018\/11\/16\/vr-animationskurzfilm-crow-the-legend-oprah-winfrey\/","url":"http:\/\/vr-room.ch\/fr\/2018\/11\/16\/vr-animationskurzfilm-crow-the-legend-oprah-winfrey\/","name":"VR-Animationskurzfilm Crow: The Legend mit Oprah Winfrey - Schweizer Virtual Reality News","isPartOf":{"@id":"http:\/\/vr-room.ch\/en\/#website"},"primaryImageOfPage":{"@id":"http:\/\/vr-room.ch\/fr\/2018\/11\/16\/vr-animationskurzfilm-crow-the-legend-oprah-winfrey\/#primaryimage"},"image":{"@id":"http:\/\/vr-room.ch\/fr\/2018\/11\/16\/vr-animationskurzfilm-crow-the-legend-oprah-winfrey\/#primaryimage"},"thumbnailUrl":"https:\/\/vr-room.ch\/wp-content\/uploads\/2018\/11\/Crow-scaled.jpg","datePublished":"2018-11-16T10:00:37+00:00","dateModified":"2018-11-16T10:02:27+00:00","author":{"@id":"http:\/\/vr-room.ch\/en\/#\/schema\/person\/4022b4e1fba06681ac263b25c0f1e3d2"},"breadcrumb":{"@id":"http:\/\/vr-room.ch\/fr\/2018\/11\/16\/vr-animationskurzfilm-crow-the-legend-oprah-winfrey\/#breadcrumb"},"inLanguage":"en-GB","potentialAction":[{"@type":"ReadAction","target":["http:\/\/vr-room.ch\/fr\/2018\/11\/16\/vr-animationskurzfilm-crow-the-legend-oprah-winfrey\/"]}]},{"@type":"ImageObject","inLanguage":"en-GB","@id":"http:\/\/vr-room.ch\/fr\/2018\/11\/16\/vr-animationskurzfilm-crow-the-legend-oprah-winfrey\/#primaryimage","url":"https:\/\/vr-room.ch\/wp-content\/uploads\/2018\/11\/Crow-scaled.jpg","contentUrl":"https:\/\/vr-room.ch\/wp-content\/uploads\/2018\/11\/Crow-scaled.jpg","width":2560,"height":1463},{"@type":"BreadcrumbList","@id":"http:\/\/vr-room.ch\/fr\/2018\/11\/16\/vr-animationskurzfilm-crow-the-legend-oprah-winfrey\/#breadcrumb","itemListElement":[{"@type":"ListItem","position":1,"name":"Startseite","item":"http:\/\/vr-room.ch\/en\/"},{"@type":"ListItem","position":2,"name":"VR-Animationskurzfilm Crow: The Legend mit Oprah Winfrey"}]},{"@type":"WebSite","@id":"http:\/\/vr-room.ch\/en\/#website","url":"http:\/\/vr-room.ch\/en\/","name":"Swiss Virtual Reality News","description":"","potentialAction":[{"@type":"SearchAction","target":{"@type":"EntryPoint","urlTemplate":"http:\/\/vr-room.ch\/en\/?s={search_term_string}"},"query-input":{"@type":"PropertyValueSpecification","valueRequired":true,"valueName":"search_term_string"}}],"inLanguage":"en-GB"},{"@type":"Person","@id":"http:\/\/vr-room.ch\/en\/#\/schema\/person\/4022b4e1fba06681ac263b25c0f1e3d2","name":"Michael","image":{"@type":"ImageObject","inLanguage":"en-GB","@id":"https:\/\/vr-room.ch\/wp-content\/uploads\/2019\/05\/avatar_user_11_1558711168-96x96.jpg","url":"https:\/\/vr-room.ch\/wp-content\/uploads\/2019\/05\/avatar_user_11_1558711168-96x96.jpg","contentUrl":"https:\/\/vr-room.ch\/wp-content\/uploads\/2019\/05\/avatar_user_11_1558711168-96x96.jpg","caption":"Michael"},"url":"https:\/\/vr-room.ch\/en\/author\/michael\/"}]}},"_links":{"self":[{"href":"https:\/\/vr-room.ch\/en\/wp-json\/wp\/v2\/posts\/11817","targetHints":{"allow":["GET"]}}],"collection":[{"href":"https:\/\/vr-room.ch\/en\/wp-json\/wp\/v2\/posts"}],"about":[{"href":"https:\/\/vr-room.ch\/en\/wp-json\/wp\/v2\/types\/post"}],"author":[{"embeddable":true,"href":"https:\/\/vr-room.ch\/en\/wp-json\/wp\/v2\/users\/11"}],"replies":[{"embeddable":true,"href":"https:\/\/vr-room.ch\/en\/wp-json\/wp\/v2\/comments?post=11817"}],"version-history":[{"count":0,"href":"https:\/\/vr-room.ch\/en\/wp-json\/wp\/v2\/posts\/11817\/revisions"}],"wp:featuredmedia":[{"embeddable":true,"href":"https:\/\/vr-room.ch\/en\/wp-json\/wp\/v2\/media\/11821"}],"wp:attachment":[{"href":"https:\/\/vr-room.ch\/en\/wp-json\/wp\/v2\/media?parent=11817"}],"wp:term":[{"taxonomy":"category","embeddable":true,"href":"https:\/\/vr-room.ch\/en\/wp-json\/wp\/v2\/categories?post=11817"},{"taxonomy":"post_tag","embeddable":true,"href":"https:\/\/vr-room.ch\/en\/wp-json\/wp\/v2\/tags?post=11817"}],"curies":[{"name":"wp","href":"https:\/\/api.w.org\/{rel}","templated":true}]}}