{"id":11200,"date":"2018-08-26T08:05:32","date_gmt":"2018-08-26T08:05:32","guid":{"rendered":"http:\/\/vr-room.ch\/?p=11200"},"modified":"2018-08-26T08:06:53","modified_gmt":"2018-08-26T08:06:53","slug":"htc-vive-wireless-adapter-ab-september-erhaeltlich","status":"publish","type":"post","link":"https:\/\/vr-room.ch\/en\/2018\/08\/26\/htc-vive-wireless-adapter-ab-september-erhaeltlich\/","title":{"rendered":"HTC Vive Wireless Adapter available from September"},"content":{"rendered":"<p>HTC announced that the <a href=\"https:\/\/www.vive.com\/de\/wireless-adapter\/\">HTC Vive Wireless Adapter<\/a> can be officially pre-ordered from 5 September 2018.  The adapter frees VR users from having to connect to their PC via cable. The release will take place on 24 September 2018 from 299 US dollars<\/p>\n<p>Incidentally, users do not need to worry about a reduction in performance with the wireless VR experience, as the performance remains the same. The base adapter supports both HTC Vive and HTC Vive Pro. However, HTC Vive Pro owners require an additional compatibility pack. This contains a customised connection cable for the Vive Pro connections, as well as foam padding and a mounting piece tailored to Vive Pro.<\/p>\n<p>&#8222;Seit der Einf\u00fchrung von Vive verfolgen wir den Traum eines kabellosen Premium VR Erlebnisses. Unsere privaten wie Unternehmenskunden haben uns in diesem Wunsch stets best\u00e4rkt,&#8220; sagt Paul Brown, GM Vive Europe. &#8222;Wir sind stolz darauf, unseren Kunden mithilfe unserer talentierten Partner Intel und DisplayLink den Vive Wireless Adapter liefern zu k\u00f6nnen. Durch die Kombination von hoher Qualit\u00e4t, geringer Latenz und einfacher Bedienung h\u00e4lt der Adapter unser Versprechen von Premium-Wireless-VR.&#8220;<\/p>\n<p>So funktioniert das Ganze laut Herstellerangaben: &#8222;Die Inbetriebnahme des Vive Wireless Adapters erfolgt in wenigen Minuten, indem eine PCI-e-Karte installiert und ein Sensor am PC angeschlossen wird, der zum und vom neuen drahtlosen Vive Headset sendet. Der Adapter hat eine Reichweite von sechs Metern mit einem Sichtfeld von 150 Grad vom Sensor und l\u00e4uft im st\u00f6rungsfreien 60-GHz-Band mit Intels WiGig-Spezifikation, was in Kombination mit dem XR-Codec von DisplayLink eine geringe Latenz und hohe Leistung bei stundenlanger Akkulaufzeit bedeutet. Der Adapter wird von der HTC QC 3.0 PowerBank mit Strom versorgt, die auch als Ladeger\u00e4t f\u00fcr ein Smartphone verwendet werden kann. Eine PowerBank ist im Lieferumfang enthalten.&#8220;<\/p>\n<div style=\"width: 640px;\" class=\"wp-video\"><video class=\"wp-video-shortcode\" id=\"video-11200-1\" width=\"640\" height=\"360\" loop preload=\"metadata\" controls=\"controls\"><source type=\"video\/youtube\" src=\"https:\/\/www.youtube.com\/watch?v=B6BUiCkBFcA&#038;_=1\" \/><a href=\"https:\/\/www.youtube.com\/watch?v=B6BUiCkBFcA\">https:\/\/www.youtube.com\/watch?v=B6BUiCkBFcA<\/a><\/video><\/div>\n<p>Source: Press release<\/p>","protected":false},"excerpt":{"rendered":"HTC announced that the HTC Vive Wireless Adapter will be officially available for pre-order on 5 September 2018. ...","protected":false},"author":11,"featured_media":11201,"comment_status":"open","ping_status":"open","sticky":false,"template":"","format":"standard","meta":{"footnotes":""},"categories":[11],"tags":[],"class_list":{"0":"post-11200","1":"post","2":"type-post","3":"status-publish","4":"format-standard","5":"has-post-thumbnail","7":"category-virtual-reality-industrie","8":"cs-entry","9":"cs-video-wrap"},"yoast_head":"<!-- This site is optimized with the Yoast SEO plugin v27.4 - https:\/\/yoast.com\/product\/yoast-seo-wordpress\/ -->\n<title>HTC Vive Wireless Adapter ab September erh\u00e4ltlich - Schweizer Virtual Reality News<\/title>\n<meta name=\"robots\" content=\"index, follow, max-snippet:-1, max-image-preview:large, max-video-preview:-1\" \/>\n<link rel=\"canonical\" href=\"https:\/\/vr-room.ch\/en\/2018\/08\/26\/htc-vive-wireless-adapter-ab-september-erhaeltlich\/\" \/>\n<meta property=\"og:locale\" content=\"en_GB\" \/>\n<meta property=\"og:type\" content=\"article\" \/>\n<meta property=\"og:title\" content=\"HTC Vive Wireless Adapter ab September erh\u00e4ltlich - Schweizer Virtual Reality News\" \/>\n<meta property=\"og:description\" content=\"HTC k\u00fcndigte an, dass der HTC Vive Wireless Adapter ab dem 5. September 2018 offiziell vorbestellt werden darf.\u00a0&hellip;\" \/>\n<meta property=\"og:url\" content=\"https:\/\/vr-room.ch\/en\/2018\/08\/26\/htc-vive-wireless-adapter-ab-september-erhaeltlich\/\" \/>\n<meta property=\"og:site_name\" content=\"Schweizer Virtual Reality News\" \/>\n<meta property=\"article:published_time\" content=\"2018-08-26T08:05:32+00:00\" \/>\n<meta property=\"article:modified_time\" content=\"2018-08-26T08:06:53+00:00\" \/>\n<meta property=\"og:image\" content=\"https:\/\/vr-room.ch\/wp-content\/uploads\/2018\/08\/VIVE-Wireless-Adapter-PR.jpg\" \/>\n\t<meta property=\"og:image:width\" content=\"1920\" \/>\n\t<meta property=\"og:image:height\" content=\"1005\" \/>\n\t<meta property=\"og:image:type\" content=\"image\/jpeg\" \/>\n<meta name=\"author\" content=\"Michael\" \/>\n<meta name=\"twitter:card\" content=\"summary_large_image\" \/>\n<meta name=\"twitter:label1\" content=\"Written by\" \/>\n\t<meta name=\"twitter:data1\" content=\"Michael\" \/>\n\t<meta name=\"twitter:label2\" content=\"Estimated reading time\" \/>\n\t<meta name=\"twitter:data2\" content=\"1 minute\" \/>\n<script type=\"application\/ld+json\" class=\"yoast-schema-graph\">{\"@context\":\"https:\\\/\\\/schema.org\",\"@graph\":[{\"@type\":\"Article\",\"@id\":\"https:\\\/\\\/vr-room.ch\\\/2018\\\/08\\\/26\\\/htc-vive-wireless-adapter-ab-september-erhaeltlich\\\/#article\",\"isPartOf\":{\"@id\":\"https:\\\/\\\/vr-room.ch\\\/2018\\\/08\\\/26\\\/htc-vive-wireless-adapter-ab-september-erhaeltlich\\\/\"},\"author\":{\"name\":\"Michael\",\"@id\":\"http:\\\/\\\/vr-room.ch\\\/en\\\/#\\\/schema\\\/person\\\/4022b4e1fba06681ac263b25c0f1e3d2\"},\"headline\":\"HTC Vive Wireless Adapter ab September erh\u00e4ltlich\",\"datePublished\":\"2018-08-26T08:05:32+00:00\",\"dateModified\":\"2018-08-26T08:06:53+00:00\",\"mainEntityOfPage\":{\"@id\":\"https:\\\/\\\/vr-room.ch\\\/2018\\\/08\\\/26\\\/htc-vive-wireless-adapter-ab-september-erhaeltlich\\\/\"},\"wordCount\":305,\"commentCount\":0,\"image\":{\"@id\":\"https:\\\/\\\/vr-room.ch\\\/2018\\\/08\\\/26\\\/htc-vive-wireless-adapter-ab-september-erhaeltlich\\\/#primaryimage\"},\"thumbnailUrl\":\"https:\\\/\\\/vr-room.ch\\\/wp-content\\\/uploads\\\/2018\\\/08\\\/VIVE-Wireless-Adapter-PR.jpg\",\"articleSection\":[\"Industrie\"],\"inLanguage\":\"en-GB\",\"potentialAction\":[{\"@type\":\"CommentAction\",\"name\":\"Comment\",\"target\":[\"https:\\\/\\\/vr-room.ch\\\/2018\\\/08\\\/26\\\/htc-vive-wireless-adapter-ab-september-erhaeltlich\\\/#respond\"]}]},{\"@type\":\"WebPage\",\"@id\":\"https:\\\/\\\/vr-room.ch\\\/2018\\\/08\\\/26\\\/htc-vive-wireless-adapter-ab-september-erhaeltlich\\\/\",\"url\":\"https:\\\/\\\/vr-room.ch\\\/2018\\\/08\\\/26\\\/htc-vive-wireless-adapter-ab-september-erhaeltlich\\\/\",\"name\":\"HTC Vive Wireless Adapter ab September erh\u00e4ltlich - Schweizer Virtual Reality News\",\"isPartOf\":{\"@id\":\"http:\\\/\\\/vr-room.ch\\\/en\\\/#website\"},\"primaryImageOfPage\":{\"@id\":\"https:\\\/\\\/vr-room.ch\\\/2018\\\/08\\\/26\\\/htc-vive-wireless-adapter-ab-september-erhaeltlich\\\/#primaryimage\"},\"image\":{\"@id\":\"https:\\\/\\\/vr-room.ch\\\/2018\\\/08\\\/26\\\/htc-vive-wireless-adapter-ab-september-erhaeltlich\\\/#primaryimage\"},\"thumbnailUrl\":\"https:\\\/\\\/vr-room.ch\\\/wp-content\\\/uploads\\\/2018\\\/08\\\/VIVE-Wireless-Adapter-PR.jpg\",\"datePublished\":\"2018-08-26T08:05:32+00:00\",\"dateModified\":\"2018-08-26T08:06:53+00:00\",\"author\":{\"@id\":\"http:\\\/\\\/vr-room.ch\\\/en\\\/#\\\/schema\\\/person\\\/4022b4e1fba06681ac263b25c0f1e3d2\"},\"breadcrumb\":{\"@id\":\"https:\\\/\\\/vr-room.ch\\\/2018\\\/08\\\/26\\\/htc-vive-wireless-adapter-ab-september-erhaeltlich\\\/#breadcrumb\"},\"inLanguage\":\"en-GB\",\"potentialAction\":[{\"@type\":\"ReadAction\",\"target\":[\"https:\\\/\\\/vr-room.ch\\\/2018\\\/08\\\/26\\\/htc-vive-wireless-adapter-ab-september-erhaeltlich\\\/\"]}]},{\"@type\":\"ImageObject\",\"inLanguage\":\"en-GB\",\"@id\":\"https:\\\/\\\/vr-room.ch\\\/2018\\\/08\\\/26\\\/htc-vive-wireless-adapter-ab-september-erhaeltlich\\\/#primaryimage\",\"url\":\"https:\\\/\\\/vr-room.ch\\\/wp-content\\\/uploads\\\/2018\\\/08\\\/VIVE-Wireless-Adapter-PR.jpg\",\"contentUrl\":\"https:\\\/\\\/vr-room.ch\\\/wp-content\\\/uploads\\\/2018\\\/08\\\/VIVE-Wireless-Adapter-PR.jpg\",\"width\":1920,\"height\":1005},{\"@type\":\"BreadcrumbList\",\"@id\":\"https:\\\/\\\/vr-room.ch\\\/2018\\\/08\\\/26\\\/htc-vive-wireless-adapter-ab-september-erhaeltlich\\\/#breadcrumb\",\"itemListElement\":[{\"@type\":\"ListItem\",\"position\":1,\"name\":\"Startseite\",\"item\":\"http:\\\/\\\/vr-room.ch\\\/en\\\/\"},{\"@type\":\"ListItem\",\"position\":2,\"name\":\"HTC Vive Wireless Adapter ab September erh\u00e4ltlich\"}]},{\"@type\":\"WebSite\",\"@id\":\"http:\\\/\\\/vr-room.ch\\\/en\\\/#website\",\"url\":\"http:\\\/\\\/vr-room.ch\\\/en\\\/\",\"name\":\"Schweizer Virtual Reality News\",\"description\":\"\",\"potentialAction\":[{\"@type\":\"SearchAction\",\"target\":{\"@type\":\"EntryPoint\",\"urlTemplate\":\"http:\\\/\\\/vr-room.ch\\\/en\\\/?s={search_term_string}\"},\"query-input\":{\"@type\":\"PropertyValueSpecification\",\"valueRequired\":true,\"valueName\":\"search_term_string\"}}],\"inLanguage\":\"en-GB\"},{\"@type\":\"Person\",\"@id\":\"http:\\\/\\\/vr-room.ch\\\/en\\\/#\\\/schema\\\/person\\\/4022b4e1fba06681ac263b25c0f1e3d2\",\"name\":\"Michael\",\"image\":{\"@type\":\"ImageObject\",\"inLanguage\":\"en-GB\",\"@id\":\"https:\\\/\\\/vr-room.ch\\\/wp-content\\\/uploads\\\/2019\\\/05\\\/avatar_user_11_1558711168-96x96.jpg\",\"url\":\"https:\\\/\\\/vr-room.ch\\\/wp-content\\\/uploads\\\/2019\\\/05\\\/avatar_user_11_1558711168-96x96.jpg\",\"contentUrl\":\"https:\\\/\\\/vr-room.ch\\\/wp-content\\\/uploads\\\/2019\\\/05\\\/avatar_user_11_1558711168-96x96.jpg\",\"caption\":\"Michael\"},\"url\":\"https:\\\/\\\/vr-room.ch\\\/en\\\/author\\\/michael\\\/\"}]}<\/script>\n<!-- \/ Yoast SEO plugin. -->","yoast_head_json":{"title":"HTC Vive Wireless Adapter ab September erh\u00e4ltlich - Schweizer Virtual Reality News","robots":{"index":"index","follow":"follow","max-snippet":"max-snippet:-1","max-image-preview":"max-image-preview:large","max-video-preview":"max-video-preview:-1"},"canonical":"https:\/\/vr-room.ch\/en\/2018\/08\/26\/htc-vive-wireless-adapter-ab-september-erhaeltlich\/","og_locale":"en_GB","og_type":"article","og_title":"HTC Vive Wireless Adapter ab September erh\u00e4ltlich - Schweizer Virtual Reality News","og_description":"HTC k\u00fcndigte an, dass der HTC Vive Wireless Adapter ab dem 5. September 2018 offiziell vorbestellt werden darf.\u00a0&hellip;","og_url":"https:\/\/vr-room.ch\/en\/2018\/08\/26\/htc-vive-wireless-adapter-ab-september-erhaeltlich\/","og_site_name":"Schweizer Virtual Reality News","article_published_time":"2018-08-26T08:05:32+00:00","article_modified_time":"2018-08-26T08:06:53+00:00","og_image":[{"width":1920,"height":1005,"url":"https:\/\/vr-room.ch\/wp-content\/uploads\/2018\/08\/VIVE-Wireless-Adapter-PR.jpg","type":"image\/jpeg"}],"author":"Michael","twitter_card":"summary_large_image","twitter_misc":{"Written by":"Michael","Estimated reading time":"1 minute"},"schema":{"@context":"https:\/\/schema.org","@graph":[{"@type":"Article","@id":"https:\/\/vr-room.ch\/2018\/08\/26\/htc-vive-wireless-adapter-ab-september-erhaeltlich\/#article","isPartOf":{"@id":"https:\/\/vr-room.ch\/2018\/08\/26\/htc-vive-wireless-adapter-ab-september-erhaeltlich\/"},"author":{"name":"Michael","@id":"http:\/\/vr-room.ch\/en\/#\/schema\/person\/4022b4e1fba06681ac263b25c0f1e3d2"},"headline":"HTC Vive Wireless Adapter ab September erh\u00e4ltlich","datePublished":"2018-08-26T08:05:32+00:00","dateModified":"2018-08-26T08:06:53+00:00","mainEntityOfPage":{"@id":"https:\/\/vr-room.ch\/2018\/08\/26\/htc-vive-wireless-adapter-ab-september-erhaeltlich\/"},"wordCount":305,"commentCount":0,"image":{"@id":"https:\/\/vr-room.ch\/2018\/08\/26\/htc-vive-wireless-adapter-ab-september-erhaeltlich\/#primaryimage"},"thumbnailUrl":"https:\/\/vr-room.ch\/wp-content\/uploads\/2018\/08\/VIVE-Wireless-Adapter-PR.jpg","articleSection":["Industrie"],"inLanguage":"en-GB","potentialAction":[{"@type":"CommentAction","name":"Comment","target":["https:\/\/vr-room.ch\/2018\/08\/26\/htc-vive-wireless-adapter-ab-september-erhaeltlich\/#respond"]}]},{"@type":"WebPage","@id":"https:\/\/vr-room.ch\/2018\/08\/26\/htc-vive-wireless-adapter-ab-september-erhaeltlich\/","url":"https:\/\/vr-room.ch\/2018\/08\/26\/htc-vive-wireless-adapter-ab-september-erhaeltlich\/","name":"HTC Vive Wireless Adapter ab September erh\u00e4ltlich - Schweizer Virtual Reality News","isPartOf":{"@id":"http:\/\/vr-room.ch\/en\/#website"},"primaryImageOfPage":{"@id":"https:\/\/vr-room.ch\/2018\/08\/26\/htc-vive-wireless-adapter-ab-september-erhaeltlich\/#primaryimage"},"image":{"@id":"https:\/\/vr-room.ch\/2018\/08\/26\/htc-vive-wireless-adapter-ab-september-erhaeltlich\/#primaryimage"},"thumbnailUrl":"https:\/\/vr-room.ch\/wp-content\/uploads\/2018\/08\/VIVE-Wireless-Adapter-PR.jpg","datePublished":"2018-08-26T08:05:32+00:00","dateModified":"2018-08-26T08:06:53+00:00","author":{"@id":"http:\/\/vr-room.ch\/en\/#\/schema\/person\/4022b4e1fba06681ac263b25c0f1e3d2"},"breadcrumb":{"@id":"https:\/\/vr-room.ch\/2018\/08\/26\/htc-vive-wireless-adapter-ab-september-erhaeltlich\/#breadcrumb"},"inLanguage":"en-GB","potentialAction":[{"@type":"ReadAction","target":["https:\/\/vr-room.ch\/2018\/08\/26\/htc-vive-wireless-adapter-ab-september-erhaeltlich\/"]}]},{"@type":"ImageObject","inLanguage":"en-GB","@id":"https:\/\/vr-room.ch\/2018\/08\/26\/htc-vive-wireless-adapter-ab-september-erhaeltlich\/#primaryimage","url":"https:\/\/vr-room.ch\/wp-content\/uploads\/2018\/08\/VIVE-Wireless-Adapter-PR.jpg","contentUrl":"https:\/\/vr-room.ch\/wp-content\/uploads\/2018\/08\/VIVE-Wireless-Adapter-PR.jpg","width":1920,"height":1005},{"@type":"BreadcrumbList","@id":"https:\/\/vr-room.ch\/2018\/08\/26\/htc-vive-wireless-adapter-ab-september-erhaeltlich\/#breadcrumb","itemListElement":[{"@type":"ListItem","position":1,"name":"Startseite","item":"http:\/\/vr-room.ch\/en\/"},{"@type":"ListItem","position":2,"name":"HTC Vive Wireless Adapter ab September erh\u00e4ltlich"}]},{"@type":"WebSite","@id":"http:\/\/vr-room.ch\/en\/#website","url":"http:\/\/vr-room.ch\/en\/","name":"Swiss Virtual Reality News","description":"","potentialAction":[{"@type":"SearchAction","target":{"@type":"EntryPoint","urlTemplate":"http:\/\/vr-room.ch\/en\/?s={search_term_string}"},"query-input":{"@type":"PropertyValueSpecification","valueRequired":true,"valueName":"search_term_string"}}],"inLanguage":"en-GB"},{"@type":"Person","@id":"http:\/\/vr-room.ch\/en\/#\/schema\/person\/4022b4e1fba06681ac263b25c0f1e3d2","name":"Michael","image":{"@type":"ImageObject","inLanguage":"en-GB","@id":"https:\/\/vr-room.ch\/wp-content\/uploads\/2019\/05\/avatar_user_11_1558711168-96x96.jpg","url":"https:\/\/vr-room.ch\/wp-content\/uploads\/2019\/05\/avatar_user_11_1558711168-96x96.jpg","contentUrl":"https:\/\/vr-room.ch\/wp-content\/uploads\/2019\/05\/avatar_user_11_1558711168-96x96.jpg","caption":"Michael"},"url":"https:\/\/vr-room.ch\/en\/author\/michael\/"}]}},"_links":{"self":[{"href":"https:\/\/vr-room.ch\/en\/wp-json\/wp\/v2\/posts\/11200","targetHints":{"allow":["GET"]}}],"collection":[{"href":"https:\/\/vr-room.ch\/en\/wp-json\/wp\/v2\/posts"}],"about":[{"href":"https:\/\/vr-room.ch\/en\/wp-json\/wp\/v2\/types\/post"}],"author":[{"embeddable":true,"href":"https:\/\/vr-room.ch\/en\/wp-json\/wp\/v2\/users\/11"}],"replies":[{"embeddable":true,"href":"https:\/\/vr-room.ch\/en\/wp-json\/wp\/v2\/comments?post=11200"}],"version-history":[{"count":0,"href":"https:\/\/vr-room.ch\/en\/wp-json\/wp\/v2\/posts\/11200\/revisions"}],"wp:featuredmedia":[{"embeddable":true,"href":"https:\/\/vr-room.ch\/en\/wp-json\/wp\/v2\/media\/11201"}],"wp:attachment":[{"href":"https:\/\/vr-room.ch\/en\/wp-json\/wp\/v2\/media?parent=11200"}],"wp:term":[{"taxonomy":"category","embeddable":true,"href":"https:\/\/vr-room.ch\/en\/wp-json\/wp\/v2\/categories?post=11200"},{"taxonomy":"post_tag","embeddable":true,"href":"https:\/\/vr-room.ch\/en\/wp-json\/wp\/v2\/tags?post=11200"}],"curies":[{"name":"wp","href":"https:\/\/api.w.org\/{rel}","templated":true}]}}