{"id":11574,"date":"2018-10-30T06:41:21","date_gmt":"2018-10-30T06:41:21","guid":{"rendered":"http:\/\/vr-room.ch\/?p=11574"},"modified":"2018-10-22T13:06:42","modified_gmt":"2018-10-22T13:06:42","slug":"11574","status":"publish","type":"post","link":"http:\/\/vr-room.ch\/it\/2018\/10\/30\/11574\/","title":{"rendered":"Sedie limbiche - invitate a sedersi durante i VRDAYS"},"content":{"rendered":"<div>\n<div>\n<h3 id=\"unter-den-ausstellern-an-den-vrdays-war-auch-dr-med-patrik-kuenzler-erfinder-des-limbic-chairs-sein-startup-inno-motion-verspricht-gerades-sitzen-ohne-kraftaufwand-dabei-soll-man-flex\" class=\"posttitle\">Tra gli espositori dei VRDAYS c'era Patrik K\u00fcnzler, MD, inventore della Limbic Chair. La sua startup <a href=\"http:\/\/www.limbic-life.com\">Inno-Motion<\/a> promette una seduta dritta, senza sforzi. Allo stesso tempo, dovreste essere in grado di rimanere flessibili e rilassati. L'innovativa sedia con le relative applicazioni VR utilizza i risultati della ricerca sul cervello. Abbiamo voluto sapere da lui come ha percepito la VRDAYS e i visitatori.<\/h3>\n<\/div>\n<\/div>\n<p><!--more--><\/p>\n<p>Abbiamo dato una breve occhiata alla Limbic Chair e abbiamo scoperto che non \u00e8 affatto facile controllare i giochi VR con la sedia. La seduta rilassata, invece, \u00e8 stata abbastanza facile. Durante tutti i VRDAYS, lo stand \u00e8 stato visitato ininterrottamente da giovani e meno giovani.<\/p>\n<p><strong>Come sono stati i VRDays per voi?<\/strong><\/p>\n<p>Molto bene. Il pubblico era molto professionale.<\/p>\n<p><strong>Quali sono stati i vantaggi per voi come azienda o anche a livello personale?\u00a0<\/strong><\/p>\n<p>Personalmente, l'ho trovato piuttosto stressante, perch\u00e9 abbiamo fatto molte dimostrazioni sul tapis roulant.  Come azienda, le pubbliche relazioni sono fantastiche, ovviamente, e soprattutto i tre youtuber.<\/p>\n<p><strong>Quali sono i visitatori che vi hanno soddisfatto di pi\u00f9?\u00a0<\/strong><\/p>\n<p>Per i professionisti, gli artisti, gli accademici, chiunque voglia utilizzare la VR a livello professionale.<\/p>\n<p><strong>Come hanno reagito i visitatori alla vostra attrazione?<\/strong><\/p>\n<p>Molto bene! E questo dai bambini ai visitatori pi\u00f9 anziani. Tutti si sono divertiti e sono rimasti entusiasti delle nostre sedie e delle nostre applicazioni.<\/p>\n<p><strong>Avete visitato anche altre attrazioni e, se s\u00ec, quali vi sono piaciute particolarmente?\u00a0<\/strong><\/p>\n<p>Sono stato all'ICAROS molto brevemente durante lo smontaggio, proprio alla fine. Per il resto, purtroppo, non abbiamo avuto quasi il tempo di osservare da vicino nient'altro.<\/p>\n<p><strong>Fareste qualcosa di diverso?\u00a0<\/strong><\/p>\n<p>In futuro, schermeremo il nostro stand con dei cavalletti. In questo modo potremo controllare meglio il flusso dei visitatori.<\/p>\n<p><strong>Cosa l'ha sorpresa in particolare?\u00a0<\/strong><\/p>\n<p>Il numero di professionisti interessati alla VR che hanno partecipato ai VRDAYS.<\/p>\n<p><strong>A chi consiglierebbe i VRDAYS?\u00a0<\/strong><\/p>\n<p>Professionisti e persone entusiaste delle nuove tecnologie innovative.<\/p>\n<p><strong>Completare la frase: Ai VRDAYS 2019, ci saranno<\/strong> GENIALE! e soprattutto molto pi\u00f9 grande.<\/p>","protected":false},"excerpt":{"rendered":"Tra gli espositori del VRDAYS c'era Patrik K\u00fcnzler, MD, inventore della Limbic Chair. La sua start-up Inno-Motion...","protected":false},"author":12,"featured_media":11576,"comment_status":"open","ping_status":"open","sticky":false,"template":"","format":"standard","meta":{"footnotes":""},"categories":[68],"tags":[],"class_list":{"0":"post-11574","1":"post","2":"type-post","3":"status-publish","4":"format-standard","5":"has-post-thumbnail","7":"category-virtual-reality-schweiz","8":"cs-entry","9":"cs-video-wrap"},"yoast_head":"<!-- This site is optimized with the Yoast SEO plugin v27.4 - https:\/\/yoast.com\/product\/yoast-seo-wordpress\/ -->\n<title>Limbic Chairs - luden w\u00e4hrend den VRDAYS zum sitzen ein - Schweizer Virtual Reality News<\/title>\n<meta name=\"robots\" content=\"index, follow, max-snippet:-1, max-image-preview:large, max-video-preview:-1\" \/>\n<link rel=\"canonical\" href=\"https:\/\/vr-room.ch\/it\/2018\/10\/30\/11574\/\" \/>\n<meta property=\"og:locale\" content=\"it_IT\" \/>\n<meta property=\"og:type\" content=\"article\" \/>\n<meta property=\"og:title\" content=\"Limbic Chairs - luden w\u00e4hrend den VRDAYS zum sitzen ein - Schweizer Virtual Reality News\" \/>\n<meta property=\"og:description\" content=\"Unter den Ausstellern an den VRDAYS war auch Dr. med. Patrik K\u00fcnzler, Erfinder des Limbic Chairs. Sein\u00a0\u00a0Startup Inno-Motion&hellip;\" \/>\n<meta property=\"og:url\" content=\"https:\/\/vr-room.ch\/it\/2018\/10\/30\/11574\/\" \/>\n<meta property=\"og:site_name\" content=\"Schweizer Virtual Reality News\" \/>\n<meta property=\"article:published_time\" content=\"2018-10-30T06:41:21+00:00\" \/>\n<meta property=\"og:image\" content=\"https:\/\/vr-room.ch\/wp-content\/uploads\/2018\/10\/IMG_1967-scaled.jpg\" \/>\n\t<meta property=\"og:image:width\" content=\"2560\" \/>\n\t<meta property=\"og:image:height\" content=\"1920\" \/>\n\t<meta property=\"og:image:type\" content=\"image\/jpeg\" \/>\n<meta name=\"author\" content=\"Nathalie\" \/>\n<meta name=\"twitter:card\" content=\"summary_large_image\" \/>\n<meta name=\"twitter:label1\" content=\"Scritto da\" \/>\n\t<meta name=\"twitter:data1\" content=\"Nathalie\" \/>\n\t<meta name=\"twitter:label2\" content=\"Tempo di lettura stimato\" \/>\n\t<meta name=\"twitter:data2\" content=\"2 minuti\" \/>\n<script type=\"application\/ld+json\" class=\"yoast-schema-graph\">{\"@context\":\"https:\\\/\\\/schema.org\",\"@graph\":[{\"@type\":\"Article\",\"@id\":\"https:\\\/\\\/vr-room.ch\\\/it\\\/2018\\\/10\\\/30\\\/11574\\\/#article\",\"isPartOf\":{\"@id\":\"https:\\\/\\\/vr-room.ch\\\/it\\\/2018\\\/10\\\/30\\\/11574\\\/\"},\"author\":{\"name\":\"Nathalie\",\"@id\":\"http:\\\/\\\/vr-room.ch\\\/en\\\/#\\\/schema\\\/person\\\/1a03b3a6ced429fb4831f60fa2b37599\"},\"headline\":\"Limbic Chairs &#8211; luden w\u00e4hrend den VRDAYS zum sitzen ein\",\"datePublished\":\"2018-10-30T06:41:21+00:00\",\"mainEntityOfPage\":{\"@id\":\"https:\\\/\\\/vr-room.ch\\\/it\\\/2018\\\/10\\\/30\\\/11574\\\/\"},\"wordCount\":352,\"commentCount\":0,\"image\":{\"@id\":\"https:\\\/\\\/vr-room.ch\\\/it\\\/2018\\\/10\\\/30\\\/11574\\\/#primaryimage\"},\"thumbnailUrl\":\"https:\\\/\\\/vr-room.ch\\\/wp-content\\\/uploads\\\/2018\\\/10\\\/IMG_1967-scaled.jpg\",\"articleSection\":[\"Schweiz\"],\"inLanguage\":\"it-IT\",\"potentialAction\":[{\"@type\":\"CommentAction\",\"name\":\"Comment\",\"target\":[\"https:\\\/\\\/vr-room.ch\\\/it\\\/2018\\\/10\\\/30\\\/11574\\\/#respond\"]}]},{\"@type\":\"WebPage\",\"@id\":\"https:\\\/\\\/vr-room.ch\\\/it\\\/2018\\\/10\\\/30\\\/11574\\\/\",\"url\":\"https:\\\/\\\/vr-room.ch\\\/it\\\/2018\\\/10\\\/30\\\/11574\\\/\",\"name\":\"Limbic Chairs - luden w\u00e4hrend den VRDAYS zum sitzen ein - Schweizer Virtual Reality News\",\"isPartOf\":{\"@id\":\"http:\\\/\\\/vr-room.ch\\\/en\\\/#website\"},\"primaryImageOfPage\":{\"@id\":\"https:\\\/\\\/vr-room.ch\\\/it\\\/2018\\\/10\\\/30\\\/11574\\\/#primaryimage\"},\"image\":{\"@id\":\"https:\\\/\\\/vr-room.ch\\\/it\\\/2018\\\/10\\\/30\\\/11574\\\/#primaryimage\"},\"thumbnailUrl\":\"https:\\\/\\\/vr-room.ch\\\/wp-content\\\/uploads\\\/2018\\\/10\\\/IMG_1967-scaled.jpg\",\"datePublished\":\"2018-10-30T06:41:21+00:00\",\"author\":{\"@id\":\"http:\\\/\\\/vr-room.ch\\\/en\\\/#\\\/schema\\\/person\\\/1a03b3a6ced429fb4831f60fa2b37599\"},\"breadcrumb\":{\"@id\":\"https:\\\/\\\/vr-room.ch\\\/it\\\/2018\\\/10\\\/30\\\/11574\\\/#breadcrumb\"},\"inLanguage\":\"it-IT\",\"potentialAction\":[{\"@type\":\"ReadAction\",\"target\":[\"https:\\\/\\\/vr-room.ch\\\/it\\\/2018\\\/10\\\/30\\\/11574\\\/\"]}]},{\"@type\":\"ImageObject\",\"inLanguage\":\"it-IT\",\"@id\":\"https:\\\/\\\/vr-room.ch\\\/it\\\/2018\\\/10\\\/30\\\/11574\\\/#primaryimage\",\"url\":\"https:\\\/\\\/vr-room.ch\\\/wp-content\\\/uploads\\\/2018\\\/10\\\/IMG_1967-scaled.jpg\",\"contentUrl\":\"https:\\\/\\\/vr-room.ch\\\/wp-content\\\/uploads\\\/2018\\\/10\\\/IMG_1967-scaled.jpg\",\"width\":2560,\"height\":1920},{\"@type\":\"BreadcrumbList\",\"@id\":\"https:\\\/\\\/vr-room.ch\\\/it\\\/2018\\\/10\\\/30\\\/11574\\\/#breadcrumb\",\"itemListElement\":[{\"@type\":\"ListItem\",\"position\":1,\"name\":\"Startseite\",\"item\":\"http:\\\/\\\/vr-room.ch\\\/en\\\/\"},{\"@type\":\"ListItem\",\"position\":2,\"name\":\"Limbic Chairs &#8211; luden w\u00e4hrend den VRDAYS zum sitzen ein\"}]},{\"@type\":\"WebSite\",\"@id\":\"http:\\\/\\\/vr-room.ch\\\/en\\\/#website\",\"url\":\"http:\\\/\\\/vr-room.ch\\\/en\\\/\",\"name\":\"Schweizer Virtual Reality News\",\"description\":\"\",\"potentialAction\":[{\"@type\":\"SearchAction\",\"target\":{\"@type\":\"EntryPoint\",\"urlTemplate\":\"http:\\\/\\\/vr-room.ch\\\/en\\\/?s={search_term_string}\"},\"query-input\":{\"@type\":\"PropertyValueSpecification\",\"valueRequired\":true,\"valueName\":\"search_term_string\"}}],\"inLanguage\":\"it-IT\"},{\"@type\":\"Person\",\"@id\":\"http:\\\/\\\/vr-room.ch\\\/en\\\/#\\\/schema\\\/person\\\/1a03b3a6ced429fb4831f60fa2b37599\",\"name\":\"Nathalie\",\"image\":{\"@type\":\"ImageObject\",\"inLanguage\":\"it-IT\",\"@id\":\"https:\\\/\\\/vr-room.ch\\\/wp-content\\\/uploads\\\/2017\\\/01\\\/avatar_user_12_1484159890-96x96.jpg\",\"url\":\"https:\\\/\\\/vr-room.ch\\\/wp-content\\\/uploads\\\/2017\\\/01\\\/avatar_user_12_1484159890-96x96.jpg\",\"contentUrl\":\"https:\\\/\\\/vr-room.ch\\\/wp-content\\\/uploads\\\/2017\\\/01\\\/avatar_user_12_1484159890-96x96.jpg\",\"caption\":\"Nathalie\"},\"url\":\"http:\\\/\\\/vr-room.ch\\\/it\\\/author\\\/nathalie\\\/\"}]}<\/script>\n<!-- \/ Yoast SEO plugin. -->","yoast_head_json":{"title":"Limbic Chairs - luden w\u00e4hrend den VRDAYS zum sitzen ein - Schweizer Virtual Reality News","robots":{"index":"index","follow":"follow","max-snippet":"max-snippet:-1","max-image-preview":"max-image-preview:large","max-video-preview":"max-video-preview:-1"},"canonical":"https:\/\/vr-room.ch\/it\/2018\/10\/30\/11574\/","og_locale":"it_IT","og_type":"article","og_title":"Limbic Chairs - luden w\u00e4hrend den VRDAYS zum sitzen ein - Schweizer Virtual Reality News","og_description":"Unter den Ausstellern an den VRDAYS war auch Dr. med. Patrik K\u00fcnzler, Erfinder des Limbic Chairs. Sein\u00a0\u00a0Startup Inno-Motion&hellip;","og_url":"https:\/\/vr-room.ch\/it\/2018\/10\/30\/11574\/","og_site_name":"Schweizer Virtual Reality News","article_published_time":"2018-10-30T06:41:21+00:00","og_image":[{"width":2560,"height":1920,"url":"https:\/\/vr-room.ch\/wp-content\/uploads\/2018\/10\/IMG_1967-scaled.jpg","type":"image\/jpeg"}],"author":"Nathalie","twitter_card":"summary_large_image","twitter_misc":{"Scritto da":"Nathalie","Tempo di lettura stimato":"2 minuti"},"schema":{"@context":"https:\/\/schema.org","@graph":[{"@type":"Article","@id":"https:\/\/vr-room.ch\/it\/2018\/10\/30\/11574\/#article","isPartOf":{"@id":"https:\/\/vr-room.ch\/it\/2018\/10\/30\/11574\/"},"author":{"name":"Nathalie","@id":"http:\/\/vr-room.ch\/en\/#\/schema\/person\/1a03b3a6ced429fb4831f60fa2b37599"},"headline":"Limbic Chairs &#8211; luden w\u00e4hrend den VRDAYS zum sitzen ein","datePublished":"2018-10-30T06:41:21+00:00","mainEntityOfPage":{"@id":"https:\/\/vr-room.ch\/it\/2018\/10\/30\/11574\/"},"wordCount":352,"commentCount":0,"image":{"@id":"https:\/\/vr-room.ch\/it\/2018\/10\/30\/11574\/#primaryimage"},"thumbnailUrl":"https:\/\/vr-room.ch\/wp-content\/uploads\/2018\/10\/IMG_1967-scaled.jpg","articleSection":["Schweiz"],"inLanguage":"it-IT","potentialAction":[{"@type":"CommentAction","name":"Comment","target":["https:\/\/vr-room.ch\/it\/2018\/10\/30\/11574\/#respond"]}]},{"@type":"WebPage","@id":"https:\/\/vr-room.ch\/it\/2018\/10\/30\/11574\/","url":"https:\/\/vr-room.ch\/it\/2018\/10\/30\/11574\/","name":"Limbic Chairs - luden w\u00e4hrend den VRDAYS zum sitzen ein - Schweizer Virtual Reality News","isPartOf":{"@id":"http:\/\/vr-room.ch\/en\/#website"},"primaryImageOfPage":{"@id":"https:\/\/vr-room.ch\/it\/2018\/10\/30\/11574\/#primaryimage"},"image":{"@id":"https:\/\/vr-room.ch\/it\/2018\/10\/30\/11574\/#primaryimage"},"thumbnailUrl":"https:\/\/vr-room.ch\/wp-content\/uploads\/2018\/10\/IMG_1967-scaled.jpg","datePublished":"2018-10-30T06:41:21+00:00","author":{"@id":"http:\/\/vr-room.ch\/en\/#\/schema\/person\/1a03b3a6ced429fb4831f60fa2b37599"},"breadcrumb":{"@id":"https:\/\/vr-room.ch\/it\/2018\/10\/30\/11574\/#breadcrumb"},"inLanguage":"it-IT","potentialAction":[{"@type":"ReadAction","target":["https:\/\/vr-room.ch\/it\/2018\/10\/30\/11574\/"]}]},{"@type":"ImageObject","inLanguage":"it-IT","@id":"https:\/\/vr-room.ch\/it\/2018\/10\/30\/11574\/#primaryimage","url":"https:\/\/vr-room.ch\/wp-content\/uploads\/2018\/10\/IMG_1967-scaled.jpg","contentUrl":"https:\/\/vr-room.ch\/wp-content\/uploads\/2018\/10\/IMG_1967-scaled.jpg","width":2560,"height":1920},{"@type":"BreadcrumbList","@id":"https:\/\/vr-room.ch\/it\/2018\/10\/30\/11574\/#breadcrumb","itemListElement":[{"@type":"ListItem","position":1,"name":"Startseite","item":"http:\/\/vr-room.ch\/en\/"},{"@type":"ListItem","position":2,"name":"Limbic Chairs &#8211; luden w\u00e4hrend den VRDAYS zum sitzen ein"}]},{"@type":"WebSite","@id":"http:\/\/vr-room.ch\/en\/#website","url":"http:\/\/vr-room.ch\/en\/","name":"Notizie sulla realt\u00e0 virtuale in Svizzera","description":"","potentialAction":[{"@type":"SearchAction","target":{"@type":"EntryPoint","urlTemplate":"http:\/\/vr-room.ch\/en\/?s={search_term_string}"},"query-input":{"@type":"PropertyValueSpecification","valueRequired":true,"valueName":"search_term_string"}}],"inLanguage":"it-IT"},{"@type":"Person","@id":"http:\/\/vr-room.ch\/en\/#\/schema\/person\/1a03b3a6ced429fb4831f60fa2b37599","name":"Nathalie","image":{"@type":"ImageObject","inLanguage":"it-IT","@id":"https:\/\/vr-room.ch\/wp-content\/uploads\/2017\/01\/avatar_user_12_1484159890-96x96.jpg","url":"https:\/\/vr-room.ch\/wp-content\/uploads\/2017\/01\/avatar_user_12_1484159890-96x96.jpg","contentUrl":"https:\/\/vr-room.ch\/wp-content\/uploads\/2017\/01\/avatar_user_12_1484159890-96x96.jpg","caption":"Nathalie"},"url":"http:\/\/vr-room.ch\/it\/author\/nathalie\/"}]}},"_links":{"self":[{"href":"http:\/\/vr-room.ch\/it\/wp-json\/wp\/v2\/posts\/11574","targetHints":{"allow":["GET"]}}],"collection":[{"href":"http:\/\/vr-room.ch\/it\/wp-json\/wp\/v2\/posts"}],"about":[{"href":"http:\/\/vr-room.ch\/it\/wp-json\/wp\/v2\/types\/post"}],"author":[{"embeddable":true,"href":"http:\/\/vr-room.ch\/it\/wp-json\/wp\/v2\/users\/12"}],"replies":[{"embeddable":true,"href":"http:\/\/vr-room.ch\/it\/wp-json\/wp\/v2\/comments?post=11574"}],"version-history":[{"count":0,"href":"http:\/\/vr-room.ch\/it\/wp-json\/wp\/v2\/posts\/11574\/revisions"}],"wp:featuredmedia":[{"embeddable":true,"href":"http:\/\/vr-room.ch\/it\/wp-json\/wp\/v2\/media\/11576"}],"wp:attachment":[{"href":"http:\/\/vr-room.ch\/it\/wp-json\/wp\/v2\/media?parent=11574"}],"wp:term":[{"taxonomy":"category","embeddable":true,"href":"http:\/\/vr-room.ch\/it\/wp-json\/wp\/v2\/categories?post=11574"},{"taxonomy":"post_tag","embeddable":true,"href":"http:\/\/vr-room.ch\/it\/wp-json\/wp\/v2\/tags?post=11574"}],"curies":[{"name":"wp","href":"https:\/\/api.w.org\/{rel}","templated":true}]}}